{"id":32,"count":43,"description":"Hist\u00f3rias imperd\u00edveis em entrevistas com profissionais do r\u00e1dio das mais diversas \u00e1reas: narra\u00e7\u00e3o, locu\u00e7\u00e3o, produ\u00e7\u00e3o, sonoplastia e muito mais!","link":"https:\/\/radiofobia.com.br\/podcast\/category\/podcast\/radiofobia\/profissionais-do-radio\/","name":"Profissionais do r\u00e1dio","slug":"profissionais-do-radio","taxonomy":"category","parent":35,"meta":[],"_links":{"self":[{"href":"https:\/\/radiofobia.com.br\/podcast\/wp-json\/wp\/v2\/categories\/32","targetHints":{"allow":["GET"]}}],"collection":[{"href":"https:\/\/radiofobia.com.br\/podcast\/wp-json\/wp\/v2\/categories"}],"about":[{"href":"https:\/\/radiofobia.com.br\/podcast\/wp-json\/wp\/v2\/taxonomies\/category"}],"up":[{"embeddable":true,"href":"https:\/\/radiofobia.com.br\/podcast\/wp-json\/wp\/v2\/categories\/35"}],"wp:post_type":[{"href":"https:\/\/radiofobia.com.br\/podcast\/wp-json\/wp\/v2\/posts?categories=32"}],"curies":[{"name":"wp","href":"https:\/\/api.w.org\/{rel}","templated":true}]}}