{"id":86,"count":47,"description":"Entrevistas com profissionais da dublagem, pra conhecer o cora\u00e7\u00e3o que bate por tr\u00e1s de cada voz!","link":"https:\/\/radiofobia.com.br\/podcast\/category\/podcast\/radiofobia\/o-coracao-da-voz\/","name":"O cora\u00e7\u00e3o da voz","slug":"o-coracao-da-voz","taxonomy":"category","parent":35,"meta":[],"_links":{"self":[{"href":"https:\/\/radiofobia.com.br\/podcast\/wp-json\/wp\/v2\/categories\/86","targetHints":{"allow":["GET"]}}],"collection":[{"href":"https:\/\/radiofobia.com.br\/podcast\/wp-json\/wp\/v2\/categories"}],"about":[{"href":"https:\/\/radiofobia.com.br\/podcast\/wp-json\/wp\/v2\/taxonomies\/category"}],"up":[{"embeddable":true,"href":"https:\/\/radiofobia.com.br\/podcast\/wp-json\/wp\/v2\/categories\/35"}],"wp:post_type":[{"href":"https:\/\/radiofobia.com.br\/podcast\/wp-json\/wp\/v2\/posts?categories=86"}],"curies":[{"name":"wp","href":"https:\/\/api.w.org\/{rel}","templated":true}]}}