{"id":10763,"date":"2015-03-11T00:01:54","date_gmt":"2015-03-11T03:01:54","guid":{"rendered":"http:\/\/radiofobia.com.br\/?p=10763"},"modified":"2022-03-24T20:55:04","modified_gmt":"2022-03-24T23:55:04","slug":"alo-tenica-27-debate-futurologia-do-audio-campus-party-2015","status":"publish","type":"post","link":"https:\/\/radiofobia.com.br\/podcast\/2015\/03\/alo-tenica-27-debate-futurologia-do-audio-campus-party-2015\/","title":{"rendered":"Al\u00f4 T\u00e9nica! #27 &#8211; DEBATE: Futurologia do \u00e1udio &#8211; CPBR8"},"content":{"rendered":"<p><iframe title=\"Al\u00f4 T\u00e9nica! #27 \u2013 DEBATE: Futurologia do \u00e1udio \u2013 CPBR8\" src=\"https:\/\/omny.fm\/shows\/alo-tenica\/al-t-nica-27-debate-futurologia-do-udio-cpbr8\/embed\" width=\"100%\" height=\"180\" frameborder=\"0\"><\/iframe><\/p>\n<p><em><strong>Sauda\u00e7\u00f5es, ouvinte entusiasta do podcast!<\/strong><\/em><\/p>\n<p>Est\u00e1 no ar mais um\u00a0<strong><a href=\"http:\/\/twitter.com\/alotenica\" target=\"_blank\" rel=\"noopener\">Al\u00f4 T\u00e9nica!<\/a><\/strong>, o seu\u00a0podcast mensal sobre produ\u00e7\u00e3o de podcasts, apresentado por\u00a0<a style=\"font-weight: bold;\" href=\"http:\/\/twitter.com\/leoradiofobia\" target=\"_blank\" rel=\"noopener\">Leo Lopes<\/a>\u00a0e esclarecendo as mais diversas d\u00favidas e perguntas relacionadas \u00e0 produ\u00e7\u00e3o de podcasts.<\/p>\n<p>Esperamos com este programa\u00a0ajuda-lo a entender um pouco melhor os v\u00e1rios aspectos dessa m\u00eddia fascinante, e tamb\u00e9m\u00a0<strong>queremos receber seu feedback<\/strong> para que possamos melhorar e fazer um programa cada vez melhor pra voc\u00ea!<\/p>\n<p>No programa deste m\u00eas, publicamos o <em>\u00e1udio integral do debate<\/em> <strong>&#8220;Futurologia do \u00e1udio: 10 anos de podcast sem afetar o r\u00e1dio&#8221;<\/strong>, realizado\u00a0no dia <em>07 de fevereiro de 2015<\/em> dentro da <strong>8\u00aa edi\u00e7\u00e3o da Campus Party Brasil.<\/strong>\u00a0Al\u00e9m do Leo, participaram tamb\u00e9m:<\/p>\n<p>&#8211; <a href=\"https:\/\/twitter.com\/lucioluiz\" target=\"_blank\" rel=\"noopener\"><strong>Lucio Luiz<\/strong><\/a> <em>(<a href=\"http:\/\/marsupialeditora.com.br\/\" target=\"_blank\" rel=\"noopener\">Marsupial Editora<\/a> e <a href=\"http:\/\/www.papodegordo.com.br\/\" target=\"_blank\" rel=\"noopener\">Papo de Gordo<\/a>)<\/em><br \/>\n&#8211; <a href=\"https:\/\/www.facebook.com\/marcos.nascimento.3766?fref=ts\" target=\"_blank\" rel=\"noopener\"><strong>Marcos Nascimento<\/strong><\/a> <em>(<a href=\"http:\/\/eliteonline.co\/\" target=\"_blank\" rel=\"noopener\">Elite Online<\/a>)<\/em><br \/>\n&#8211; <a href=\"https:\/\/twitter.com\/miltonjung\" target=\"_blank\" rel=\"noopener\"><strong>Milton Jung<\/strong><\/a> (<a href=\"http:\/\/cbn.globoradio.globo.com\/\" target=\"_blank\" rel=\"noopener\">R\u00e1dio CBN<\/a>)<\/p>\n<p><strong>N\u00e3o se esque\u00e7a de interagir conosco nos coment\u00e1rios e nas redes sociais e deixar a sua opini\u00e3o sobre o tema!<\/strong><\/p>\n<p><strong><span style=\"color: #990000;\">Interaja com o Al\u00f4 T\u00e9nica! nas redes sociais:<\/span><\/strong><br \/>\n&#8211; <a href=\"http:\/\/twitter.com\/alotenica\" target=\"_blank\" rel=\"noopener\">Siga o <strong>@alotenica<\/strong> no tuV\u00edtter<\/a><br \/>\n&#8211; <a href=\"http:\/\/twitter.com\/leoradiofobia\" target=\"_blank\" rel=\"noopener\">Siga o <strong>@leoradiofobia<\/strong> no tuV\u00edtter<\/a><br \/>\n&#8211; <a href=\"http:\/\/twitter.com\/radiofobia\" target=\"_blank\" rel=\"noopener\">Siga o <strong>@radiofobia<\/strong> no tuV\u00edtter<\/a><br \/>\n&#8211; <a href=\"https:\/\/www.facebook.com\/alotenica\" target=\"_blank\" rel=\"noopener\">Curta a p\u00e1gina do <strong>Al\u00f4 T\u00e9nica<\/strong> no Facebook<\/a><br \/>\n&#8211;\u00a0<a href=\"https:\/\/www.facebook.com\/radiofobiapodcast\" target=\"_blank\" rel=\"noopener\">Curta a p\u00e1gina do\u00a0<strong>RADIOFOBIA<\/strong>\u00a0no Facebook<\/a><br \/>\n&#8211;\u00a0<a href=\"https:\/\/www.facebook.com\/radiofobiapm\" target=\"_blank\" rel=\"noopener\">Curta a p\u00e1gina da\u00a0<strong>RADIOFOBIA Podcast e Multim\u00eddia<\/strong>\u00a0no Facebook<\/a><\/p>\n<p><strong><span style=\"color: #990000;\">Conhe\u00e7a o\u00a0CURSO DE PODCAST:<\/span><\/strong><br \/>\n&#8211; <a href=\"http:\/\/www.cursodepodcast.com.br\" target=\"_blank\" rel=\"noopener\">Acesse <strong>www.cursodepodcast.com.br<\/strong><\/a><br \/>\n&#8211; <a href=\"https:\/\/twitter.com\/CursoDePodcast\" target=\"_blank\" rel=\"noopener\">Siga o <strong>@cursodepodcast<\/strong> no tuV\u00edtter<\/a><br \/>\n&#8211; <a href=\"https:\/\/www.youtube.com\/user\/cursodepodcast\" target=\"_blank\" rel=\"noopener\">Inscreva-se no canal do <strong>Curso de Podcast<\/strong> no YouTube<\/a><br \/>\n&#8211; <a href=\"https:\/\/www.facebook.com\/cursodepodcast\" target=\"_blank\" rel=\"noopener\">Curta a p\u00e1gina do <strong>Curso de Podcast<\/strong> no Facebook<\/a><\/p>\n<p><strong><span style=\"color: #990000;\">Reflex\u00f5es sobre o Podcast:<\/span><\/strong><br \/>\n&#8211; <a href=\"http:\/\/leolop.es\/reflexpodcast\" target=\"_blank\" rel=\"noopener\">Saiba como adquirir o livro f\u00edsico ou o e-book<\/a><\/p>\n<p><strong><span style=\"color: #990000;\">Logo e identidade visual do Al\u00f4 T\u00e9nica!:<\/span><\/strong><br \/>\n&#8211; <a href=\"http:\/\/www.agfoco.com.br\" target=\"_blank\" rel=\"noopener\">Ag\u00eancia Foco<\/a><\/p>\n<p><strong><span style=\"color: #990000;\">Cr\u00e9ditos das m\u00fasicas usadas neste programa:<\/span><\/strong><br \/>\n<em>&#8211; Music by Dan-O at <a href=\"http:\/\/DanoSongs.com\" target=\"_blank\" rel=\"noopener\">DanoSongs.com<\/a><\/em><br \/>\n<em> &#8211; Music by Kevin MacLeod (<a href=\"http:\/\/incompetech.com\" target=\"_blank\" rel=\"noopener\">incompetech.com<\/a>) licensed under Creative Commons: By Attribution 3.0 &#8211; <a href=\"http:\/\/creativecommons.org\/licenses\/by\/3.0\/\" target=\"_blank\" rel=\"noopener\">http:\/\/creativecommons.org\/licenses\/by\/3.0\/<\/a><\/em><\/p>\n<p><span style=\"color: #990000;\"><strong>Ou\u00e7a o Al\u00f4 T\u00e9nica! nos principais agregadores:<\/strong><\/span><br \/>\n&#8211; <a href=\"https:\/\/leolop.es\/alotenica_spotify\" target=\"_blank\" rel=\"noopener noreferrer\">Spotify<\/a><br \/>\n&#8211; <a href=\"https:\/\/leolop.es\/alotenica_googlepod\" target=\"_blank\" rel=\"noopener noreferrer\">Google Podcasts<\/a><br \/>\n&#8211; <a href=\"https:\/\/leolop.es\/rfpn_itunes\" target=\"_blank\" rel=\"noopener\">Apple Podcasts<\/a><br \/>\n&#8211; <a href=\"http:\/\/leolop.es\/alotenica_amazon\" target=\"_blank\" rel=\"noopener\">Amazon Music<\/a><br \/>\n&#8211; <a href=\"https:\/\/pca.st\/b2lM\" target=\"_blank\" rel=\"noopener noreferrer\">PocketCasts<\/a><\/p>\n<p><span style=\"color: #990000;\"><strong>E-mails:<\/strong><\/span><br \/>\nAjude-nos a fazer o programa enviando sua <em>colabora\u00e7\u00e3o<\/em>, <em>d\u00favida<\/em> ou <em>sugest\u00e3o de pauta<\/em> para <a href=\"mailto:alotenica@radiofobia.com.br\" target=\"_blank\" rel=\"noopener noreferrer\"><strong>alotenica@radiofobia.com.br<\/strong><\/a>!<\/p>\n<p><span style=\"color: #990000;\"><strong>Publicidade:<\/strong><\/span><br \/>\n<a href=\"http:\/\/leolop.es\/rfcontato\" target=\"_blank\" rel=\"noopener noreferrer\"><strong>Entre em contato<\/strong><\/a> e saiba como <em>anunciar sua marca, produto ou servi\u00e7o em nossos podcasts<\/em>.<\/p>\n","protected":false},"excerpt":{"rendered":"<p>No programa deste m\u00eas, publicamos a \u00edntegra do debate &#8220;Futurologia do \u00e1udio: 10 anos de podcast no Brasil sem abalar o r\u00e1dio&#8221;, realizado dia 07\/02\/2015 na Campus Party.<\/p>\n","protected":false},"author":2,"featured_media":12845,"comment_status":"open","ping_status":"closed","sticky":false,"template":"","format":"standard","meta":{"footnotes":""},"categories":[358,13],"tags":[359,428,429,430,11,423,431,433,14,90,15],"class_list":["post-10763","post","type-post","status-publish","format-standard","has-post-thumbnail","hentry","category-cursodepodcast","category-podcast","tag-alo-tenica","tag-campus-party-2015","tag-cbn","tag-debate","tag-leo-lopes","tag-lucio-luiz","tag-marcos-nascimento","tag-milton-jung","tag-podcast","tag-radio","tag-radiofobia"],"_links":{"self":[{"href":"https:\/\/radiofobia.com.br\/podcast\/wp-json\/wp\/v2\/posts\/10763","targetHints":{"allow":["GET"]}}],"collection":[{"href":"https:\/\/radiofobia.com.br\/podcast\/wp-json\/wp\/v2\/posts"}],"about":[{"href":"https:\/\/radiofobia.com.br\/podcast\/wp-json\/wp\/v2\/types\/post"}],"author":[{"embeddable":true,"href":"https:\/\/radiofobia.com.br\/podcast\/wp-json\/wp\/v2\/users\/2"}],"replies":[{"embeddable":true,"href":"https:\/\/radiofobia.com.br\/podcast\/wp-json\/wp\/v2\/comments?post=10763"}],"version-history":[{"count":3,"href":"https:\/\/radiofobia.com.br\/podcast\/wp-json\/wp\/v2\/posts\/10763\/revisions"}],"predecessor-version":[{"id":26655,"href":"https:\/\/radiofobia.com.br\/podcast\/wp-json\/wp\/v2\/posts\/10763\/revisions\/26655"}],"wp:featuredmedia":[{"embeddable":true,"href":"https:\/\/radiofobia.com.br\/podcast\/wp-json\/wp\/v2\/media\/12845"}],"wp:attachment":[{"href":"https:\/\/radiofobia.com.br\/podcast\/wp-json\/wp\/v2\/media?parent=10763"}],"wp:term":[{"taxonomy":"category","embeddable":true,"href":"https:\/\/radiofobia.com.br\/podcast\/wp-json\/wp\/v2\/categories?post=10763"},{"taxonomy":"post_tag","embeddable":true,"href":"https:\/\/radiofobia.com.br\/podcast\/wp-json\/wp\/v2\/tags?post=10763"}],"curies":[{"name":"wp","href":"https:\/\/api.w.org\/{rel}","templated":true}]}}