{"id":10827,"date":"2015-04-01T00:01:52","date_gmt":"2015-04-01T03:01:52","guid":{"rendered":"http:\/\/radiofobia.com.br\/podcast\/?p=10827"},"modified":"2022-03-14T21:27:07","modified_gmt":"2022-03-15T00:27:07","slug":"radiofobia-161-conjecturas-podcastais-sobre-radio","status":"publish","type":"post","link":"https:\/\/radiofobia.com.br\/podcast\/2015\/04\/radiofobia-161-conjecturas-podcastais-sobre-radio\/","title":{"rendered":"RADIOFOBIA 161 &#8211; Conjecturas podcastais sobre R\u00c1DIO"},"content":{"rendered":"<p><iframe title=\"RADIOFOBIA 161 \u2013 Conjecturas podcastais sobre R\u00c1DIO\" src=\"https:\/\/omny.fm\/shows\/radiofobia-podcast\/radiofobia-161-conjecturas-podcastais-sobre-r-dio\/embed\" width=\"100%\" height=\"180\" frameborder=\"0\"><\/iframe><\/p>\n<p><em><strong>Sauda\u00e7\u00f5es radiof\u00f4nicas, querido ouvinte\u00a0do R\u00e1diofobia-Lhes!<\/strong><\/em><\/p>\n<p><span style=\"line-height: 1.5em;\">Para o\u00a0pograma de hoje, nosso <em>gerente radiofob\u00e9tico<\/em>\u00a0<a href=\"https:\/\/twitter.com\/leoradiofobia\" target=\"_blank\" rel=\"noopener\"><strong>Leo Lopes<\/strong><\/a>\u00a0convocou os amigos <a href=\"https:\/\/twitter.com\/Iracroft\" target=\"_blank\" rel=\"noopener\"><strong>Ira Croft<\/strong><\/a>, <a href=\"https:\/\/twitter.com\/danielamonteiro\" target=\"_blank\" rel=\"noopener\"><strong>Daniela Monteiro<\/strong><\/a>, <a href=\"https:\/\/twitter.com\/marcoslauro\" target=\"_blank\" rel=\"noopener\"><strong>Marcos Lauro<\/strong><\/a> e <a href=\"https:\/\/twitter.com\/velhoechato\" target=\"_blank\" rel=\"noopener\"><strong>Thiago Japa<\/strong><\/a> para juntos baterem <em>um papo repleto de nostalgia e conjecturas<\/em> sobre suas <em>influ\u00eancias e todas as coisas que gostavam e sentem saudades<\/em> do bom e velho ve\u00edculo de comunica\u00e7\u00e3o chamado <strong>R\u00c1DIO<\/strong>!<\/span><\/p>\n<p>De onde vem essa <em>nossa paix\u00e3o pelo r\u00e1dio<\/em>? Quem foi influenciada pelo <em>locutor transante do Maranh\u00e3o<\/em>? Quem foi criado a\u00a0<em>caf\u00e9 com leite, vitamina de banana e r\u00e1dio AM<\/em>? Conhece aquela do <em>papagaio que ouvia r\u00e1dio o dia todo<\/em>? E quem tem <em>calafrios ao ouvir &#8220;Vambora, vambora! Olha a hora, vambora&#8230;&#8221;<\/em>?\u00a0Por que j\u00e1 <em>n\u00e3o sentimos tanta vontade de ouvir r\u00e1dio<\/em> como antes? Por que o <em>podcast se tornou nossa alternativa natural para o\u00a0r\u00e1dio<\/em>?<\/p>\n<p>Coloque pilhas no <em>Orelhinha<\/em>\u00a0ou no seu velho <em>Motor\u00e1dio<\/em>, fa\u00e7a um <em>gostoso caf\u00e9<\/em> e relaxe ouvido esse <em>epis\u00f3dio deliciosamente radiof\u00f4nico<\/em> do seu<em>\u00a0<strong>R\u00e1diofobia-Lhes<\/strong>!<\/em><\/p>\n<p><strong><span style=\"color: #990000;\">Recadalhos, surubex e TICLIMs:<\/span><\/strong><br \/>\n&#8211; <a href=\"http:\/\/cursodepodcast.com.br\/podcast-guia-basico\/\" target=\"_blank\" rel=\"noopener\">Saiba como adquirir as <strong>EDI\u00c7\u00d5ES DIGITAIS<\/strong> de <strong>&#8220;Podcast: guia b\u00e1sico&#8221;<\/strong> para Kindle e iBook<\/a><br \/>\n&#8211; <a href=\"http:\/\/www.skoob.com.br\/livro\/436411ED494509-podcast-guia-basico\" target=\"_blank\" rel=\"noopener\">P\u00e1gina do livro <strong>&#8220;Podcast: guia b\u00e1sico&#8221;<\/strong> no SKOOB<\/a><br \/>\n&#8211;\u00a0<a href=\"https:\/\/twitter.com\/radiofobia\" target=\"_blank\" rel=\"noopener\">Siga\u00a0<strong>@radiofobia<\/strong>\u00a0no tuV\u00edtter<\/a><br \/>\n&#8211;\u00a0<a href=\"https:\/\/www.facebook.com\/radiofobiapodcast\" target=\"_blank\" rel=\"noopener\">Curta a p\u00e1gina do\u00a0<strong>RADIOFOBIA<\/strong>\u00a0no Facebook<\/a><br \/>\n&#8211;\u00a0<a href=\"https:\/\/www.facebook.com\/radiofobiapm\" target=\"_blank\" rel=\"noopener\">Curta a p\u00e1gina da\u00a0<strong>RADIOFOBIA Podcast e Multim\u00eddia<\/strong>\u00a0no Facebook<\/a><\/p>\n<p><strong><span style=\"color: #990000;\">Conhe\u00e7a o\u00a0CURSO DE PODCAST:<\/span><\/strong><br \/>\n&#8211; <a href=\"http:\/\/www.cursodepodcast.com.br\" target=\"_blank\" rel=\"noopener\">Acesse <strong>www.cursodepodcast.com.br<\/strong><\/a><br \/>\n&#8211; <a href=\"https:\/\/twitter.com\/CursoDePodcast\" target=\"_blank\" rel=\"noopener\">Siga o <strong>@cursodepodcast<\/strong> no tuV\u00edtter<\/a><br \/>\n&#8211; <a href=\"https:\/\/www.youtube.com\/user\/cursodepodcast\" target=\"_blank\" rel=\"noopener\">Inscreva-se no canal do <strong>Curso de Podcast<\/strong> no YouTube<\/a><br \/>\n&#8211; <a href=\"https:\/\/www.facebook.com\/cursodepodcast\" target=\"_blank\" rel=\"noopener\">Curta a p\u00e1gina do <strong>Curso de Podcast<\/strong> no Facebook<\/a><\/p>\n<p><strong><span style=\"color: #990000;\">Mel\u00f3dias deste pograma:<\/span><\/strong><br \/>\n&#8211; <strong>Evaldo Braga<\/strong> &#8211; <em>Sorria, sorria<\/em><br \/>\n&#8211; <strong>Milion\u00e1rio e Jos\u00e9 Rico<\/strong> &#8211; <em>Estrada da vida<\/em><br \/>\n&#8211; <strong>Kenny Rogers e Bee Gees<\/strong> &#8211; <em>You and I<\/em><br \/>\n&#8211; <strong>When in Rome<\/strong> &#8211; <em>The Promise<\/em><br \/>\n&#8211; <strong>K\u00e1tia<\/strong> &#8211; <em>Lembran\u00e7as<\/em><br \/>\n&#8211; <strong>Odair Jos\u00e9<\/strong> &#8211; <em>Que Saudade de Voc\u00ea<\/em><br \/>\n&#8211; <strong>Mamonas Assassinas<\/strong> &#8211; <em>Vira vira<\/em><br \/>\n&#8211; <strong>Genival Lacerda<\/strong> &#8211; <em>Severina Xique-xique<\/em><\/p>\n<p><strong><span style=\"color: #990000;\">Links citados no pograma-Lhes:<\/span><\/strong><br \/>\n&#8211; <a href=\"https:\/\/www.youtube.com\/watch?v=CD_61GzSvi4\" target=\"_blank\" rel=\"noopener\">Abertura do programa do Z\u00e9 Bettio<\/a><br \/>\n&#8211; <a href=\"https:\/\/www.youtube.com\/watch?v=Eac7fjseXxk\" target=\"_blank\" rel=\"noopener\">Document\u00e1rio &#8220;Eli Correa, o homem-sorriso do r\u00e1dio&#8221;<\/a><br \/>\n&#8211; <a href=\"https:\/\/propagandasdegibi.files.wordpress.com\/2012\/09\/propaganda_orelhinha_383.jpg\" target=\"_blank\" rel=\"noopener\">R\u00e1dio &#8220;Orelhinha&#8221;<\/a><br \/>\n&#8211; <a href=\"http:\/\/eduardo.tetera.com.br\/wp-content\/uploads\/2011\/09\/teste-de-idade-fita-cassete-caneta-bic.jpg\" target=\"_blank\" rel=\"noopener\">Teste de idade &#8211; Fita k7 + caneta<\/a><br \/>\n&#8211; <a href=\"https:\/\/www.youtube.com\/watch?v=CswqrQItX6I\" target=\"_blank\" rel=\"noopener\">K\u00e1tia e Roberto Carlos cantando Lembran\u00e7as<\/a><br \/>\n&#8211; <a href=\"http:\/\/www.billboard.com.br\/\" target=\"_blank\" rel=\"noopener\">Billboard Brasil<\/a><br \/>\n&#8211; <a href=\"http:\/\/bestradiobrasil.com\/br\/\" target=\"_blank\" rel=\"noopener\">BestRadio Brasil<\/a><\/p>\n<p><span style=\"color: #990000;\"><strong>E-mails:<\/strong><\/span><br \/>\n<em>F\u00f3debeques<\/em> dos pogramas ou simples <em>abrax <\/em>e <em>recadalhos<\/em> podem ser enviados para <a title=\"[GMCP] Compose a new mail to podcast@radiofobia.com.br\" href=\"mailto:podcast@radiofobia.com.br\" target=\"blank\" rel=\"noreferrer\">podcast@radiofobia.com.br<\/a>!<\/p>\n<p><span style=\"color: #990000;\"><strong>Ou\u00e7a o R\u00e1diofobia Podcast nos principais agregadores:<\/strong><\/span><br \/>\n&#8211; <strong><a href=\"https:\/\/leolop.es\/rfobia_spotify\" target=\"_blank\" rel=\"noopener noreferrer\">Spotify<\/a><\/strong><br \/>\n&#8211; <strong><a href=\"https:\/\/leolop.es\/rfobia_googlepod\" target=\"_blank\" rel=\"noopener noreferrer\">Google Podcasts<\/a><\/strong><br \/>\n&#8211; <strong><a href=\"https:\/\/http:\/\/leolop.es\/rfitunes\" target=\"_blank\" rel=\"noopener noreferrer\">Apple Podcasts<\/a><\/strong><br \/>\n&#8211; <strong><a href=\"http:\/\/leolop.es\/rfobia_amazon\" target=\"_blank\" rel=\"noopener\">Amazon Music<\/a><\/strong><br \/>\n&#8211; <strong><a href=\"https:\/\/pca.st\/V12f\" target=\"_blank\" rel=\"noopener noreferrer\">PocketCasts<\/a><\/strong><\/p>\n<p><span style=\"color: #990000;\"><strong>Publicidade:<\/strong><\/span><br \/>\n<a href=\"http:\/\/leolop.es\/rfcontato\" target=\"_blank\" rel=\"noopener noreferrer\"><strong>Entre em contato<\/strong><\/a> e saiba como <em>anunciar sua marca, produto ou servi\u00e7o em nossos podcasts<\/em>.<\/p>\n","protected":false},"excerpt":{"rendered":"<p>No pograma de hoje, um papo nost\u00e1lgico sobre nossas principais influ\u00eancias e tudo aquilo que sentimos falta no nosso t\u00e3o amado R\u00c1DIO!<\/p>\n","protected":false},"author":2,"featured_media":12838,"comment_status":"open","ping_status":"closed","sticky":false,"template":"","format":"standard","meta":{"footnotes":""},"categories":[13,32,35],"tags":[131,560,11,53,625,14,609,90,15,626],"class_list":["post-10827","post","type-post","status-publish","format-standard","has-post-thumbnail","hentry","category-podcast","category-profissionais-do-radio","category-radiofobia","tag-daniela-monteiro","tag-ira-croft","tag-leo-lopes","tag-marcos-lauro","tag-nostalgia","tag-podcast","tag-radialistas","tag-radio","tag-radiofobia","tag-thiago-japa"],"_links":{"self":[{"href":"https:\/\/radiofobia.com.br\/podcast\/wp-json\/wp\/v2\/posts\/10827","targetHints":{"allow":["GET"]}}],"collection":[{"href":"https:\/\/radiofobia.com.br\/podcast\/wp-json\/wp\/v2\/posts"}],"about":[{"href":"https:\/\/radiofobia.com.br\/podcast\/wp-json\/wp\/v2\/types\/post"}],"author":[{"embeddable":true,"href":"https:\/\/radiofobia.com.br\/podcast\/wp-json\/wp\/v2\/users\/2"}],"replies":[{"embeddable":true,"href":"https:\/\/radiofobia.com.br\/podcast\/wp-json\/wp\/v2\/comments?post=10827"}],"version-history":[{"count":3,"href":"https:\/\/radiofobia.com.br\/podcast\/wp-json\/wp\/v2\/posts\/10827\/revisions"}],"predecessor-version":[{"id":26122,"href":"https:\/\/radiofobia.com.br\/podcast\/wp-json\/wp\/v2\/posts\/10827\/revisions\/26122"}],"wp:featuredmedia":[{"embeddable":true,"href":"https:\/\/radiofobia.com.br\/podcast\/wp-json\/wp\/v2\/media\/12838"}],"wp:attachment":[{"href":"https:\/\/radiofobia.com.br\/podcast\/wp-json\/wp\/v2\/media?parent=10827"}],"wp:term":[{"taxonomy":"category","embeddable":true,"href":"https:\/\/radiofobia.com.br\/podcast\/wp-json\/wp\/v2\/categories?post=10827"},{"taxonomy":"post_tag","embeddable":true,"href":"https:\/\/radiofobia.com.br\/podcast\/wp-json\/wp\/v2\/tags?post=10827"}],"curies":[{"name":"wp","href":"https:\/\/api.w.org\/{rel}","templated":true}]}}