{"id":1095,"date":"2010-10-28T00:03:27","date_gmt":"2010-10-28T02:03:27","guid":{"rendered":"http:\/\/radiofobia.com.br\/?p=1095"},"modified":"2022-03-09T22:03:01","modified_gmt":"2022-03-10T01:03:01","slug":"radiofobia-41-quem-manda-e-a-molecada","status":"publish","type":"post","link":"https:\/\/radiofobia.com.br\/podcast\/2010\/10\/radiofobia-41-quem-manda-e-a-molecada\/","title":{"rendered":"RADIOFOBIA 41 &#8211; Quem manda \u00e9 a molecada!"},"content":{"rendered":"<p><iframe title=\"RADIOFOBIA 41 \u2013 Quem manda \u00e9 a molecada!\" src=\"https:\/\/omny.fm\/shows\/radiofobia-podcast\/radiofobia-41-quem-manda-a-molecada\/embed\" width=\"100%\" height=\"180\" frameborder=\"0\"><\/iframe><\/p>\n<p>Neste segundo pograma do <strong>m\u00eas das crian\u00e7as<\/strong>,\u00a0<a id=\"aptureLink_ZazQRdtBpb\" href=\"http:\/\/twitter.com\/leoradiofobia\">Leo Lopes<\/a> resolveu dar desta baga\u00e7a e convocou seus\u00a0dois filhotes <strong>Lucas (8)<\/strong> e <strong>Leone (5)<\/strong>, <strong>as vozes padr\u00e3o das vinhetas do RADIOFOBIA<\/strong>, pra um papo infantil e descontra\u00eddo em fam\u00edlia sobre brincadeiras, desenhos, brinquedos, dinossauros e muito\u00a0besteirol!<\/p>\n<p>Prepare-se para saber <strong>quem gosta de muita coisa aqui nesse planeta<\/strong>, porque <strong>a mulher do Hulk pediu o div\u00f3rcio<\/strong>, conhe\u00e7a <strong>&#8220;Os Trapalh\u00f5es e o C\u00e1lice de Fogo&#8221;<\/strong> e aprenda <strong>a verdade sobre a extin\u00e7\u00e3o dos dinossauros<\/strong>!<\/p>\n<p>Afinal, depois de quase 2 anos de <strong>explora\u00e7\u00e3o do trabalho infantil<\/strong>, <strong>eles merecem se perfazer<\/strong> em um <strong>Especial de Dia das Crian\u00e7as!<\/strong><\/p>\n<p><span style=\"color: #990000;\"><strong>A lista das mel\u00f3dias preferidas da molecada:<\/strong><\/span><br \/>\n&#8211; <strong>Gipsy Kings<\/strong> &#8211; <em>Hay un amigo en mi<\/em><br \/>\n&#8211;<strong> A cidade dos artistas<\/strong> &#8211; <em>Elba Ramalho e Os Trapalh\u00f5es<\/em><br \/>\n&#8211; <strong>Honor Society e Os Esquilos<\/strong> &#8211; <em>You really got me<\/em><br \/>\n&#8211; <strong>Marcelo Coutinho e Deco Fiori<\/strong> &#8211; <em>Viva o Woody<\/em><br \/>\n&#8211; <strong>As Esquiletes<\/strong> &#8211;<em> Shake your groove thing<\/em><br \/>\n&#8211; <strong>Chico Buarque e Os Trapalh\u00f5es<\/strong> &#8211;<em> Piruetas<\/em><\/p>\n<p><strong><span style=\"color: #990000;\">Links citados na leitura de e-mails, abrax e recadalhos:<\/span><\/strong><br \/>\n&#8211; <a href=\"http:\/\/www.campus-party.com.br\" target=\"_blank\" rel=\"noopener noreferrer\">Campus Party 2011 &#8211; site oficial<\/a><br \/>\n&#8211; <a href=\"http:\/\/radiofobia.com.br\/2010\/10\/resultado-da-promoceta-pedra-leticia\/\" target=\"_blank\" rel=\"noopener noreferrer\">Resultado da promoceta que sorteou 2 DVDs do Pedra Let\u00edcia autografados pelo Fabiano Cambota<\/a><br \/>\n&#8211; <a href=\"http:\/\/gengibre.com.br\/perfil\/lucas_yas\" target=\"_blank\" rel=\"noopener noreferrer\">Perfil no Gengibre criado pelo Lucas Yassumura para seus recados de voz<\/a><\/p>\n<p><strong><span style=\"color: #990000;\">Links citados durante o pograma:<\/span><\/strong><br \/>\n&#8211; <a href=\"http:\/\/www.youtube.com\/watch?v=rx_izt7AXSw\" target=\"_blank\" rel=\"noopener noreferrer\">Pica-Pau: Ornitolomania<\/a><\/p>\n<p><span style=\"color: #990000;\"><strong>Ou\u00e7a o R\u00e1diofobia Podcast nos principais agregadores:<\/strong><\/span><br \/>\n&#8211; <strong><a href=\"https:\/\/leolop.es\/rfobia_spotify\" target=\"_blank\" rel=\"noopener noreferrer\">Spotify<\/a><\/strong><br \/>\n&#8211; <strong><a href=\"https:\/\/leolop.es\/rfobia_googlepod\" target=\"_blank\" rel=\"noopener noreferrer\">Google Podcasts<\/a><\/strong><br \/>\n&#8211; <strong><a href=\"https:\/\/http:\/\/leolop.es\/rfitunes\" target=\"_blank\" rel=\"noopener noreferrer\">Apple Podcasts<\/a><\/strong><br \/>\n&#8211; <strong><a href=\"http:\/\/leolop.es\/rfobia_amazon\" target=\"_blank\" rel=\"noopener\">Amazon Music<\/a><\/strong><br \/>\n&#8211; <strong><a href=\"https:\/\/pca.st\/V12f\" target=\"_blank\" rel=\"noopener noreferrer\">PocketCasts<\/a><\/strong><\/p>\n<p><span style=\"color: #990000;\"><strong>Publicidade:<\/strong><\/span><br \/>\n<a href=\"http:\/\/leolop.es\/rfcontato\" target=\"_blank\" rel=\"noopener noreferrer\"><strong>Entre em contato<\/strong><\/a> e saiba como <em>anunciar sua marca, produto ou servi\u00e7o em nossos podcasts<\/em>.<\/p>\n","protected":false},"excerpt":{"rendered":"<p>Um Especial de Dia das Crian\u00e7as em fam\u00edlia com Lucas e Leone, os verdadeiros donos do RADIOFOBIA!<\/p>\n","protected":false},"author":2,"featured_media":1117,"comment_status":"open","ping_status":"closed","sticky":false,"template":"","format":"standard","meta":{"footnotes":""},"categories":[13,35],"tags":[135,148,101,11,149,85,14,15],"class_list":["post-1095","post","type-post","status-publish","format-standard","has-post-thumbnail","hentry","category-podcast","category-radiofobia","tag-ao-vivo","tag-dia-das-criancas","tag-especial","tag-leo-lopes","tag-leone","tag-luquinha","tag-podcast","tag-radiofobia"],"_links":{"self":[{"href":"https:\/\/radiofobia.com.br\/podcast\/wp-json\/wp\/v2\/posts\/1095","targetHints":{"allow":["GET"]}}],"collection":[{"href":"https:\/\/radiofobia.com.br\/podcast\/wp-json\/wp\/v2\/posts"}],"about":[{"href":"https:\/\/radiofobia.com.br\/podcast\/wp-json\/wp\/v2\/types\/post"}],"author":[{"embeddable":true,"href":"https:\/\/radiofobia.com.br\/podcast\/wp-json\/wp\/v2\/users\/2"}],"replies":[{"embeddable":true,"href":"https:\/\/radiofobia.com.br\/podcast\/wp-json\/wp\/v2\/comments?post=1095"}],"version-history":[{"count":5,"href":"https:\/\/radiofobia.com.br\/podcast\/wp-json\/wp\/v2\/posts\/1095\/revisions"}],"predecessor-version":[{"id":25894,"href":"https:\/\/radiofobia.com.br\/podcast\/wp-json\/wp\/v2\/posts\/1095\/revisions\/25894"}],"wp:featuredmedia":[{"embeddable":true,"href":"https:\/\/radiofobia.com.br\/podcast\/wp-json\/wp\/v2\/media\/1117"}],"wp:attachment":[{"href":"https:\/\/radiofobia.com.br\/podcast\/wp-json\/wp\/v2\/media?parent=1095"}],"wp:term":[{"taxonomy":"category","embeddable":true,"href":"https:\/\/radiofobia.com.br\/podcast\/wp-json\/wp\/v2\/categories?post=1095"},{"taxonomy":"post_tag","embeddable":true,"href":"https:\/\/radiofobia.com.br\/podcast\/wp-json\/wp\/v2\/tags?post=1095"}],"curies":[{"name":"wp","href":"https:\/\/api.w.org\/{rel}","templated":true}]}}