{"id":12933,"date":"2009-03-21T03:06:00","date_gmt":"2009-03-21T06:06:00","guid":{"rendered":"http:\/\/radiofobia.com.br\/novosite\/?p=24"},"modified":"2022-03-08T21:14:37","modified_gmt":"2022-03-09T00:14:37","slug":"radiofobia-3-com-mike-mattos-do-anima-tunes-parte-2","status":"publish","type":"post","link":"https:\/\/radiofobia.com.br\/podcast\/2009\/03\/radiofobia-3-com-mike-mattos-do-anima-tunes-parte-2\/","title":{"rendered":"RADIOFOBIA 3 &#8211; com Mike Mattos, do Anima Tunes (Parte 2)"},"content":{"rendered":"<p><iframe title=\"RADIOFOBIA 3 \u2013 com Mike Mattos, do Anima Tunes (Parte 2)\" src=\"https:\/\/omny.fm\/shows\/radiofobia-podcast\/radiofobia-3-com-mike-mattos-do-anima-tunes-parte\/embed\" width=\"100%\" height=\"180\" frameborder=\"0\"><\/iframe><\/p>\n<p>Ol\u00e1\u00e1\u00e1\u00e1, tudo beeeeem? C\u00e1 estamos n\u00f3s com mais um <span style=\"font-weight: bold;\">podcast<\/span> do <span style=\"font-weight: bold;\">RADIOFOBIA<\/span>! Chegamos ao <span style=\"font-weight: bold;\">programa 3<\/span> e sim, estamos orgulhosos de nossa persist\u00eancia!<\/p>\n<p>Hoje (ou qualquer outro dia daqui at\u00e9 a eternidade, bastando dar <span style=\"font-style: italic;\">play<\/span> no mp3&#8230;) voc\u00ea vai ouvir a segunda e \u00faltima parte da entrevista com nosso amigo <span style=\"font-weight: bold;\">Mike Mattos<\/span>, do <a href=\"http:\/\/www.animatunes.com.br\/\"><span style=\"font-weight: bold;\">Anima Tunes &#8211; o site que anima a galera<\/span><\/a>!<\/p>\n<p>Uma certeza: deixamos o melhor para o final!<\/p>\n<p><span style=\"font-style: italic; font-weight: bold;\">Card\u00e1pio do dia:<\/span><br \/>\n<a href=\"http:\/\/www.orkut.com.br\/Main#Album.aspx?uid=1806292891831277437&amp;aid=1\"><img decoding=\"async\" id=\"BLOGGER_PHOTO_ID_5315468502731385522\" style=\"float: right; margin: 0pt 0pt 10px 10px; width: 224px; cursor: pointer; height: 171px;\" src=\"http:\/\/3.bp.blogspot.com\/_mGlFhDZ2MV8\/ScRWcNAU6rI\/AAAAAAAAADk\/7bD6XWsm_X4\/s200\/marmelada.jpg\" alt=\"\" border=\"0\" \/><\/a><br \/>\n&#8211; <span style=\"font-weight: bold;\">Trote do N\u00f4el<\/span>, quadro novo produzido por nosso agregado &#8220;profissa&#8221; <span style=\"font-weight: bold;\">Gerson Correa<\/span>;<\/p>\n<p>&#8211; Hist\u00f3ria do Marmelada, programa que <span style=\"font-weight: bold;\">Marg Margs <\/span>e <span style=\"font-weight: bold;\">Pereirinha<\/span> apresentavam nas manh\u00e3s da <span style=\"font-weight: bold;\">Apollo FM<\/span> <span style=\"font-style: italic;\">(foto)<\/span>;<\/p>\n<p>&#8211; A generosidade e gratid\u00e3o de <a href=\"http:\/\/www.tvaqui.com.br\/site\/wp-content\/uploads\/2008\/08\/emilio-140x150.jpg\">Emilho Saudita<\/a> pelos caras do Anima;<\/p>\n<p>&#8211; <a href=\"http:\/\/www.polimidiastudio.com.br\/\">O caso de amor entre Mike Mattos e Baltazar Paprocki<\/a>;<\/p>\n<p>&#8211; A galera do Anima d\u00e1 o seu recado!<\/p>\n<p><span style=\"font-weight: bold;\">Links citados no programa:<\/span><\/p>\n<p>&#8211; <a href=\"http:\/\/www.youtube.com\/user\/mikemattos\">Canal Anima Tunes no YouTube<\/a><\/p>\n<p>&#8211; <a href=\"http:\/\/www.animatunes.com.br\/animacoes\/?a=2008\/07\/20\/\">Charge dos Ronaldos e suas pan\u00e7as!<\/a><\/p>\n<p>&#8211; <a href=\"http:\/\/www.animatunes.com.br\/animacoes\/?a=2007\/11\/16\/\">Charge do Bel Parques e Do Presidente <span style=\"font-style: italic;\">(olha, olha, olha, olha, olha o Etanoooolll!)<\/span><\/a><\/p>\n<p>&#8211; <a href=\"http:\/\/www.animatunes.com.br\/videos\/?a=2007\/11\/13\/\">Pegadinha do colch\u00e3o falso &#8211; Leo dubla Faust\u00e3o<\/a><\/p>\n<p>Participe da campanha <span style=\"font-weight: bold;\">&#8220;Fa\u00e7a um amigo(a) feliz&#8221;<\/span>! Baixe o <span style=\"font-weight: bold;\">RADIOFOBIA no seu mp3<\/span>, chegue por tr\u00e1s em sil\u00eancio e <span style=\"font-weight: bold;\">meta<\/span> <span style=\"font-style: italic;\">(ui!) <\/span>o fone no ouvido dele(a). Voc\u00ea pode at\u00e9 levar uma bifa, mas ser\u00e1 por uma boa causa!<\/p>\n<p><span style=\"color: #990000;\"><strong>Ou\u00e7a o R\u00e1diofobia Podcast nos principais agregadores:<\/strong><\/span><br \/>\n&#8211; <strong><a href=\"https:\/\/leolop.es\/rfobia_spotify\" target=\"_blank\" rel=\"noopener noreferrer\">Spotify<\/a><\/strong><br \/>\n&#8211; <strong><a href=\"https:\/\/leolop.es\/rfobia_googlepod\" target=\"_blank\" rel=\"noopener noreferrer\">Google Podcasts<\/a><\/strong><br \/>\n&#8211; <strong><a href=\"https:\/\/http:\/\/leolop.es\/rfitunes\" target=\"_blank\" rel=\"noopener noreferrer\">Apple Podcasts<\/a><\/strong><br \/>\n&#8211; <strong><a href=\"http:\/\/leolop.es\/rfobia_amazon\" target=\"_blank\" rel=\"noopener\">Amazon Music<\/a><\/strong><br \/>\n&#8211; <strong><a href=\"https:\/\/pca.st\/V12f\" target=\"_blank\" rel=\"noopener noreferrer\">PocketCasts<\/a><\/strong><\/p>\n<p><span style=\"color: #990000;\"><strong>Publicidade:<\/strong><\/span><br \/>\n<a href=\"http:\/\/leolop.es\/rfcontato\" target=\"_blank\" rel=\"noopener noreferrer\"><strong>Entre em contato<\/strong><\/a> e saiba como <em>anunciar sua marca, produto ou servi\u00e7o em nossos podcasts<\/em>.<\/p>\n","protected":false},"excerpt":{"rendered":"<p>Continua\u00e7\u00e3o da conversa maluca com Mike Mattos, um dos pr\u00f3prio ot\u00e1rios do Anima Tunes!<\/p>\n","protected":false},"author":2,"featured_media":4777,"comment_status":"open","ping_status":"closed","sticky":false,"template":"","format":"standard","meta":{"footnotes":""},"categories":[26,13,32,35],"tags":[38,28,11,39,33,15],"class_list":["post-12933","post","type-post","status-publish","format-standard","has-post-thumbnail","hentry","category-humoristas","category-podcast","category-profissionais-do-radio","category-radiofobia","tag-anima-tunes","tag-laurito","tag-leo-lopes","tag-mike-mattos","tag-quessa","tag-radiofobia"],"_links":{"self":[{"href":"https:\/\/radiofobia.com.br\/podcast\/wp-json\/wp\/v2\/posts\/12933","targetHints":{"allow":["GET"]}}],"collection":[{"href":"https:\/\/radiofobia.com.br\/podcast\/wp-json\/wp\/v2\/posts"}],"about":[{"href":"https:\/\/radiofobia.com.br\/podcast\/wp-json\/wp\/v2\/types\/post"}],"author":[{"embeddable":true,"href":"https:\/\/radiofobia.com.br\/podcast\/wp-json\/wp\/v2\/users\/2"}],"replies":[{"embeddable":true,"href":"https:\/\/radiofobia.com.br\/podcast\/wp-json\/wp\/v2\/comments?post=12933"}],"version-history":[{"count":6,"href":"https:\/\/radiofobia.com.br\/podcast\/wp-json\/wp\/v2\/posts\/12933\/revisions"}],"predecessor-version":[{"id":25830,"href":"https:\/\/radiofobia.com.br\/podcast\/wp-json\/wp\/v2\/posts\/12933\/revisions\/25830"}],"wp:featuredmedia":[{"embeddable":true,"href":"https:\/\/radiofobia.com.br\/podcast\/wp-json\/wp\/v2\/media\/4777"}],"wp:attachment":[{"href":"https:\/\/radiofobia.com.br\/podcast\/wp-json\/wp\/v2\/media?parent=12933"}],"wp:term":[{"taxonomy":"category","embeddable":true,"href":"https:\/\/radiofobia.com.br\/podcast\/wp-json\/wp\/v2\/categories?post=12933"},{"taxonomy":"post_tag","embeddable":true,"href":"https:\/\/radiofobia.com.br\/podcast\/wp-json\/wp\/v2\/tags?post=12933"}],"curies":[{"name":"wp","href":"https:\/\/api.w.org\/{rel}","templated":true}]}}