{"id":13503,"date":"2015-12-28T00:01:17","date_gmt":"2015-12-28T02:01:17","guid":{"rendered":"http:\/\/radiofobia.com.br\/podcast\/?p=13503"},"modified":"2022-03-14T22:04:46","modified_gmt":"2022-03-15T01:04:46","slug":"radiofobia-180-conjecturas-podcastais-sobre-storytelling","status":"publish","type":"post","link":"https:\/\/radiofobia.com.br\/podcast\/2015\/12\/radiofobia-180-conjecturas-podcastais-sobre-storytelling\/","title":{"rendered":"RADIOFOBIA 180 &#8211; Conjecturas podcastais sobre Storytelling"},"content":{"rendered":"<p><iframe title=\"RADIOFOBIA 180 \u2013 Conjecturas podcastais sobre Storytelling\" src=\"https:\/\/omny.fm\/shows\/radiofobia-podcast\/radiofobia-180-conjecturas-podcastais-sobre-storyt\/embed\" width=\"100%\" height=\"180\" frameborder=\"0\"><\/iframe><\/p>\n<p><em><strong>Sauda\u00e7\u00f5es, querido e fiel ouvinte do R\u00e1diofobia-Lhes!<\/strong><\/em><\/p>\n<p><span style=\"line-height: 1.5em;\">No \u00faltimo pograma do ano, <strong><a href=\"https:\/\/twitter.com\/leoradiofobia\" target=\"_blank\" rel=\"noopener\">Leo Lopes<\/a><\/strong>\u00a0convidou o colega podcasteiro <strong><a href=\"https:\/\/twitter.com\/ThiagoMiro\" target=\"_blank\" rel=\"noopener\">Thiago Miro<\/a><\/strong> <em>(<a href=\"http:\/\/mundopodcast.com.br\/\" target=\"_blank\" rel=\"noopener\">Mundo Podcast<\/a>)<\/em> e os contadores de hist\u00f3rias podcastais <strong><a href=\"https:\/\/twitter.com\/mizanzuk\" target=\"_blank\" rel=\"noopener\">Ivan Mizanzuk<\/a><\/strong> <em>(<a href=\"http:\/\/www.b9.com.br\/podcasts\/anticast\/\" target=\"_blank\" rel=\"noopener\">AntiCast<\/a> \/ <a href=\"http:\/\/projetohumanos.com.br\/\" target=\"_blank\" rel=\"noopener\">Projeto Humanos<\/a>)<\/em>, <strong><a href=\"https:\/\/twitter.com\/rodriguesigor\" target=\"_blank\" rel=\"noopener\">Igor Rodrigues<\/a><\/strong> <em>(<a href=\"http:\/\/vidasonora.org\/\" target=\"_blank\" rel=\"noopener\">Vida Sonora<\/a>)<\/em> e <strong><a href=\"https:\/\/twitter.com\/andremonsev\" target=\"_blank\" rel=\"noopener\">Andr\u00e9 Monsev<\/a><\/strong> <em>(<a href=\"https:\/\/deliriumoficial.com\/\" target=\"_blank\" rel=\"noopener\">A Voz de Delirium<\/a>)<\/em> para um papo sobre <strong>STORYTELLING<\/strong>!<\/span><\/p>\n<p>Qual a diferen\u00e7a entre o formato Storytelling e a tradicional &#8220;conta\u00e7\u00e3o de hist\u00f3rias&#8221; que n\u00f3s conhecemos? Por que as pessoas s\u00e3o t\u00e3o fascinadas por esse formato? O que diferencia Storytelling de\u00a0audiodramas? Por que o podcast <a href=\"https:\/\/serialpodcast.org\/\" target=\"_blank\" rel=\"noopener\">Serial<\/a> teve tanta repercuss\u00e3o? Quais as inspira\u00e7\u00f5es e como \u00e9 o processo de produ\u00e7\u00e3o\u00a0dos nossos convidados? Quais os desafios de se fazer podcasts de Storytelling nacionais?<\/p>\n<p>N\u00e3o se esque\u00e7a de <strong>compartilhar conosco suas impress\u00f5es e ideias nos coment\u00e1rios do post<\/strong>, e acima de tudo ande olhando pra cima, porque <strong>o grande p\u00e1ssaro est\u00e1 chegado<\/strong>!<\/p>\n<p><strong><span style=\"color: #990000;\">Recadalhos, surubex e TICLIMs:<\/span><\/strong><br \/>\n&#8211; <a href=\"http:\/\/cursodepodcast.com.br\/podcast-guia-basico\/\" target=\"_blank\" rel=\"noopener\">Saiba como adquirir as <strong>EDI\u00c7\u00d5ES DIGITAIS<\/strong> de <strong>&#8220;Podcast: guia b\u00e1sico&#8221;<\/strong> para Kindle, iBook e ePub<\/a><br \/>\n&#8211; <a href=\"http:\/\/www.skoob.com.br\/livro\/436411ED494509-podcast-guia-basico\" target=\"_blank\" rel=\"noopener\">P\u00e1gina do livro <strong>&#8220;Podcast: guia b\u00e1sico&#8221;<\/strong> no SKOOB<\/a><br \/>\n&#8211;\u00a0<a href=\"https:\/\/twitter.com\/radiofobia\" target=\"_blank\" rel=\"noopener\">Siga\u00a0<strong>@radiofobia<\/strong>\u00a0no tuV\u00edtter<\/a><br \/>\n&#8211;\u00a0<a href=\"https:\/\/www.facebook.com\/radiofobiapodcast\" target=\"_blank\" rel=\"noopener\">Curta a p\u00e1gina do\u00a0<strong>RADIOFOBIA<\/strong>\u00a0no Facebook<\/a><br \/>\n&#8211;\u00a0<a href=\"https:\/\/www.facebook.com\/radiofobiapm\" target=\"_blank\" rel=\"noopener\">Curta a p\u00e1gina da\u00a0<strong>RADIOFOBIA Podcast e Multim\u00eddia<\/strong>\u00a0no Facebook<\/a><\/p>\n<p><strong><span style=\"color: #990000;\">Links citados no pograma:<\/span><\/strong><br \/>\n&#8211; <a href=\"http:\/\/www.pqpcast.com\/blog\/s03e20\" target=\"_blank\" rel=\"noopener\">PQP Cast &#8211; Por qu\u00ea Storytelling \u00e9 a nova onda?<\/a><br \/>\n&#8211; <a href=\"http:\/\/www.thedudes.com.br\/dudes-entrevistam-1-a-voz-de-delirium\/\" target=\"_blank\" rel=\"noopener\">Dudes Entrevistam #01 &#8211; A Voz de Delirium<\/a><br \/>\n&#8211; <a href=\"http:\/\/jcrs.uol.com.br\/_conteudo\/2015\/12\/ge\/noticias\/470155-fala-que-eu-te-escuto.html\" target=\"_blank\" rel=\"noopener\">Artigo sobre podcast no Jornal do Com\u00e9rcio<\/a><br \/>\n&#8211; <a href=\"https:\/\/soundcloud.com\/projetohumanos\/piloto-o-bom-de-briga\" target=\"_blank\" rel=\"noopener\">Projeto Humano &#8211; Piloto &#8211; O Bom De Briga<\/a><br \/>\n&#8211; <a href=\"http:\/\/www.portalcafebrasil.com.br\/todos\/lidercast\/\" target=\"_blank\" rel=\"noopener\">L\u00edderCast<\/a><\/p>\n<p><strong><span style=\"color: #990000;\">Conhe\u00e7a o\u00a0CURSO DE PODCAST:<\/span><\/strong><br \/>\n&#8211; <a href=\"http:\/\/www.cursodepodcast.com.br\" target=\"_blank\" rel=\"noopener\">Acesse <strong>www.cursodepodcast.com.br<\/strong><\/a><br \/>\n&#8211; <a href=\"https:\/\/twitter.com\/CursoDePodcast\" target=\"_blank\" rel=\"noopener\">Siga o <strong>@cursodepodcast<\/strong> no tuV\u00edtter<\/a><br \/>\n&#8211; <a href=\"https:\/\/www.youtube.com\/user\/cursodepodcast\" target=\"_blank\" rel=\"noopener\">Inscreva-se no canal do <strong>Curso de Podcast<\/strong> no YouTube<\/a><br \/>\n&#8211; <a href=\"https:\/\/www.facebook.com\/cursodepodcast\" target=\"_blank\" rel=\"noopener\">Curta a p\u00e1gina do <strong>Curso de Podcast<\/strong> no Facebook<\/a><\/p>\n<p><span style=\"color: #990000;\"><strong>E-mails:<\/strong><\/span><br \/>\n<em>F\u00f3debeques<\/em> dos pogramas ou simples <em>abrax <\/em>e <em>recadalhos<\/em> podem ser enviados para <a title=\"[GMCP] Compose a new mail to podcast@radiofobia.com.br\" href=\"mailto:podcast@radiofobia.com.br\" target=\"blank\" rel=\"noreferrer\">podcast@radiofobia.com.br<\/a>!<\/p>\n<p><span style=\"color: #990000;\"><strong>Ou\u00e7a o R\u00e1diofobia Podcast nos principais agregadores:<\/strong><\/span><br \/>\n&#8211; <strong><a href=\"https:\/\/leolop.es\/rfobia_spotify\" target=\"_blank\" rel=\"noopener noreferrer\">Spotify<\/a><\/strong><br \/>\n&#8211; <strong><a href=\"https:\/\/leolop.es\/rfobia_googlepod\" target=\"_blank\" rel=\"noopener noreferrer\">Google Podcasts<\/a><\/strong><br \/>\n&#8211; <strong><a href=\"https:\/\/http:\/\/leolop.es\/rfitunes\" target=\"_blank\" rel=\"noopener noreferrer\">Apple Podcasts<\/a><\/strong><br \/>\n&#8211; <strong><a href=\"http:\/\/leolop.es\/rfobia_amazon\" target=\"_blank\" rel=\"noopener\">Amazon Music<\/a><\/strong><br \/>\n&#8211; <strong><a href=\"https:\/\/pca.st\/V12f\" target=\"_blank\" rel=\"noopener noreferrer\">PocketCasts<\/a><\/strong><\/p>\n<p><span style=\"color: #990000;\"><strong>Publicidade:<\/strong><\/span><br \/>\n<a href=\"http:\/\/leolop.es\/rfcontato\" target=\"_blank\" rel=\"noopener noreferrer\"><strong>Entre em contato<\/strong><\/a> e saiba como <em>anunciar sua marca, produto ou servi\u00e7o em nossos podcasts<\/em>.<\/p>\n","protected":false},"excerpt":{"rendered":"<p>No \u00faltimo pograma de 2015, convidamos alguns amigos para falar sobre sua experi\u00eancia produzindo podcasts no formato Storytelling!<\/p>\n","protected":false},"author":2,"featured_media":13506,"comment_status":"open","ping_status":"closed","sticky":false,"template":"","format":"standard","meta":{"footnotes":""},"categories":[13,35],"tags":[995,993,992,991,11,14,185,997,15,994,959,996],"class_list":["post-13503","post","type-post","status-publish","format-standard","has-post-thumbnail","hentry","category-podcast","category-radiofobia","tag-a-voz-de-delirium","tag-andre-monsev","tag-igor-rodrigues","tag-ivan-mizanzuk","tag-leo-lopes","tag-podcast","tag-podosfera","tag-projeto-humanos","tag-radiofobia","tag-storytelling","tag-thiago-miro","tag-vida-sonora"],"_links":{"self":[{"href":"https:\/\/radiofobia.com.br\/podcast\/wp-json\/wp\/v2\/posts\/13503","targetHints":{"allow":["GET"]}}],"collection":[{"href":"https:\/\/radiofobia.com.br\/podcast\/wp-json\/wp\/v2\/posts"}],"about":[{"href":"https:\/\/radiofobia.com.br\/podcast\/wp-json\/wp\/v2\/types\/post"}],"author":[{"embeddable":true,"href":"https:\/\/radiofobia.com.br\/podcast\/wp-json\/wp\/v2\/users\/2"}],"replies":[{"embeddable":true,"href":"https:\/\/radiofobia.com.br\/podcast\/wp-json\/wp\/v2\/comments?post=13503"}],"version-history":[{"count":2,"href":"https:\/\/radiofobia.com.br\/podcast\/wp-json\/wp\/v2\/posts\/13503\/revisions"}],"predecessor-version":[{"id":26153,"href":"https:\/\/radiofobia.com.br\/podcast\/wp-json\/wp\/v2\/posts\/13503\/revisions\/26153"}],"wp:featuredmedia":[{"embeddable":true,"href":"https:\/\/radiofobia.com.br\/podcast\/wp-json\/wp\/v2\/media\/13506"}],"wp:attachment":[{"href":"https:\/\/radiofobia.com.br\/podcast\/wp-json\/wp\/v2\/media?parent=13503"}],"wp:term":[{"taxonomy":"category","embeddable":true,"href":"https:\/\/radiofobia.com.br\/podcast\/wp-json\/wp\/v2\/categories?post=13503"},{"taxonomy":"post_tag","embeddable":true,"href":"https:\/\/radiofobia.com.br\/podcast\/wp-json\/wp\/v2\/tags?post=13503"}],"curies":[{"name":"wp","href":"https:\/\/api.w.org\/{rel}","templated":true}]}}