{"id":14179,"date":"2016-10-24T00:01:49","date_gmt":"2016-10-24T02:01:49","guid":{"rendered":"http:\/\/radiofobia.com.br\/podcast\/?p=14179"},"modified":"2022-03-15T15:53:09","modified_gmt":"2022-03-15T18:53:09","slug":"radiofobia-classics-38-belchior","status":"publish","type":"post","link":"https:\/\/radiofobia.com.br\/podcast\/2016\/10\/radiofobia-classics-38-belchior\/","title":{"rendered":"R\u00c1DIOFOBIA Classics #38 &#8211; Belchior"},"content":{"rendered":"<p><iframe title=\"R\u00c1DIOFOBIA Classics #38 \u2013 Belchior\" src=\"https:\/\/omny.fm\/shows\/radiofobia-classics\/r-diofobia-classics-38-belchior\/embed\" width=\"100%\" height=\"180\" frameborder=\"0\"><\/iframe><\/p>\n<p><em><strong>Sauda\u00e7\u00f5es, ouvinte do R\u00c1DIOFOBIA Classics!<\/strong><\/em><\/p>\n<p>Seja bem vindo ao <strong>R\u00c1DIOFOBIA Classics, <\/strong>nosso podcast musical apresentado por\u00a0<strong><a href=\"http:\/\/twitter.com\/leoradiofobia\" target=\"_blank\" rel=\"noopener\">Leo Lopes<\/a><\/strong>!<\/p>\n<p>Nesta atra\u00e7\u00e3o apresentamos um pouco da\u00a0<strong>hist\u00f3ria dos principais artistas da m\u00fasica mundial<\/strong>, assim como <strong>alguns de seus maiores sucessos<\/strong>, revivendo um estilo de programas especiais que costum\u00e1vamos ouvir no r\u00e1dio nos anos 1980 e 1990. Nossa inten\u00e7\u00e3o \u00e9 trazer m\u00fasica de qualidade e ao mesmo tempo apresentar uma vis\u00e3o geral da hist\u00f3ria musical desses grandes artistas!<\/p>\n<p>Neste\u00a0m\u00eas de outubro de 2016, produzimos\u00a0um programa especial em homenagem\u00a0a um <em>cantor e compositor da MPB\u00a0que est\u00e1 completando 70 anos de idade<\/em>, assim como celebrar os <em>40 anos do lan\u00e7amento do seu \u00e1lbum de maior sucesso<\/em>! Estamos falando do cearense <strong>BELCHIOR<\/strong> e do seu \u00e1lbum <strong>Alucina\u00e7\u00e3o<\/strong>, lan\u00e7ado em 1976!<\/p>\n<p>Dono de uma voz e de um estilo de interpreta\u00e7\u00e3o inconfund\u00edveis, Belchior fez parte do movimento &#8220;Pessoal do Cear\u00e1&#8221; no in\u00edcio dos anos 1970, tendo vencido em 1971 o\u00a0IV Festival Universit\u00e1rio de M\u00fasica Brasileira, colocando seu nome definitivamente na lista dos principais int\u00e9rpretes nacionais. Detentor de vasta cultura, al\u00e9m da m\u00fasica Belchior tamb\u00e9m se dedicou \u00e0 pintura, poesia e caricatura, e foi com estranhamento que o p\u00fablico e a cr\u00edtica reagiram \u00e0 sua reclus\u00e3o e at\u00e9 desaparecimento a partir de 2005, situa\u00e7\u00e3o que vem se desenrolando at\u00e9 hoje.<\/p>\n<p>Mas como m\u00fasica boa est\u00e1 no DNA deste programa, celebramos os 70 anos de Belchior <em>apresentando sua biografia e tocando 27 sucessos<\/em> inesquec\u00edveis!<\/p>\n<p><em>\u00c9 hora de ouvir muita MPB da melhor qualidade em mais um epis\u00f3dio feito no capricho do seu\u00a0<strong>R\u00c1DIOFOBIA Classics<\/strong>!<\/em><\/p>\n<p><strong>Diz pra gente o que achou do programa<\/strong> e <strong>indique sua banda ou artista preferido,\u00a0<span style=\"text-decoration: underline;\">nacional ou internacional<\/span><\/strong>, deixando seus coment\u00e1rios no post ou ent\u00e3o enviando um e-mail para <strong><a title=\"[GMCP] Compose a new mail to classics@radiofobia.com.br\" href=\"mailto:classics@radiofobia.com.br\" target=\"_blank\" rel=\"noopener noreferrer\">classics@radiofobia.com.br<\/a><\/strong> ! <strong>Voc\u00ea tamb\u00e9m pode colaborar rascunhando uma pauta sobre sua indica\u00e7\u00e3o!<\/strong> Baixe os modelos <a href=\"http:\/\/leolop.es\/pautaclassics\" target=\"_blank\" rel=\"noopener\"><strong>clicando aqui<\/strong><\/a>, capriche no texto e na pesquisa e envie por e-mail com seu <strong>nome, idade, ocupa\u00e7\u00e3o e cidade onde mora<\/strong>, para podermos dar os devidos cr\u00e9ditos quando (ou se&#8230;) o programa for ao ar!<\/p>\n<p><strong><span style=\"color: #990000;\">No programa de hoje voc\u00ea vai ouvir:<\/span><\/strong><br \/>\n<em>&#8211; Apenas um rapaz latino americano<\/em><br \/>\n<em> &#8211; Medo de Avi\u00e3o<\/em><br \/>\n<em> &#8211; Tudo outra vez<\/em><br \/>\n<em> &#8211; Divina com\u00e9dia humana<\/em><br \/>\n<em> &#8211; Lamento do marginal bem-sucedido<\/em><br \/>\n<em> &#8211; Galos, noites e quintais<\/em><br \/>\n<em> &#8211; Como o diabo gosta<\/em><br \/>\n<em> &#8211; &#8230; E que tudo mais v\u00e1 para o c\u00e9u<\/em><br \/>\n<em> &#8211; Garoto de aluguel<\/em><br \/>\n<em> &#8211; Conhe\u00e7o o meu lugar<\/em><br \/>\n<em> &#8211; Mucuripe<\/em><br \/>\n<em> &#8211; Na hora do almo\u00e7o<\/em><br \/>\n<em> &#8211; Todo sujo de batom<\/em><br \/>\n<em> &#8211; Cora\u00e7\u00e3o Selvagem<\/em><br \/>\n<em> &#8211; Sensual<\/em><br \/>\n<em> &#8211; Alucina\u00e7\u00e3o<\/em><br \/>\n<em> &#8211; Fotografia 3&#215;4<\/em><br \/>\n<em> &#8211; Velha roupa colorida<\/em><br \/>\n<em> &#8211; Sujeito de Sorte<\/em><br \/>\n<em> &#8211; A Palo seco<\/em><br \/>\n<em> &#8211; Como nossos pais<\/em><br \/>\n<em> &#8211; Caso comum de tr\u00e2nsito<\/em><br \/>\n<em> &#8211; Objeto direto<\/em><br \/>\n<em> &#8211; Coment\u00e1rios a respeito de John<\/em><br \/>\n<em> &#8211; Pequeno perfil de um cidad\u00e3o comum<\/em><br \/>\n<em> &#8211; Como se fosse pecado<\/em><br \/>\n<em> &#8211; Paralelas<\/em><\/p>\n<p><strong style=\"color: #990000;\">Links citados no programa:<\/strong><br \/>\n&#8211;\u00a0<a href=\"http:\/\/radiofobia.com.br\/podcast\/2015\/12\/radiofobia-classics-28-gonzaguinha\/\" target=\"_blank\" rel=\"noopener\">R\u00c1DIOFOBIA Classics #28 \u2013 Gonzaguinha<\/a><br \/>\n&#8211;\u00a0<a href=\"http:\/\/radiofobia.com.br\/podcast\/2013\/10\/radiofobia-classics-06-elis-regina\/\" target=\"_blank\" rel=\"noopener\">R\u00c1DIOFOBIA Classics #06 \u2013 Elis Regina<\/a><br \/>\n<em>&#8211; <a href=\"http:\/\/cultura.estadao.com.br\/noticias\/musica,belchior-e-os-sinais-de-um-homem-predestinado-a-desaparecer-,1865599\" target=\"_blank\" rel=\"noopener\">&#8220;Belchior e os sinais de um homem predestinado a desaparecer&#8221;\u00a0<\/a><\/em><a href=\"http:\/\/cultura.estadao.com.br\/noticias\/musica,belchior-e-os-sinais-de-um-homem-predestinado-a-desaparecer-,1865599\" target=\"_blank\" rel=\"noopener\">(reportagem do jornal\u00a0O Estado de S\u00e3o Paulo publicada em 08\/05\/2016)<\/a><br \/>\n<em> &#8211; <a href=\"http:\/\/cultura.estadao.com.br\/noticias\/musica,fora-de-cena-ha-10-anos--belchior-deixou-dividas-que-so-aumentam,10000049675\" target=\"_blank\" rel=\"noopener\">&#8220;Fora de cena h\u00e1 10 anos, Belchior deixou d\u00edvidas que s\u00f3 aumentam&#8221; <\/a><\/em><a href=\"http:\/\/cultura.estadao.com.br\/noticias\/musica,fora-de-cena-ha-10-anos--belchior-deixou-dividas-que-so-aumentam,10000049675\" target=\"_blank\" rel=\"noopener\">(reportagem do jornal O Estado de S\u00e3o Paulo publicada em 08\/05\/2016)<\/a><\/p>\n<p><strong style=\"color: #990000;\">Ouvinte que colaborou com a pauta:<\/strong><br \/>\n&#8211; <em><a href=\"https:\/\/twitter.com\/duanartg\" target=\"_blank\" rel=\"noopener\">Duana Rodrigues<\/a>, 23 anos, estudante de Arquitetura e Urbanismo da Universidade Federal do Cear\u00e1 (UFC), Fortaleza &#8211; CE<\/em><\/p>\n<p><strong style=\"color: #990000;\">Acompanhe o R\u00e1diofobia Classics nas redes sociais:<\/strong><br \/>\n&#8211; curta a <strong><a href=\"https:\/\/www.facebook.com\/radiofobiaclassics\" target=\"_blank\" rel=\"noopener noreferrer\">p\u00e1gina do R\u00e1diofobia Classics no Facebook<\/a><\/strong><br \/>\n&#8211; siga o <strong><a href=\"https:\/\/twitter.com\/rfobiaclassics\" target=\"_blank\" rel=\"noopener noreferrer\">@rfobiaclassics no Twitter<\/a><\/strong><\/p>\n<p><span style=\"color: #990000;\"><strong>E-mails:<\/strong><\/span><br \/>\nIndique seu artista ou banda preferido atrav\u00e9s dos coment\u00e1rios no post ou mandando seu e-mail\u00a0para <a title=\"[GMCP] Compose a new mail to classics@radiofobia.com.br\" href=\"mailto:classics@radiofobia.com.br\" target=\"_blank\" rel=\"noopener noreferrer\">classics@radiofobia.com.br<\/a>!<\/p>\n<p><span style=\"color: #990000;\"><strong>Ou\u00e7a o R\u00e1diofobia Classics nos principais agregadores:<\/strong><\/span><br \/>\n&#8211; <strong><a href=\"http:\/\/leolop.es\/rfclassics_spotify\" target=\"_blank\" rel=\"noopener noreferrer\">Spotify<\/a><\/strong><br \/>\n&#8211; <strong><a href=\"http:\/\/leolop.es\/rfclassics_googlepod\" target=\"_blank\" rel=\"noopener noreferrer\">Google Podcasts<\/a><\/strong><br \/>\n&#8211; <strong><a href=\"http:\/\/leolop.es\/rfclassics_itunes\" target=\"_blank\" rel=\"noopener noreferrer\">Apple Podcasts<\/a><\/strong><br \/>\n&#8211; <a href=\"http:\/\/leolop.es\/rfclassics_amazon\" target=\"_blank\" rel=\"noopener\"><strong>Amazon Music<\/strong><\/a><br \/>\n&#8211; <strong><a href=\"http:\/\/leolop.es\/rfclassics_pocket\" target=\"_blank\" rel=\"noopener noreferrer\">PocketCasts<\/a><\/strong><\/p>\n<p><span style=\"color: #990000;\"><strong>Publicidade:<\/strong><\/span><br \/>\n<a href=\"http:\/\/leolop.es\/rfcontato\" target=\"_blank\" rel=\"noopener noreferrer\"><strong>Entre em contato<\/strong><\/a> e saiba como <em>anunciar sua marca, produto ou servi\u00e7o em nossos podcasts<\/em>.<\/p>\n","protected":false},"excerpt":{"rendered":"<p>Este m\u00eas voc\u00ea vai conhecer a hist\u00f3ria e ouvir 27 sucessos de Belchior, em homenagem ao seu anivers\u00e1rio de 70 anos!<\/p>\n","protected":false},"author":2,"featured_media":14506,"comment_status":"open","ping_status":"closed","sticky":false,"template":"","format":"standard","meta":{"footnotes":""},"categories":[13,450],"tags":[1131,1130,11,1132,454,14,451],"class_list":["post-14179","post","type-post","status-publish","format-standard","has-post-thumbnail","hentry","category-podcast","category-classics","tag-alucinacao","tag-belchior","tag-leo-lopes","tag-medo-de-aviao","tag-mpb","tag-podcast","tag-radiofobia-classics"],"_links":{"self":[{"href":"https:\/\/radiofobia.com.br\/podcast\/wp-json\/wp\/v2\/posts\/14179","targetHints":{"allow":["GET"]}}],"collection":[{"href":"https:\/\/radiofobia.com.br\/podcast\/wp-json\/wp\/v2\/posts"}],"about":[{"href":"https:\/\/radiofobia.com.br\/podcast\/wp-json\/wp\/v2\/types\/post"}],"author":[{"embeddable":true,"href":"https:\/\/radiofobia.com.br\/podcast\/wp-json\/wp\/v2\/users\/2"}],"replies":[{"embeddable":true,"href":"https:\/\/radiofobia.com.br\/podcast\/wp-json\/wp\/v2\/comments?post=14179"}],"version-history":[{"count":12,"href":"https:\/\/radiofobia.com.br\/podcast\/wp-json\/wp\/v2\/posts\/14179\/revisions"}],"predecessor-version":[{"id":26350,"href":"https:\/\/radiofobia.com.br\/podcast\/wp-json\/wp\/v2\/posts\/14179\/revisions\/26350"}],"wp:featuredmedia":[{"embeddable":true,"href":"https:\/\/radiofobia.com.br\/podcast\/wp-json\/wp\/v2\/media\/14506"}],"wp:attachment":[{"href":"https:\/\/radiofobia.com.br\/podcast\/wp-json\/wp\/v2\/media?parent=14179"}],"wp:term":[{"taxonomy":"category","embeddable":true,"href":"https:\/\/radiofobia.com.br\/podcast\/wp-json\/wp\/v2\/categories?post=14179"},{"taxonomy":"post_tag","embeddable":true,"href":"https:\/\/radiofobia.com.br\/podcast\/wp-json\/wp\/v2\/tags?post=14179"}],"curies":[{"name":"wp","href":"https:\/\/api.w.org\/{rel}","templated":true}]}}