{"id":14581,"date":"2016-12-05T00:01:59","date_gmt":"2016-12-05T02:01:59","guid":{"rendered":"http:\/\/radiofobia.com.br\/podcast\/?p=14581"},"modified":"2022-04-05T11:17:11","modified_gmt":"2022-04-05T14:17:11","slug":"alo-tenica-48-painel-sobre-podcast-na-ccxp-2016","status":"publish","type":"post","link":"https:\/\/radiofobia.com.br\/podcast\/2016\/12\/alo-tenica-48-painel-sobre-podcast-na-ccxp-2016\/","title":{"rendered":"Al\u00f4 T\u00e9nica! #48 &#8211; Painel sobre podcast na #CCXP 2016"},"content":{"rendered":"<p><iframe title=\"Al\u00f4 T\u00e9nica! #48 \u2013 Painel sobre podcast na #CCXP 2016\" src=\"https:\/\/omny.fm\/shows\/alo-tenica\/al-t-nica-48-painel-sobre-podcast-na-ccxp-2016\/embed\" width=\"100%\" height=\"180\" frameborder=\"0\"><\/iframe><\/p>\n<p><em><strong>Sauda\u00e7\u00f5es, ouvinte entusiasta do podcast!<\/strong><\/em><\/p>\n<p>Est\u00e1 no ar mais um\u00a0<strong><a href=\"http:\/\/twitter.com\/alotenica\" target=\"_blank\" rel=\"noopener\">Al\u00f4 T\u00e9nica!<\/a><\/strong>, o seu\u00a0podcast mensal sobre produ\u00e7\u00e3o de podcasts, apresentado por\u00a0<a style=\"font-weight: bold;\" href=\"http:\/\/twitter.com\/leoradiofobia\" target=\"_blank\" rel=\"noopener\">Leo Lopes<\/a>\u00a0e esclarecendo as mais diversas d\u00favidas e perguntas relacionadas \u00e0 produ\u00e7\u00e3o de podcasts.<\/p>\n<p>Esperamos com este programa\u00a0ajuda-lo a entender um pouco melhor os v\u00e1rios aspectos dessa m\u00eddia fascinante, e tamb\u00e9m\u00a0<strong>queremos receber seu feedback<\/strong> para que possamos melhorar e fazer um programa cada vez melhor pra voc\u00ea!<\/p>\n<p>No programa deste m\u00eas, reproduzimos na \u00edntegra o painel sobre podcast realizado na <strong>Comic Con Experience<\/strong> no dia 03 de dezembro de 2016, moderado por\u00a0<a href=\"http:\/\/twitter.com\/leoradiofobia\" target=\"_blank\" rel=\"noopener\"><strong>Leo Lopes<\/strong><\/a>\u00a0e com as participa\u00e7\u00f5es de <a href=\"https:\/\/twitter.com\/TatoTarcan\" target=\"_blank\" rel=\"noopener\"><strong>Tato Tarcan<\/strong><\/a> <em>(<a href=\"http:\/\/www.redegeek.com.br\/\" target=\"_blank\" rel=\"noopener\">Rede Geek<\/a>)<\/em>, <a href=\"https:\/\/twitter.com\/mvcmendes\" target=\"_blank\" rel=\"noopener\"><strong>Marcus Mendes<\/strong><\/a>\u00a0<em>(<a href=\"http:\/\/www.loopmatinal.com\/\" target=\"_blank\" rel=\"noopener\">Loop Matinal<\/a>)<\/em> e <a href=\"https:\/\/www.facebook.com\/Diogo0587?fref=ts\" target=\"_blank\" rel=\"noopener\"><strong>Diogo Santos<\/strong><\/a> <em>(<a href=\"http:\/\/www.deviante.com.br\/podcasts\/scicast\/\" target=\"_blank\" rel=\"noopener\">Scicast<\/a> \/ <a href=\"http:\/\/www.cloudradio.com.br\/\" target=\"_blank\" rel=\"noopener\">CloudRadio<\/a>),\u00a0<\/em>abordando a cria\u00e7\u00e3o e o empreendedorismo no podcast e fazendo o lan\u00e7amento da <a href=\"http:\/\/www.cloudradio.com.br\/\" target=\"_blank\" rel=\"noopener\"><strong>CloudRadio<\/strong><\/a>, uma nova plataforma de publica\u00e7\u00e3o e reprodu\u00e7\u00e3o de podcasts que nasceu para <em>auxiliar os produtores a simplificarem os processos de armazenamento, publica\u00e7\u00e3o, distribui\u00e7\u00e3o e monetiza\u00e7\u00e3o de seus podcasts<\/em>!<\/p>\n<p>Para conhecer a\u00a0<strong>CloudRadio<\/strong>, basta acessar o site <strong><a href=\"http:\/\/www.cloudradio.com.br\/\" target=\"_blank\" rel=\"noopener\">www.cloudradio.com.br<\/a><\/strong> e se cadastrar utilizando o c\u00f3digo <strong>CRCCXP2016<\/strong> <em>(v\u00e1lido at\u00e9 o dia 10\/12\/2016)<\/em>. Em breve o cadastro ser\u00e1 liberado para todos os interessados.<\/p>\n<p>Compartilhe conosco suas pr\u00e1ticas e diga <em>o que voc\u00ea faz para ajudar o podcast a crescer<\/em> deixando seu <strong>coment\u00e1rio no posts\u00a0<\/strong>e interagindo conosco nas <strong>redes sociais<\/strong>! N\u00e3o se esque\u00e7a de mandar tamb\u00e9m suas <strong>perguntas<\/strong>, <strong>d\u00favidas<\/strong>,\u00a0<strong>sugest\u00f5es de pauta<\/strong> e de\u00a0<strong>novos entrevistados<\/strong>!<\/p>\n<p><strong><span style=\"color: #990000;\">Links citados no programa:<\/span><\/strong><br \/>\n&#8211; <a href=\"https:\/\/play.google.com\/store\/apps\/details?id=com.cloudradio.mobile&amp;hl=pt_BR\" target=\"_blank\" rel=\"noopener\">baixe o app da CloudRadio para Android na GooglePlay Store<\/a><br \/>\n&#8211; <a href=\"http:\/\/incomeschool.com\/average-podcast-downloads-new-show\/\" target=\"_blank\" rel=\"noopener\">dados de Rob Walch, VP do Libsyn, sobre a m\u00e9dia de download dos novos podcasts<\/a><\/p>\n<p><strong><span style=\"color: #990000;\">Interaja com o Al\u00f4 T\u00e9nica! nas redes sociais:<\/span><\/strong><br \/>\n&#8211; <a href=\"http:\/\/twitter.com\/alotenica\" target=\"_blank\" rel=\"noopener\">Siga o <strong>@alotenica<\/strong> no tuV\u00edtter<\/a><br \/>\n&#8211; <a href=\"http:\/\/twitter.com\/leoradiofobia\" target=\"_blank\" rel=\"noopener\">Siga o <strong>@leoradiofobia<\/strong> no tuV\u00edtter<\/a><br \/>\n&#8211; <a href=\"http:\/\/twitter.com\/radiofobia\" target=\"_blank\" rel=\"noopener\">Siga o <strong>@radiofobia<\/strong> no tuV\u00edtter<\/a><br \/>\n&#8211; <a href=\"https:\/\/www.facebook.com\/alotenica\" target=\"_blank\" rel=\"noopener\">Curta a p\u00e1gina do <strong>Al\u00f4 T\u00e9nica<\/strong> no Facebook<\/a><br \/>\n&#8211;\u00a0<a href=\"https:\/\/www.facebook.com\/radiofobiapodcast\" target=\"_blank\" rel=\"noopener\">Curta a p\u00e1gina do\u00a0<strong>RADIOFOBIA<\/strong>\u00a0no Facebook<\/a><br \/>\n&#8211;\u00a0<a href=\"https:\/\/www.facebook.com\/radiofobiapm\" target=\"_blank\" rel=\"noopener\">Curta a p\u00e1gina da\u00a0<strong>RADIOFOBIA Podcast e Multim\u00eddia<\/strong>\u00a0no Facebook<\/a><\/p>\n<p><strong><span style=\"color: #990000;\">Conhe\u00e7a o\u00a0CURSO DE PODCAST:<\/span><\/strong><br \/>\n&#8211; <a href=\"http:\/\/www.cursodepodcast.com.br\" target=\"_blank\" rel=\"noopener\">Acesse <strong>www.cursodepodcast.com.br<\/strong><\/a><br \/>\n&#8211; <a href=\"https:\/\/twitter.com\/CursoDePodcast\" target=\"_blank\" rel=\"noopener\">Siga o <strong>@cursodepodcast<\/strong> no tuV\u00edtter<\/a><br \/>\n&#8211; <a href=\"https:\/\/www.youtube.com\/user\/cursodepodcast\" target=\"_blank\" rel=\"noopener\">Inscreva-se no canal do <strong>Curso de Podcast<\/strong> no YouTube<\/a><br \/>\n&#8211; <a href=\"https:\/\/www.facebook.com\/cursodepodcast\" target=\"_blank\" rel=\"noopener\">Curta a p\u00e1gina do <strong>Curso de Podcast<\/strong> no Facebook<\/a><\/p>\n<p><strong><span style=\"color: #990000;\">Cr\u00e9ditos das m\u00fasicas usadas neste programa:<\/span><\/strong><br \/>\n<em>&#8211; Music by Dan-O at <a href=\"http:\/\/DanoSongs.com\" target=\"_blank\" rel=\"noopener\">DanoSongs.com<\/a><\/em><br \/>\n<em>&#8211; Music by Kevin MacLeod (<a href=\"http:\/\/incompetech.com\" target=\"_blank\" rel=\"noopener\">incompetech.com<\/a>) licensed under Creative Commons: By Attribution 3.0 &#8211; <a href=\"http:\/\/creativecommons.org\/licenses\/by\/3.0\/\" target=\"_blank\" rel=\"noopener\">http:\/\/creativecommons.org\/licenses\/by\/3.0\/<\/a><\/em><\/p>\n<p><span style=\"color: #990000;\"><strong>Ou\u00e7a o Al\u00f4 T\u00e9nica! nos principais agregadores:<\/strong><\/span><br \/>\n&#8211; <a href=\"https:\/\/leolop.es\/alotenica_spotify\" target=\"_blank\" rel=\"noopener noreferrer\">Spotify<\/a><br \/>\n&#8211; <a href=\"https:\/\/leolop.es\/alotenica_googlepod\" target=\"_blank\" rel=\"noopener noreferrer\">Google Podcasts<\/a><br \/>\n&#8211; <a href=\"https:\/\/leolop.es\/rfpn_itunes\" target=\"_blank\" rel=\"noopener\">Apple Podcasts<\/a><br \/>\n&#8211; <a href=\"http:\/\/leolop.es\/alotenica_amazon\" target=\"_blank\" rel=\"noopener\">Amazon Music<\/a><br \/>\n&#8211; <a href=\"https:\/\/pca.st\/b2lM\" target=\"_blank\" rel=\"noopener noreferrer\">PocketCasts<\/a><\/p>\n<p><span style=\"color: #990000;\"><strong>E-mails:<\/strong><\/span><br \/>\nAjude-nos a fazer o programa enviando sua <em>colabora\u00e7\u00e3o<\/em>, <em>d\u00favida<\/em> ou <em>sugest\u00e3o de pauta<\/em> para <a href=\"mailto:alotenica@radiofobia.com.br\" target=\"_blank\" rel=\"noopener noreferrer\"><strong>alotenica@radiofobia.com.br<\/strong><\/a>!<\/p>\n<p><span style=\"color: #990000;\"><strong>Publicidade:<\/strong><\/span><br \/>\n<a href=\"http:\/\/leolop.es\/rfcontato\" target=\"_blank\" rel=\"noopener noreferrer\"><strong>Entre em contato<\/strong><\/a> e saiba como <em>anunciar sua marca, produto ou servi\u00e7o em nossos podcasts<\/em>.<\/p>\n","protected":false},"excerpt":{"rendered":"<p>No programa deste m\u00eas reproduzimos na \u00edntegra o painel sobre cria\u00e7\u00e3o e empreendedorismo no podcast realizado na #CCXP 2016!<\/p>\n","protected":false},"author":2,"featured_media":14585,"comment_status":"open","ping_status":"closed","sticky":false,"template":"","format":"standard","meta":{"footnotes":""},"categories":[358,13],"tags":[359,1157,1159,1156,285,11,1155,1158,14,120],"class_list":["post-14581","post","type-post","status-publish","format-standard","has-post-thumbnail","hentry","category-cursodepodcast","category-podcast","tag-alo-tenica","tag-ccxp","tag-criacao","tag-diogo-santos","tag-empreendedorismo","tag-leo-lopes","tag-marcus-mendes","tag-painel","tag-podcast","tag-tato-tarcan"],"_links":{"self":[{"href":"https:\/\/radiofobia.com.br\/podcast\/wp-json\/wp\/v2\/posts\/14581","targetHints":{"allow":["GET"]}}],"collection":[{"href":"https:\/\/radiofobia.com.br\/podcast\/wp-json\/wp\/v2\/posts"}],"about":[{"href":"https:\/\/radiofobia.com.br\/podcast\/wp-json\/wp\/v2\/types\/post"}],"author":[{"embeddable":true,"href":"https:\/\/radiofobia.com.br\/podcast\/wp-json\/wp\/v2\/users\/2"}],"replies":[{"embeddable":true,"href":"https:\/\/radiofobia.com.br\/podcast\/wp-json\/wp\/v2\/comments?post=14581"}],"version-history":[{"count":6,"href":"https:\/\/radiofobia.com.br\/podcast\/wp-json\/wp\/v2\/posts\/14581\/revisions"}],"predecessor-version":[{"id":26696,"href":"https:\/\/radiofobia.com.br\/podcast\/wp-json\/wp\/v2\/posts\/14581\/revisions\/26696"}],"wp:featuredmedia":[{"embeddable":true,"href":"https:\/\/radiofobia.com.br\/podcast\/wp-json\/wp\/v2\/media\/14585"}],"wp:attachment":[{"href":"https:\/\/radiofobia.com.br\/podcast\/wp-json\/wp\/v2\/media?parent=14581"}],"wp:term":[{"taxonomy":"category","embeddable":true,"href":"https:\/\/radiofobia.com.br\/podcast\/wp-json\/wp\/v2\/categories?post=14581"},{"taxonomy":"post_tag","embeddable":true,"href":"https:\/\/radiofobia.com.br\/podcast\/wp-json\/wp\/v2\/tags?post=14581"}],"curies":[{"name":"wp","href":"https:\/\/api.w.org\/{rel}","templated":true}]}}