{"id":14735,"date":"2017-03-06T00:01:16","date_gmt":"2017-03-06T03:01:16","guid":{"rendered":"http:\/\/radiofobia.com.br\/podcast\/?p=14735"},"modified":"2022-03-15T09:36:54","modified_gmt":"2022-03-15T12:36:54","slug":"radiofobia-207-com-wendel-bezerra","status":"publish","type":"post","link":"https:\/\/radiofobia.com.br\/podcast\/2017\/03\/radiofobia-207-com-wendel-bezerra\/","title":{"rendered":"RADIOFOBIA 207 &#8211; com Wendel Bezerra"},"content":{"rendered":"<p><iframe title=\"RADIOFOBIA 207 \u2013 com Wendel Bezerra\" src=\"https:\/\/omny.fm\/shows\/radiofobia-podcast\/radiofobia-207-com-wendel-bezerra\/embed\" width=\"100%\" height=\"180\" frameborder=\"0\"><\/iframe><\/p>\n<p><em><strong>Sauda\u00e7\u00f5es, ouvinte amendobobo\u00a0<\/strong><\/em><em><strong>do R\u00e1diofobia-Lhesss!!!<\/strong><\/em><\/p>\n<p><span style=\"line-height: 1.5em;\">No pograma de hoje <strong><a href=\"https:\/\/twitter.com\/leoradiofobia\" target=\"_blank\" rel=\"noopener\">Leo Lopes<\/a><\/strong>, <strong><a href=\"https:\/\/twitter.com\/velhoechato\" target=\"_blank\" rel=\"noopener\">Japa<\/a>, <a href=\"https:\/\/twitter.com\/johnveejones\" target=\"_blank\" rel=\"noopener\">Vitinho<\/a>,\u00a0<a href=\"https:\/\/twitter.com\/JeftherBarbosa\" target=\"_blank\" rel=\"noopener\">Chester<\/a>\u00a0<\/strong>e\u00a0<strong><a href=\"https:\/\/twitter.com\/pedropallotta\" target=\"_blank\" rel=\"noopener\">Pedro<\/a>\u00a0prepararam um sandu\u00edche de siri<\/strong>\u00a0e <strong>reuniram as esferas do drag\u00e3o<\/strong> para baterem <strong>um papo super sayajin<\/strong> com o \u00eddolo da dublagem <a href=\"https:\/\/twitter.com\/wendel_bezerra\" target=\"_blank\" rel=\"noopener\"><strong>Wendel Bezerra<\/strong><\/a>, em mais um programa da nossa s\u00e9rie <a href=\"http:\/\/radiofobia.com.br\/podcast\/category\/podcast\/radiofobia\/o-coracao-da-voz\/\" target=\"_blank\" rel=\"noopener\"><strong>O Cora\u00e7\u00e3o da Voz<\/strong><\/a>!<\/span><\/p>\n<p>Entre as\u00a0hist\u00f3rias da vida e da carreira do Wendel voc\u00ea vai saber que\u00a0ele <strong>come\u00e7ou a dublar antes mesmo de aprender a ler<\/strong>, aprender <strong>o que \u00e9 uma galharufa<\/strong>, descobrir como\u00a0<strong>conseguir mijar inc\u00f3gnito\u00a0nos eventos<\/strong>, entender porque <strong>Seya era mesmo um viadinho, <\/strong>descobrir <strong>quem era o Ronald McDonald<\/strong>\u00a0e ouvir hist\u00f3rias sobre as dublagens de <em>personagens, atores e desenhos como Goku (Dragon Ball), Jamie Lawson\u00a0(Super Vicky), Corey Feldman, Leonardo DiCaprio,\u00a0Christian Slater como Adso\u00a0(O Nome da Rosa), Jackie Chan (As Aventuras de Jackie Chan), Sean Astin como Samwise Gamgee (O Senhor dos An\u00e9is), Bob Esponja, Bear Grylls\u00a0e o cake boss Buddy Valastro, <\/em>entre outros!<\/p>\n<p>N\u00e3o se esque\u00e7a que voc\u00ea pode <strong>interagir com a gente nas redes sociais <\/strong>e tamb\u00e9m<strong>\u00a0deixar seu coment\u00e1rio no post<\/strong>, ok?<\/p>\n<p><strong><span style=\"color: #990000;\">Recadalhos, surubex e TICLIMs:<\/span><\/strong><br \/>\n&#8211; <a href=\"http:\/\/peladananet.com.br\/pelada-na-net-254-o-goku-bate-um-bolao\/\" target=\"_blank\" rel=\"noopener\">Pelada na Net #254 \u2013 O Goku Bate um Bol\u00e3o<\/a><br \/>\n&#8211; <a href=\"http:\/\/leolop.es\/mixordias\" target=\"_blank\" rel=\"noopener\">Assine o <strong>Mix\u00f3rdias, o novo canal de v\u00eddeos do Leo Lopes<\/strong><\/a><br \/>\n&#8211; <a href=\"https:\/\/twitter.com\/mixordias\" target=\"_blank\" rel=\"noopener\">Siga o <strong>@mixordias<\/strong> no <strong>tuV\u00edtter<\/strong><\/a><br \/>\n&#8211; <a href=\"https:\/\/www.facebook.com\/canalmixordias\/\" target=\"_blank\" rel=\"noopener\">Curta a <strong>P\u00e1gina do Mix\u00f3rdias no Facebook<\/strong><\/a><br \/>\n&#8211; <a href=\"http:\/\/cursodepodcast.com.br\/podcast-guia-basico\/\" target=\"_blank\" rel=\"noopener\">Saiba como adquirir as <strong>EDI\u00c7\u00d5ES DIGITAIS<\/strong> de <strong>&#8220;Podcast: guia b\u00e1sico&#8221;<\/strong> para Kindle, iBook e ePub<\/a><br \/>\n&#8211; <a href=\"http:\/\/www.skoob.com.br\/livro\/436411ED494509-podcast-guia-basico\" target=\"_blank\" rel=\"noopener\">P\u00e1gina do livro <strong>&#8220;Podcast: guia b\u00e1sico&#8221;<\/strong> no SKOOB<\/a><br \/>\n&#8211; <a href=\"https:\/\/twitter.com\/radiofobia\" target=\"_blank\" rel=\"noopener\">Siga <strong>@radiofobia<\/strong> no tuV\u00edtter<\/a><br \/>\n&#8211; <a href=\"https:\/\/www.facebook.com\/radiofobiapodcast\" target=\"_blank\" rel=\"noopener\">Curta a p\u00e1gina do <strong>RADIOFOBIA<\/strong> no Facebook<\/a><br \/>\n&#8211; <a href=\"https:\/\/www.facebook.com\/radiofobiapm\" target=\"_blank\" rel=\"noopener\">Curta a p\u00e1gina da <strong>RADIOFOBIA Podcast e Multim\u00eddia<\/strong> no Facebook<\/a><\/p>\n<p><strong><span style=\"color: #990000;\">Conhe\u00e7a o CURSO DE PODCAST:<\/span><\/strong><br \/>\n&#8211; <a href=\"http:\/\/www.cursodepodcast.com.br\" target=\"_blank\" rel=\"noopener\">Acesse <strong>www.cursodepodcast.com.br<\/strong><\/a><br \/>\n&#8211; <a href=\"https:\/\/twitter.com\/CursoDePodcast\" target=\"_blank\" rel=\"noopener\">Siga o <strong>@cursodepodcast<\/strong> no tuV\u00edtter<\/a><br \/>\n&#8211; <a href=\"https:\/\/www.youtube.com\/user\/cursodepodcast\" target=\"_blank\" rel=\"noopener\">Inscreva-se no canal do <strong>Curso de Podcast<\/strong> no YouTube<\/a><br \/>\n&#8211; <a href=\"https:\/\/www.facebook.com\/cursodepodcast\" target=\"_blank\" rel=\"noopener\">Curta a p\u00e1gina do <strong>Curso de Podcast<\/strong> no Facebook<\/a><\/p>\n<p><strong><span style=\"color: #990000;\">Links citados no pograma:<\/span><\/strong><br \/>\n&#8211; <a href=\"https:\/\/www.youtube.com\/watch?v=EwwuQOAuQQM\" target=\"_blank\" rel=\"noopener\">Wendel dublando Jamie Lawson em Super Vicky<\/a><br \/>\n&#8211; <a href=\"https:\/\/www.youtube.com\/watch?v=HY-V3vD9SUw\" target=\"_blank\" rel=\"noopener\">Oberdan Junior<\/a><br \/>\n&#8211; <a href=\"http:\/\/universidadededublagem.com.br\/\" target=\"_blank\" rel=\"noopener\">Universidade de Dublagem<\/a><br \/>\n&#8211; <a href=\"https:\/\/www.unidub.com.br\/\" target=\"_blank\" rel=\"noopener\">UniDub Studios Brazil<\/a><br \/>\n&#8211; <a href=\"https:\/\/www.youtube.com\/watch?v=YZxztDRKWoY\" target=\"_blank\" rel=\"noopener\">Vitinho com Gilberto Baroli<\/a><br \/>\n&#8211; <a href=\"http:\/\/radiofobia.com.br\/podcast\/2014\/01\/radiofobia-130-com-marco-antonio-costa\/\" target=\"_blank\" rel=\"noopener\">RADIOFOBIA 130 &#8211; com Marco Antonio Costa<\/a><br \/>\n&#8211; <a href=\"https:\/\/www.facebook.com\/Wendeldub\/\" target=\"_blank\" rel=\"noopener\">curta a p\u00e1gina do Wendel Bezerra no Facebook<\/a><br \/>\n&#8211; <a href=\"https:\/\/www.youtube.com\/channel\/UCDcXzHEjw71Y5EMj13QCCpA\" target=\"_blank\" rel=\"noopener\">assine o canal do Wendel Bezerra no YouTube<\/a><\/p>\n<p><span style=\"color: #990000;\"><strong>E-mails:<\/strong><\/span><br \/>\n<em>F\u00f3debeques<\/em> dos pogramas ou simples <em>abrax <\/em>e <em>recadalhos<\/em> podem ser enviados para <a title=\"[GMCP] Compose a new mail to podcast@radiofobia.com.br\" href=\"mailto:podcast@radiofobia.com.br\" target=\"blank\" rel=\"noreferrer\">podcast@radiofobia.com.br<\/a>!<\/p>\n<p><span style=\"color: #990000;\"><strong>Ou\u00e7a o R\u00e1diofobia Podcast nos principais agregadores:<\/strong><\/span><br \/>\n&#8211; <strong><a href=\"https:\/\/leolop.es\/rfobia_spotify\" target=\"_blank\" rel=\"noopener noreferrer\">Spotify<\/a><\/strong><br \/>\n&#8211; <strong><a href=\"https:\/\/leolop.es\/rfobia_googlepod\" target=\"_blank\" rel=\"noopener noreferrer\">Google Podcasts<\/a><\/strong><br \/>\n&#8211; <strong><a href=\"https:\/\/http:\/\/leolop.es\/rfitunes\" target=\"_blank\" rel=\"noopener noreferrer\">Apple Podcasts<\/a><\/strong><br \/>\n&#8211; <strong><a href=\"http:\/\/leolop.es\/rfobia_amazon\" target=\"_blank\" rel=\"noopener\">Amazon Music<\/a><\/strong><br \/>\n&#8211; <strong><a href=\"https:\/\/pca.st\/V12f\" target=\"_blank\" rel=\"noopener noreferrer\">PocketCasts<\/a><\/strong><\/p>\n<p><span style=\"color: #990000;\"><strong>Publicidade:<\/strong><\/span><br \/>\n<a href=\"http:\/\/leolop.es\/rfcontato\" target=\"_blank\" rel=\"noopener noreferrer\"><strong>Entre em contato<\/strong><\/a> e saiba como <em>anunciar sua marca, produto ou servi\u00e7o em nossos podcasts<\/em>.<\/p>\n","protected":false},"excerpt":{"rendered":"<p>No primeiro programa do ano da s\u00e9rie &#8220;O Cora\u00e7\u00e3o da Voz&#8221;, batemos um papo com o ator, dublador e diretor de dublagem Wendel Bezerra!<\/p>\n","protected":false},"author":2,"featured_media":14757,"comment_status":"open","ping_status":"closed","sticky":false,"template":"","format":"standard","meta":{"footnotes":""},"categories":[86,13,35],"tags":[1189,694,81,1190,1090,11,665,722,14,15,592,217,1188],"class_list":["post-14735","post","type-post","status-publish","format-standard","has-post-thumbnail","hentry","category-o-coracao-da-voz","category-podcast","category-radiofobia","tag-bob-esponja","tag-dubladores-2","tag-dublagem","tag-goku","tag-jef-barbosa","tag-leo-lopes","tag-o-coracao-da-voz","tag-pedro-pallotta","tag-podcast","tag-radiofobia","tag-thiago-fujiwara","tag-vitor-rossi","tag-wendel-bezerra"],"_links":{"self":[{"href":"https:\/\/radiofobia.com.br\/podcast\/wp-json\/wp\/v2\/posts\/14735","targetHints":{"allow":["GET"]}}],"collection":[{"href":"https:\/\/radiofobia.com.br\/podcast\/wp-json\/wp\/v2\/posts"}],"about":[{"href":"https:\/\/radiofobia.com.br\/podcast\/wp-json\/wp\/v2\/types\/post"}],"author":[{"embeddable":true,"href":"https:\/\/radiofobia.com.br\/podcast\/wp-json\/wp\/v2\/users\/2"}],"replies":[{"embeddable":true,"href":"https:\/\/radiofobia.com.br\/podcast\/wp-json\/wp\/v2\/comments?post=14735"}],"version-history":[{"count":26,"href":"https:\/\/radiofobia.com.br\/podcast\/wp-json\/wp\/v2\/posts\/14735\/revisions"}],"predecessor-version":[{"id":26189,"href":"https:\/\/radiofobia.com.br\/podcast\/wp-json\/wp\/v2\/posts\/14735\/revisions\/26189"}],"wp:featuredmedia":[{"embeddable":true,"href":"https:\/\/radiofobia.com.br\/podcast\/wp-json\/wp\/v2\/media\/14757"}],"wp:attachment":[{"href":"https:\/\/radiofobia.com.br\/podcast\/wp-json\/wp\/v2\/media?parent=14735"}],"wp:term":[{"taxonomy":"category","embeddable":true,"href":"https:\/\/radiofobia.com.br\/podcast\/wp-json\/wp\/v2\/categories?post=14735"},{"taxonomy":"post_tag","embeddable":true,"href":"https:\/\/radiofobia.com.br\/podcast\/wp-json\/wp\/v2\/tags?post=14735"}],"curies":[{"name":"wp","href":"https:\/\/api.w.org\/{rel}","templated":true}]}}