{"id":14803,"date":"2017-04-03T00:01:50","date_gmt":"2017-04-03T03:01:50","guid":{"rendered":"http:\/\/radiofobia.com.br\/podcast\/?p=14803"},"modified":"2022-03-15T09:40:54","modified_gmt":"2022-03-15T12:40:54","slug":"radiofobia-209-com-gil-gomes","status":"publish","type":"post","link":"https:\/\/radiofobia.com.br\/podcast\/2017\/04\/radiofobia-209-com-gil-gomes\/","title":{"rendered":"RADIOFOBIA 209 &#8211; com Gil Gomes"},"content":{"rendered":"<p><iframe title=\"RADIOFOBIA 209 \u2013 com Gil Gomes\" src=\"https:\/\/omny.fm\/shows\/radiofobia-podcast\/radiofobia-209-com-gil-gomes\/embed\" width=\"100%\" height=\"180\" frameborder=\"0\"><\/iframe><\/p>\n<p><em><strong>Sauda\u00e7\u00f5es, ouvinte nost\u00e1lgico\u00a0<\/strong><\/em><em><strong>do R\u00e1diofobia-Lhesss!!!<\/strong><\/em><\/p>\n<p><span style=\"line-height: 1.5em;\">No pograma de hoje <strong><a href=\"https:\/\/twitter.com\/leoradiofobia\" target=\"_blank\" rel=\"noopener\">Leo Lopes<\/a>\u00a0<\/strong>e <a href=\"https:\/\/twitter.com\/marcoslauro\" target=\"_blank\" rel=\"noopener\"><strong>Marcos Lauro<\/strong><\/a>\u00a0<strong>desbloqueiam uma conquista na vida<\/strong> ao conseguirem\u00a0realizar o sonho de entrevistar <strong>um dos grandes nomes da comunica\u00e7\u00e3o e do\u00a0r\u00e1dio brasileiro de todos os tempos: o advogado, jornalista, rep\u00f3rter e radialista<\/strong> <a href=\"https:\/\/pt.wikipedia.org\/wiki\/Gil_Gomes\" target=\"_blank\" rel=\"noopener\"><strong>Gil Gomes<\/strong><\/a>!<\/span><\/p>\n<p>Paulistano do Jabaquara,\u00a0<strong>Gil C\u00e2ndido Gomes Jr.<\/strong> era gago e sonhava ser locutor esportivo, sonho que realizou em 1950 ainda aos 18 anos. \u00a0Ap\u00f3s cobrir um caso de agress\u00e3o sexual no edif\u00edcio onde estava instalada a R\u00e1dio Marconi em 1968, <strong>Gil Gomes<\/strong>\u00a0notou a aus\u00eancia de programas policiais no r\u00e1dio e em pouco tempo se tornaria\u00a0um dos maiores rep\u00f3rteres policiais do r\u00e1dio brasileiro, refer\u00eancia para quase todo profissional desse meio. Sua voz inconfund\u00edvel e seu talento \u00fanico para contar hist\u00f3rias, principalmente as policiais, fizeram dele um \u00edcone da comunica\u00e7\u00e3o e um dos radialistas mais imitados do Brasil.<\/p>\n<p>Em 2005 <strong>Gil Gomes<\/strong> come\u00e7ou a lutar contra o Mal de Parkinson, e por alguns anos permaneceu recluso e afastado da m\u00eddia, at\u00e9 que no final de 2016 foi contratado pela <strong>TV\u00a0Ultrafarma<\/strong> para apresentar um programa di\u00e1rio. A luta contra a doen\u00e7a continua, mas hoje <strong>podemos ver um Gil feliz e motivado aos 76 anos de idade<\/strong> por estar novamente em contato com seu p\u00fablico e fazendo o que tanto ama e fez t\u00e3o bem a vida toda!<\/p>\n<p>Se voc\u00ea curtiu o programa, n\u00e3o esque\u00e7a de\u00a0<strong>deixar seu coment\u00e1rio no post <\/strong>e <strong>interagir com a gente nas redes sociais<\/strong> tamb\u00e9m, dando seu feedback sobre o papo e sugerindo convidados para a nossa s\u00e9rie especial sobre <strong>Profissionais do R\u00e1dio<\/strong>!<\/p>\n<p><strong><span style=\"color: #990000;\">Recadalhos, surubex e TICLIMs:<\/span><\/strong><br \/>\n&#8211; <a href=\"http:\/\/leolop.es\/mixordias\" target=\"_blank\" rel=\"noopener\">Assine o <strong>Mix\u00f3rdias, o canal de v\u00eddeos do Leo Lopes<\/strong><\/a><br \/>\n&#8211; <a href=\"https:\/\/twitter.com\/mixordias\" target=\"_blank\" rel=\"noopener\">Siga o <strong>@mixordias<\/strong> no <strong>tuV\u00edtter<\/strong><\/a><br \/>\n&#8211; <a href=\"https:\/\/www.facebook.com\/canalmixordias\/\" target=\"_blank\" rel=\"noopener\">Curta a <strong>P\u00e1gina do Mix\u00f3rdias no Facebook<\/strong><\/a><br \/>\n&#8211; <a href=\"http:\/\/cursodepodcast.com.br\/podcast-guia-basico\/\" target=\"_blank\" rel=\"noopener\">Saiba como adquirir as <strong>EDI\u00c7\u00d5ES DIGITAIS<\/strong> de <strong>&#8220;Podcast: guia b\u00e1sico&#8221;<\/strong> para Kindle, iBook e ePub<\/a><br \/>\n&#8211; <a href=\"http:\/\/www.skoob.com.br\/livro\/436411ED494509-podcast-guia-basico\" target=\"_blank\" rel=\"noopener\">P\u00e1gina do livro <strong>&#8220;Podcast: guia b\u00e1sico&#8221;<\/strong> no SKOOB<\/a><br \/>\n&#8211; <a href=\"https:\/\/twitter.com\/radiofobia\" target=\"_blank\" rel=\"noopener\">Siga <strong>@radiofobia<\/strong> no tuV\u00edtter<\/a><br \/>\n&#8211; <a href=\"https:\/\/www.facebook.com\/radiofobiapodcast\" target=\"_blank\" rel=\"noopener\">Curta a p\u00e1gina do <strong>RADIOFOBIA<\/strong> no Facebook<\/a><br \/>\n&#8211; <a href=\"https:\/\/www.facebook.com\/radiofobiapm\" target=\"_blank\" rel=\"noopener\">Curta a p\u00e1gina da <strong>RADIOFOBIA Podcast e Multim\u00eddia<\/strong> no Facebook<\/a><\/p>\n<p><strong><span style=\"color: #990000;\">Conhe\u00e7a o CURSO DE PODCAST:<\/span><\/strong><br \/>\n&#8211; <a href=\"http:\/\/www.cursodepodcast.com.br\" target=\"_blank\" rel=\"noopener\">Acesse <strong>www.cursodepodcast.com.br<\/strong><\/a><br \/>\n&#8211; <a href=\"https:\/\/twitter.com\/CursoDePodcast\" target=\"_blank\" rel=\"noopener\">Siga o <strong>@cursodepodcast<\/strong> no tuV\u00edtter<\/a><br \/>\n&#8211; <a href=\"https:\/\/www.youtube.com\/user\/cursodepodcast\" target=\"_blank\" rel=\"noopener\">Inscreva-se no canal do <strong>Curso de Podcast<\/strong> no YouTube<\/a><br \/>\n&#8211; <a href=\"https:\/\/www.facebook.com\/cursodepodcast\" target=\"_blank\" rel=\"noopener\">Curta a p\u00e1gina do <strong>Curso de Podcast<\/strong> no Facebook<\/a><\/p>\n<p><strong><span style=\"color: #990000;\">Links citados no pograma:<\/span><\/strong><br \/>\n&#8211; <a href=\"https:\/\/www.youtube.com\/watch?v=T_oiiDJ-8fA&amp;t=36s\" target=\"_blank\" rel=\"noopener\">Hist\u00f3rias de Gil Gomes na R\u00e1dio Record<\/a><br \/>\n&#8211; <a href=\"https:\/\/www.youtube.com\/watch?v=jOG-_Knb_Bw&amp;t=120s\" target=\"_blank\" rel=\"noopener\">Gil Gomes na TV &#8211; Aqui Agora<\/a><br \/>\n&#8211; <a href=\"https:\/\/www.youtube.com\/watch?v=GWqVsqn4Wm8\" target=\"_blank\" rel=\"noopener\">Gil Gomes na TV Ultrafarma<\/a><br \/>\n&#8211; <a href=\"http:\/\/entretenimento.r7.com\/domingo-show\/videos\/exclusivo-gil-gomes-quebra-o-silencio-e-fala-sobre-luta-contra-mal-de-parkinson-07062016\" target=\"_blank\" rel=\"noopener\">Entrevista de Gil Gomes para Geraldo Lu\u00eds falando sobre sua luta contra o Parkinson<\/a><\/p>\n<p><span style=\"color: #990000;\"><strong>E-mails:<\/strong><\/span><br \/>\n<em>F\u00f3debeques<\/em> dos pogramas ou simples <em>abrax <\/em>e <em>recadalhos<\/em> podem ser enviados para <a title=\"[GMCP] Compose a new mail to podcast@radiofobia.com.br\" href=\"mailto:podcast@radiofobia.com.br\" target=\"blank\" rel=\"noreferrer\">podcast@radiofobia.com.br<\/a>!<\/p>\n<p><span style=\"color: #990000;\"><strong>Ou\u00e7a o R\u00e1diofobia Podcast nos principais agregadores:<\/strong><\/span><br \/>\n&#8211; <strong><a href=\"https:\/\/leolop.es\/rfobia_spotify\" target=\"_blank\" rel=\"noopener noreferrer\">Spotify<\/a><\/strong><br \/>\n&#8211; <strong><a href=\"https:\/\/leolop.es\/rfobia_googlepod\" target=\"_blank\" rel=\"noopener noreferrer\">Google Podcasts<\/a><\/strong><br \/>\n&#8211; <strong><a href=\"https:\/\/http:\/\/leolop.es\/rfitunes\" target=\"_blank\" rel=\"noopener noreferrer\">Apple Podcasts<\/a><\/strong><br \/>\n&#8211; <strong><a href=\"http:\/\/leolop.es\/rfobia_amazon\" target=\"_blank\" rel=\"noopener\">Amazon Music<\/a><\/strong><br \/>\n&#8211; <strong><a href=\"https:\/\/pca.st\/V12f\" target=\"_blank\" rel=\"noopener noreferrer\">PocketCasts<\/a><\/strong><\/p>\n<p><span style=\"color: #990000;\"><strong>Publicidade:<\/strong><\/span><br \/>\n<a href=\"http:\/\/leolop.es\/rfcontato\" target=\"_blank\" rel=\"noopener noreferrer\"><strong>Entre em contato<\/strong><\/a> e saiba como <em>anunciar sua marca, produto ou servi\u00e7o em nossos podcasts<\/em>.<\/p>\n","protected":false},"excerpt":{"rendered":"<p>No programa de hoje, Leo Lopes e Marcos Lauro realizam o sonho de entrevistar um dos maiores comunicadores do r\u00e1dio de todos os tempos: Gil Gomes!<\/p>\n","protected":false},"author":2,"featured_media":14804,"comment_status":"open","ping_status":"closed","sticky":false,"template":"","format":"standard","meta":{"footnotes":""},"categories":[13,32,35],"tags":[1197,1196,11,53,14,609,90,15,1198],"class_list":["post-14803","post","type-post","status-publish","format-standard","has-post-thumbnail","hentry","category-podcast","category-profissionais-do-radio","category-radiofobia","tag-aqui-agora","tag-gil-gomes","tag-leo-lopes","tag-marcos-lauro","tag-podcast","tag-radialistas","tag-radio","tag-radiofobia","tag-reporter"],"_links":{"self":[{"href":"https:\/\/radiofobia.com.br\/podcast\/wp-json\/wp\/v2\/posts\/14803","targetHints":{"allow":["GET"]}}],"collection":[{"href":"https:\/\/radiofobia.com.br\/podcast\/wp-json\/wp\/v2\/posts"}],"about":[{"href":"https:\/\/radiofobia.com.br\/podcast\/wp-json\/wp\/v2\/types\/post"}],"author":[{"embeddable":true,"href":"https:\/\/radiofobia.com.br\/podcast\/wp-json\/wp\/v2\/users\/2"}],"replies":[{"embeddable":true,"href":"https:\/\/radiofobia.com.br\/podcast\/wp-json\/wp\/v2\/comments?post=14803"}],"version-history":[{"count":9,"href":"https:\/\/radiofobia.com.br\/podcast\/wp-json\/wp\/v2\/posts\/14803\/revisions"}],"predecessor-version":[{"id":26193,"href":"https:\/\/radiofobia.com.br\/podcast\/wp-json\/wp\/v2\/posts\/14803\/revisions\/26193"}],"wp:featuredmedia":[{"embeddable":true,"href":"https:\/\/radiofobia.com.br\/podcast\/wp-json\/wp\/v2\/media\/14804"}],"wp:attachment":[{"href":"https:\/\/radiofobia.com.br\/podcast\/wp-json\/wp\/v2\/media?parent=14803"}],"wp:term":[{"taxonomy":"category","embeddable":true,"href":"https:\/\/radiofobia.com.br\/podcast\/wp-json\/wp\/v2\/categories?post=14803"},{"taxonomy":"post_tag","embeddable":true,"href":"https:\/\/radiofobia.com.br\/podcast\/wp-json\/wp\/v2\/tags?post=14803"}],"curies":[{"name":"wp","href":"https:\/\/api.w.org\/{rel}","templated":true}]}}