{"id":15009,"date":"2017-06-26T00:01:59","date_gmt":"2017-06-26T03:01:59","guid":{"rendered":"http:\/\/radiofobia.com.br\/podcast\/?p=15009"},"modified":"2022-03-15T09:51:38","modified_gmt":"2022-03-15T12:51:38","slug":"radiofobia-215-apresentando-o-podcast-voz-off","status":"publish","type":"post","link":"https:\/\/radiofobia.com.br\/podcast\/2017\/06\/radiofobia-215-apresentando-o-podcast-voz-off\/","title":{"rendered":"RADIOFOBIA 215 &#8211; Apresentando o podcast Voz Off"},"content":{"rendered":"<p><iframe title=\"RADIOFOBIA 215 \u2013 Apresentando o podcast Voz Off\" src=\"https:\/\/omny.fm\/shows\/radiofobia-podcast\/radiofobia-215-apresentando-o-podcast-voz-off\/embed\" width=\"100%\" height=\"180\" frameborder=\"0\"><\/iframe><\/p>\n<p><em><strong>Sauda\u00e7\u00f5es, ouvinte desocupado\u00a0<\/strong><\/em><em><strong>do R\u00e1diofobia-Lhesss!!!<\/strong><\/em><\/p>\n<p><span style=\"line-height: 1.5em;\">No pograma de hoje <strong><a href=\"https:\/\/twitter.com\/leoradiofobia\" target=\"_blank\" rel=\"noopener noreferrer\">Leo Lopes<\/a>\u00a0<\/strong>e<strong>\u00a0<a href=\"https:\/\/twitter.com\/johnveejones\" target=\"_blank\" rel=\"noopener\">Vitinho <\/a><\/strong>fazem uma visita ao <a href=\"http:\/\/echos.com.br\/\" target=\"_blank\" rel=\"noopener\"><strong>Echo&#8217;s Studio<\/strong><\/a> em S\u00e3o Paulo para conversar com os mestres <a href=\"https:\/\/twitter.com\/antonioviviani\" target=\"_blank\" rel=\"noopener\"><strong>Antonio Viviani<\/strong><\/a> e <a href=\"https:\/\/twitter.com\/nicolalauletta\" target=\"_blank\" rel=\"noopener\"><strong>Nicola Lauletta<\/strong><\/a> e apresentar o projeto de um novo podcast: o <strong>VOZ OFF<\/strong>!<\/span><\/p>\n<p>Voc\u00ea vai conhecer um pouco mais sobre a carreira do Antonio Viviani (que j\u00e1 foi nosso convidado no <a href=\"http:\/\/radiofobia.com.br\/podcast\/2013\/11\/radiofobia-126-com-antonio-viviani\/\" target=\"_blank\" rel=\"noopener\">R\u00c1DIOFOBIA 126<\/a>), conhecer a hist\u00f3ria do Nicola e do Echo&#8217;s Studio, ouvi est\u00f3rias dos bastidores da locu\u00e7\u00e3o publicit\u00e1ria no Brasil e saber de onde surgiu a ideia e como ser\u00e1 produzido o <strong>podcast VOZ OFF<\/strong>, que <strong>ser\u00e1 publicado toda primeira sexta-feira de cada m\u00eas a partir do dia 07 de julho de 2017<\/strong>!<\/p>\n<p>N\u00e3o se esque\u00e7a de\u00a0<strong>deixar seu coment\u00e1rio no post <\/strong>e <strong>interagir com a gente nas redes sociais<\/strong>, <strong>dando feedback sobre o papo e sugerindo convidados<\/strong>\u00a0para as pr\u00f3ximas edi\u00e7\u00f5es do seu podcast preferido, ok?<\/p>\n<p><center><iframe src=\"https:\/\/www.youtube.com\/embed\/6Ps_HLvTnq0\" width=\"640\" height=\"360\" frameborder=\"0\" allowfullscreen=\"allowfullscreen\"><\/iframe><\/center>&nbsp;<\/p>\n<p><strong><span style=\"color: #990000;\">Recadalhos, surubex e TICLIMs:<\/span><\/strong><br \/>\n&#8211; <strong><a href=\"http:\/\/leolop.es\/rfpn_itunes\" target=\"_blank\" rel=\"noopener\">R\u00e1diofobia Podcast Network no iTunes<\/a><\/strong><br \/>\n&#8211; <a href=\"http:\/\/radiofobia.com.br\/contato\" target=\"_blank\" rel=\"noopener\">Entre em contato conosco para fazer uma cota\u00e7\u00e3o de <strong>loca\u00e7\u00e3o do Loop Est\u00fadio e gravar seu podcast com qualidade profissional<\/strong><\/a><br \/>\n&#8211; <a href=\"http:\/\/leolop.es\/mixordias\" target=\"_blank\" rel=\"noopener noreferrer\">Assine o <strong>Mix\u00f3rdias, o canal de v\u00eddeos do Leo Lopes<\/strong><\/a><br \/>\n&#8211; <a href=\"https:\/\/twitter.com\/mixordias\" target=\"_blank\" rel=\"noopener noreferrer\">Siga o <strong>@mixordias<\/strong> no <strong>tuV\u00edtter<\/strong><\/a><br \/>\n&#8211; <a href=\"https:\/\/www.facebook.com\/canalmixordias\/\" target=\"_blank\" rel=\"noopener noreferrer\">Curta a <strong>P\u00e1gina do Mix\u00f3rdias no Facebook<\/strong><\/a><br \/>\n&#8211; <a href=\"http:\/\/cursodepodcast.com.br\/podcast-guia-basico\/\" target=\"_blank\" rel=\"noopener noreferrer\">Saiba como adquirir as <strong>EDI\u00c7\u00d5ES DIGITAIS<\/strong> de <strong>&#8220;Podcast: guia b\u00e1sico&#8221;<\/strong> para Kindle, iBook e ePub<\/a><br \/>\n&#8211; <a href=\"http:\/\/www.skoob.com.br\/livro\/436411ED494509-podcast-guia-basico\" target=\"_blank\" rel=\"noopener noreferrer\">P\u00e1gina do livro <strong>&#8220;Podcast: guia b\u00e1sico&#8221;<\/strong> no SKOOB<\/a><br \/>\n&#8211; <a href=\"https:\/\/twitter.com\/radiofobia\" target=\"_blank\" rel=\"noopener noreferrer\">Siga <strong>@radiofobia<\/strong> no tuV\u00edtter<\/a><br \/>\n&#8211; <a href=\"https:\/\/www.facebook.com\/radiofobiapodcast\" target=\"_blank\" rel=\"noopener noreferrer\">Curta a p\u00e1gina do <strong>RADIOFOBIA<\/strong> no Facebook<\/a><br \/>\n&#8211; <a href=\"https:\/\/www.facebook.com\/radiofobiapm\" target=\"_blank\" rel=\"noopener noreferrer\">Curta a p\u00e1gina da <strong>RADIOFOBIA Podcast e Multim\u00eddia<\/strong> no Facebook<\/a><\/p>\n<p><strong><span style=\"color: #990000;\">Conhe\u00e7a o CURSO DE PODCAST:<\/span><\/strong><br \/>\n&#8211; <a href=\"http:\/\/www.cursodepodcast.com.br\" target=\"_blank\" rel=\"noopener noreferrer\">Acesse <strong>www.cursodepodcast.com.br<\/strong><\/a><br \/>\n&#8211; <a href=\"https:\/\/twitter.com\/CursoDePodcast\" target=\"_blank\" rel=\"noopener noreferrer\">Siga o <strong>@cursodepodcast<\/strong> no tuV\u00edtter<\/a><br \/>\n&#8211; <a href=\"https:\/\/www.youtube.com\/user\/cursodepodcast\" target=\"_blank\" rel=\"noopener noreferrer\">Inscreva-se no canal do <strong>Curso de Podcast<\/strong> no YouTube<\/a><br \/>\n&#8211; <a href=\"https:\/\/www.facebook.com\/cursodepodcast\" target=\"_blank\" rel=\"noopener noreferrer\">Curta a p\u00e1gina do <strong>Curso de Podcast<\/strong> no Facebook<\/a><\/p>\n<p><strong><span style=\"color: #990000;\">Links citados no pograma:<\/span><\/strong><br \/>\n&#8211; <a href=\"http:\/\/radiofobia.com.br\/podcast\/2013\/11\/radiofobia-126-com-antonio-viviani\/\" target=\"_blank\" rel=\"noopener\">RADIOFOBIA 126 &#8211; com Antonio Viviani<\/a><br \/>\n&#8211; <a href=\"https:\/\/www.youtube.com\/watch?v=ze6qtdn6PfI\" target=\"_blank\" rel=\"noopener\">comercial do Caf\u00e9 Seleto<\/a><br \/>\n&#8211; <a href=\"https:\/\/www.instagram.com\/p\/BUUSk81F9rO\/?taken-by=leoradiofobia\" target=\"_blank\" rel=\"noopener\">gravador de rolo antigo do Nicola<\/a><br \/>\n&#8211; <a href=\"https:\/\/soundcloud.com\/podcast-e-se\/ayrton-senna\" target=\"_blank\" rel=\"noopener\">E se&#8230; #01 &#8211; Ayrton Senna<\/a><br \/>\n&#8211; <a href=\"http:\/\/radiofobia.com.br\/podcast\/2014\/07\/radiofobia-143-com-odayr-baptista\/\" target=\"_blank\" rel=\"noopener\">RADIOFOBIA 143 &#8211; com Odayr Baptista<\/a><br \/>\n&#8211; <a href=\"http:\/\/echos.com.br\/\" target=\"_blank\" rel=\"noopener\">site do Echo&#8217;s Studio<\/a><br \/>\n&#8211; <a href=\"https:\/\/www.facebook.com\/EchosStudios\" target=\"_blank\" rel=\"noopener\">curta a p\u00e1gina do Echo&#8217;s Studio no Facebook<\/a><br \/>\n&#8211; <a href=\"http:\/\/vozesbrasileiras.com\/\" target=\"_blank\" rel=\"noopener\">Vozes Brasileiras<\/a><br \/>\n&#8211; <a href=\"https:\/\/twitter.com\/nicolalauletta\" target=\"_blank\" rel=\"noopener\">siga o @nicolalauletta no Twitter<\/a><br \/>\n&#8211; <a href=\"https:\/\/twitter.com\/antonioviviani\" target=\"_blank\" rel=\"noopener\">siga o @antonioviviani no Twitter<\/a><br \/>\n&#8211; <a href=\"https:\/\/www.facebook.com\/antoniovivianioficial\/\" target=\"_blank\" rel=\"noopener\">curta a p\u00e1gina do Antonio Viviani no Facebook<\/a><br \/>\n&#8211; <a href=\"https:\/\/www.clubedavoz.com.br\/locutor-antonioviviani\/\" target=\"_blank\" rel=\"noopener\">Antonio Viviani &#8211; Clube da Voz<\/a><br \/>\n&#8211;\u00a0<a href=\"https:\/\/www.facebook.com\/workshoplocucao\" target=\"_blank\" rel=\"noopener\">Workshop de Locu\u00e7\u00e3o Comercial<\/a><br \/>\n&#8211; <a href=\"http:\/\/leolop.es\/feedvozoff\" target=\"_blank\" rel=\"noopener\"><strong>assine o FEED do Voz Off<\/strong><\/a><\/p>\n<p><span style=\"color: #990000;\"><strong>E-mails:<\/strong><\/span><br \/>\n<em>F\u00f3debeques<\/em> dos pogramas ou simples <em>abrax <\/em>e <em>recadalhos<\/em> podem ser enviados para <a title=\"[GMCP] Compose a new mail to podcast@radiofobia.com.br\" href=\"mailto:podcast@radiofobia.com.br\" target=\"blank\">podcast@radiofobia.com.br<\/a>!<\/p>\n<p><span style=\"color: #990000;\"><strong>Ou\u00e7a o R\u00e1diofobia Podcast nos principais agregadores:<\/strong><\/span><br \/>\n&#8211; <strong><a href=\"https:\/\/leolop.es\/rfobia_spotify\" target=\"_blank\" rel=\"noopener noreferrer\">Spotify<\/a><\/strong><br \/>\n&#8211; <strong><a href=\"https:\/\/leolop.es\/rfobia_googlepod\" target=\"_blank\" rel=\"noopener noreferrer\">Google Podcasts<\/a><\/strong><br \/>\n&#8211; <strong><a href=\"https:\/\/http:\/\/leolop.es\/rfitunes\" target=\"_blank\" rel=\"noopener noreferrer\">Apple Podcasts<\/a><\/strong><br \/>\n&#8211; <strong><a href=\"http:\/\/leolop.es\/rfobia_amazon\" target=\"_blank\" rel=\"noopener\">Amazon Music<\/a><\/strong><br \/>\n&#8211; <strong><a href=\"https:\/\/pca.st\/V12f\" target=\"_blank\" rel=\"noopener noreferrer\">PocketCasts<\/a><\/strong><\/p>\n<p><span style=\"color: #990000;\"><strong>Publicidade:<\/strong><\/span><br \/>\n<a href=\"http:\/\/leolop.es\/rfcontato\" target=\"_blank\" rel=\"noopener noreferrer\"><strong>Entre em contato<\/strong><\/a> e saiba como <em>anunciar sua marca, produto ou servi\u00e7o em nossos podcasts<\/em>.<\/p>\n","protected":false},"excerpt":{"rendered":"<p>No programa de hoje Leo Lopes e Vitinho foram at\u00e9 o Echo&#8217;s Studio conversar com Antonio Viviani e Nicola Lauletta e apresentar um novo podcast: o VOZ OFF!<\/p>\n","protected":false},"author":2,"featured_media":15020,"comment_status":"open","ping_status":"closed","sticky":false,"template":"","format":"standard","meta":{"footnotes":""},"categories":[13,32,35,1220],"tags":[675,1222,1224,11,607,1221,419,217,1223],"class_list":["post-15009","post","type-post","status-publish","format-standard","has-post-thumbnail","hentry","category-podcast","category-profissionais-do-radio","category-radiofobia","category-vozoff","tag-antonio-viviani","tag-echos-studio","tag-jingles","tag-leo-lopes","tag-locucao","tag-nicola-lauletta","tag-publicidade","tag-vitor-rossi","tag-voz-off"],"_links":{"self":[{"href":"https:\/\/radiofobia.com.br\/podcast\/wp-json\/wp\/v2\/posts\/15009","targetHints":{"allow":["GET"]}}],"collection":[{"href":"https:\/\/radiofobia.com.br\/podcast\/wp-json\/wp\/v2\/posts"}],"about":[{"href":"https:\/\/radiofobia.com.br\/podcast\/wp-json\/wp\/v2\/types\/post"}],"author":[{"embeddable":true,"href":"https:\/\/radiofobia.com.br\/podcast\/wp-json\/wp\/v2\/users\/2"}],"replies":[{"embeddable":true,"href":"https:\/\/radiofobia.com.br\/podcast\/wp-json\/wp\/v2\/comments?post=15009"}],"version-history":[{"count":17,"href":"https:\/\/radiofobia.com.br\/podcast\/wp-json\/wp\/v2\/posts\/15009\/revisions"}],"predecessor-version":[{"id":26204,"href":"https:\/\/radiofobia.com.br\/podcast\/wp-json\/wp\/v2\/posts\/15009\/revisions\/26204"}],"wp:featuredmedia":[{"embeddable":true,"href":"https:\/\/radiofobia.com.br\/podcast\/wp-json\/wp\/v2\/media\/15020"}],"wp:attachment":[{"href":"https:\/\/radiofobia.com.br\/podcast\/wp-json\/wp\/v2\/media?parent=15009"}],"wp:term":[{"taxonomy":"category","embeddable":true,"href":"https:\/\/radiofobia.com.br\/podcast\/wp-json\/wp\/v2\/categories?post=15009"},{"taxonomy":"post_tag","embeddable":true,"href":"https:\/\/radiofobia.com.br\/podcast\/wp-json\/wp\/v2\/tags?post=15009"}],"curies":[{"name":"wp","href":"https:\/\/api.w.org\/{rel}","templated":true}]}}