{"id":15182,"date":"2017-08-04T00:01:41","date_gmt":"2017-08-04T03:01:41","guid":{"rendered":"http:\/\/radiofobia.com.br\/podcast\/?p=15182"},"modified":"2022-04-05T19:02:26","modified_gmt":"2022-04-05T22:02:26","slug":"voz-off-002-ferreira-martins","status":"publish","type":"post","link":"https:\/\/radiofobia.com.br\/podcast\/2017\/08\/voz-off-002-ferreira-martins\/","title":{"rendered":"VOZ OFF 002 &#8211; Ferreira Martins"},"content":{"rendered":"<p><iframe title=\"VOZ OFF 002 \u2013 Ferreira Martins\" src=\"https:\/\/omny.fm\/shows\/voz-off\/voz-off-002-ferreira-martins\/embed\" width=\"100%\" height=\"180\" frameborder=\"0\"><\/iframe><\/p>\n<p><em><strong>Sauda\u00e7\u00f5es, ouvinte apaixonado por locu\u00e7\u00e3o: est\u00e1 NO AR o segundo podcast VOZ OFF!<\/strong><\/em><\/p>\n<p>Neste segundo epis\u00f3dio, <a href=\"https:\/\/twitter.com\/antonioviviani\" target=\"_blank\" rel=\"noopener\"><strong>Antonio Viviani<\/strong><\/a> e <a href=\"https:\/\/twitter.com\/nicolalauletta\" target=\"_blank\" rel=\"noopener\"><strong>Nicola Lauletta<\/strong><\/a> batem um papo com outra lenda da locu\u00e7\u00e3o de r\u00e1dio, de TV e da publicidade: A VOZ\u00a0<strong>Ferreira Martins<\/strong>!<\/p>\n<p>O produtor de \u00e1udio e publicit\u00e1rio <strong>Gustavo Franco<\/strong> tamb\u00e9m participou como convidado desse bate-papo, que foi gravado no <a href=\"https:\/\/www.facebook.com\/EchosStudios\" target=\"_blank\" rel=\"noopener\"><strong>Echo&#8217;s Studio<\/strong><\/a> no ano de 2015.<\/p>\n<p>O Ferreira Martins \u00e9 muito reservado, mas n\u00f3s conseguimos arrancar boas hist\u00f3rias sobre a sua vida e a sua carreira de sucesso na m\u00eddia e na propaganda, entre elas algumas hil\u00e1rias como o caso do locutor que vivia falando a frase <strong>&#8220;Na Fossa Negra&#8230;&#8221;<\/strong> pelos cantos . Esse ali\u00e1s foi o mote que nos fez incluir, no final do podcast, algumas interpreta\u00e7\u00f5es desse verdadeiro mantra por outras 14 lendas da locu\u00e7\u00e3o! \u00c9 ouvir, conferir e se divertir!<\/p>\n<p>Com a gente e pra voc\u00eas: <strong>Ferreira Martins<\/strong>!<\/p>\n<p><strong style=\"color: #990000;\">Para seguir nas redes sociais:<\/strong><br \/>\n&#8211; <a href=\"https:\/\/www.facebook.com\/podcastvozoff\/\" target=\"_blank\" rel=\"noopener\">Curta a p\u00e1gina do podcast <strong>Voz Off<\/strong> no Facebook<\/a><br \/>\n&#8211; <a href=\"https:\/\/twitter.com\/podcastvozoff\" target=\"_blank\" rel=\"noopener\">Siga o <strong>@podcastvozoff<\/strong> no Twitter<\/a><br \/>\n&#8211; <a href=\"https:\/\/www.facebook.com\/antoniovivianioficial\/\" target=\"_blank\" rel=\"noopener\">Curta a p\u00e1gina do <strong>Antonio Viviani<\/strong> no Facebook<\/a><br \/>\n&#8211; <a href=\"https:\/\/twitter.com\/antonioviviani\" target=\"_blank\" rel=\"noopener\">Siga o <strong>@antonioviviani<\/strong> no Twitter<\/a><br \/>\n&#8211; <a href=\"https:\/\/twitter.com\/nicolalauletta\" target=\"_blank\" rel=\"noopener\">Siga o <strong>@nicolalauletta<\/strong> no Twitter<\/a><br \/>\n&#8211; <a href=\"https:\/\/www.facebook.com\/EchosStudios\" target=\"_blank\" rel=\"noopener\">Curta a p\u00e1gina do <strong>Echo&#8217;s Studio<\/strong> no Facebook<\/a><\/p>\n<p><strong style=\"color: #990000;\">Assine o FEED do Voz Off:<\/strong><br \/>\nPara ouvir o Voz Off no seu agregador de podcasts preferido, <a href=\"http:\/\/leolop.es\/feedvozoff\" target=\"_blank\" rel=\"noopener noreferrer\"><strong>clique aqui e assine o nosso FEED<\/strong><\/a>!<\/p>\n<p><strong style=\"color: #990000;\">Assine e avalie nosso podcast no iTunes:<\/strong><br \/>\nSe voc\u00ea usa o<strong> iTunes<\/strong> no seu computador, tablet ou smartphone, <a href=\"https:\/\/itunes.apple.com\/us\/podcast\/id1252595385\" target=\"_blank\" rel=\"noopener noreferrer\"><strong>assine e avalie nosso podcast clicando aqui<\/strong><\/a>!<\/p>\n<p><strong style=\"color: #990000;\">Voz Off no Spotify:<\/strong><br \/>\nCaso prefira ouvir o <strong>Voz Off <\/strong>no<strong> Spotify<\/strong>, <a href=\"https:\/\/open.spotify.com\/show\/16gSvztELYfMu42Vu22gug?si=UW6_DO3bQwaYUt4aNjb4TQ\" target=\"_blank\" rel=\"noopener noreferrer\"><strong>\u00e9 s\u00f3 clicar aqui e assinar o nosso podcast no servi\u00e7o de streaming<\/strong><\/a>!<\/p>\n<p><span style=\"color: #990000;\"><strong>E-mails:<\/strong><\/span><br \/>\nMande seu feedback pra gente atrav\u00e9s do e-mail\u00a0<a href=\"mailto:podcastvozoff@gmail.com\"><strong>podcastvozoff@gmail.com<\/strong><\/a>!<\/p>\n<p><span style=\"color: #990000;\"><strong>Publicidade:<\/strong><\/span><br \/>\n<a href=\"http:\/\/leolop.es\/rfcontato\" target=\"_blank\" rel=\"noopener noreferrer\"><strong>Entre em contato<\/strong><\/a> e saiba como <em>anunciar sua marca, produto ou servi\u00e7o em nossos podcasts<\/em>.<\/p>\n","protected":false},"excerpt":{"rendered":"<p>No segundo Voz Off Antonio Viviani, Nicola Lauletta e Gustavo Franco conversam com uma das vozes mais ic\u00f4nicas da publicidade brasileira: Ferreira Martins!<\/p>\n","protected":false},"author":2,"featured_media":15183,"comment_status":"open","ping_status":"closed","sticky":false,"template":"","format":"standard","meta":{"footnotes":""},"categories":[13,1220],"tags":[675,1222,1234,1235,607,1221,14,419,90,1223],"class_list":["post-15182","post","type-post","status-publish","format-standard","has-post-thumbnail","hentry","category-podcast","category-vozoff","tag-antonio-viviani","tag-echos-studio","tag-ferreira-martins","tag-gustavo-franco","tag-locucao","tag-nicola-lauletta","tag-podcast","tag-publicidade","tag-radio","tag-voz-off"],"_links":{"self":[{"href":"https:\/\/radiofobia.com.br\/podcast\/wp-json\/wp\/v2\/posts\/15182","targetHints":{"allow":["GET"]}}],"collection":[{"href":"https:\/\/radiofobia.com.br\/podcast\/wp-json\/wp\/v2\/posts"}],"about":[{"href":"https:\/\/radiofobia.com.br\/podcast\/wp-json\/wp\/v2\/types\/post"}],"author":[{"embeddable":true,"href":"https:\/\/radiofobia.com.br\/podcast\/wp-json\/wp\/v2\/users\/2"}],"replies":[{"embeddable":true,"href":"https:\/\/radiofobia.com.br\/podcast\/wp-json\/wp\/v2\/comments?post=15182"}],"version-history":[{"count":4,"href":"https:\/\/radiofobia.com.br\/podcast\/wp-json\/wp\/v2\/posts\/15182\/revisions"}],"predecessor-version":[{"id":26765,"href":"https:\/\/radiofobia.com.br\/podcast\/wp-json\/wp\/v2\/posts\/15182\/revisions\/26765"}],"wp:featuredmedia":[{"embeddable":true,"href":"https:\/\/radiofobia.com.br\/podcast\/wp-json\/wp\/v2\/media\/15183"}],"wp:attachment":[{"href":"https:\/\/radiofobia.com.br\/podcast\/wp-json\/wp\/v2\/media?parent=15182"}],"wp:term":[{"taxonomy":"category","embeddable":true,"href":"https:\/\/radiofobia.com.br\/podcast\/wp-json\/wp\/v2\/categories?post=15182"},{"taxonomy":"post_tag","embeddable":true,"href":"https:\/\/radiofobia.com.br\/podcast\/wp-json\/wp\/v2\/tags?post=15182"}],"curies":[{"name":"wp","href":"https:\/\/api.w.org\/{rel}","templated":true}]}}