{"id":15251,"date":"2017-09-01T00:01:08","date_gmt":"2017-09-01T03:01:08","guid":{"rendered":"http:\/\/radiofobia.com.br\/podcast\/?p=15251"},"modified":"2022-04-05T19:03:20","modified_gmt":"2022-04-05T22:03:20","slug":"voz-off-003-archimedes-messina","status":"publish","type":"post","link":"https:\/\/radiofobia.com.br\/podcast\/2017\/09\/voz-off-003-archimedes-messina\/","title":{"rendered":"VOZ OFF 003 &#8211; Archimedes Messina"},"content":{"rendered":"<p><iframe title=\"VOZ OFF 003 \u2013 Archimedes Messina\" src=\"https:\/\/omny.fm\/shows\/voz-off\/voz-off-003-archimedes-messina\/embed\" width=\"100%\" height=\"180\" frameborder=\"0\"><\/iframe><\/p>\n<p><em><strong>Sauda\u00e7\u00f5es, ouvinte apaixonado por locu\u00e7\u00e3o: est\u00e1 NO AR o terceiro podcast VOZ OFF!<\/strong><\/em><\/p>\n<p>Neste terceiro epis\u00f3dio, <a href=\"https:\/\/twitter.com\/antonioviviani\" target=\"_blank\" rel=\"noopener\"><strong>Antonio Viviani<\/strong><\/a> e <a href=\"https:\/\/twitter.com\/nicolalauletta\" target=\"_blank\" rel=\"noopener\"><strong>Nicola Lauletta<\/strong><\/a> batem um papo com um dos maiores jinglistas de todos os tempos, que come\u00e7ou na locu\u00e7\u00e3o, mas a sua hist\u00f3ria foi mudando gra\u00e7as \u00e0 sua facilidade em criar m\u00fasicas que caiam rapidamente no gosto popular.<\/p>\n<p>Direto de uma <em>&#8220;little box of f\u00f3sforus&#8221;<\/em>: <strong>Archimedes Messina<\/strong>!<\/p>\n<p>A conversa aconteceu em 2015 e todo mundo vai ficar sabendo como foram criadas marchinhas de sucesso no carnaval, os jingles famosos da <strong>Varig<\/strong> e do <strong>Caf\u00e9 Seleto<\/strong>, assim como o tema de abertura do <strong>Programa Silvio Santos<\/strong>, que todo mundo conhece e sabe de cor!<\/p>\n<p>O Messina nos deixou em agosto deste ano. N\u00e3o fosse essa triste not\u00edcia, anunciar\u00edamos ao som do seu tema mais famoso: <em>&#8220;O Messina vem a\u00ed, l\u00e1 l\u00e1, l\u00e1l\u00e1l\u00e1l\u00e1&#8230;&#8221;<\/em>!<\/p>\n<p>Com a gente e pra voc\u00eas: <strong>ARCHIMEDES MESSINA<\/strong>!<\/p>\n<p><strong style=\"color: #990000;\">Para seguir nas redes sociais:<\/strong><br \/>\n&#8211; <a href=\"https:\/\/www.facebook.com\/podcastvozoff\/\" target=\"_blank\" rel=\"noopener\">Curta a p\u00e1gina do podcast <strong>Voz Off<\/strong> no Facebook<\/a><br \/>\n&#8211; <a href=\"https:\/\/twitter.com\/podcastvozoff\" target=\"_blank\" rel=\"noopener\">Siga o <strong>@podcastvozoff<\/strong> no Twitter<\/a><br \/>\n&#8211; <a href=\"https:\/\/www.facebook.com\/antoniovivianioficial\/\" target=\"_blank\" rel=\"noopener\">Curta a p\u00e1gina do <strong>Antonio Viviani<\/strong> no Facebook<\/a><br \/>\n&#8211; <a href=\"https:\/\/twitter.com\/antonioviviani\" target=\"_blank\" rel=\"noopener\">Siga o <strong>@antonioviviani<\/strong> no Twitter<\/a><br \/>\n&#8211; <a href=\"https:\/\/twitter.com\/nicolalauletta\" target=\"_blank\" rel=\"noopener\">Siga o <strong>@nicolalauletta<\/strong> no Twitter<\/a><br \/>\n&#8211; <a href=\"https:\/\/www.facebook.com\/EchosStudios\" target=\"_blank\" rel=\"noopener\">Curta a p\u00e1gina do <strong>Echo&#8217;s Studio<\/strong> no Facebook<\/a><\/p>\n<p><strong style=\"color: #990000;\">Assine o FEED do Voz Off:<\/strong><br \/>\nPara ouvir o Voz Off no seu agregador de podcasts preferido, <a href=\"http:\/\/leolop.es\/feedvozoff\" target=\"_blank\" rel=\"noopener noreferrer\"><strong>clique aqui e assine o nosso FEED<\/strong><\/a>!<\/p>\n<p><strong style=\"color: #990000;\">Assine e avalie nosso podcast no iTunes:<\/strong><br \/>\nSe voc\u00ea usa o<strong> iTunes<\/strong> no seu computador, tablet ou smartphone, <a href=\"https:\/\/itunes.apple.com\/us\/podcast\/id1252595385\" target=\"_blank\" rel=\"noopener noreferrer\"><strong>assine e avalie nosso podcast clicando aqui<\/strong><\/a>!<\/p>\n<p><strong style=\"color: #990000;\">Voz Off no Spotify:<\/strong><br \/>\nCaso prefira ouvir o <strong>Voz Off <\/strong>no<strong> Spotify<\/strong>, <a href=\"https:\/\/open.spotify.com\/show\/16gSvztELYfMu42Vu22gug?si=UW6_DO3bQwaYUt4aNjb4TQ\" target=\"_blank\" rel=\"noopener noreferrer\"><strong>\u00e9 s\u00f3 clicar aqui e assinar o nosso podcast no servi\u00e7o de streaming<\/strong><\/a>!<\/p>\n<p><span style=\"color: #990000;\"><strong>E-mails:<\/strong><\/span><br \/>\nMande seu feedback pra gente atrav\u00e9s do e-mail\u00a0<a href=\"mailto:podcastvozoff@gmail.com\"><strong>podcastvozoff@gmail.com<\/strong><\/a>!<\/p>\n<p><span style=\"color: #990000;\"><strong>Publicidade:<\/strong><\/span><br \/>\n<a href=\"http:\/\/leolop.es\/rfcontato\" target=\"_blank\" rel=\"noopener noreferrer\"><strong>Entre em contato<\/strong><\/a> e saiba como <em>anunciar sua marca, produto ou servi\u00e7o em nossos podcasts<\/em>.<\/p>\n","protected":false},"excerpt":{"rendered":"<p>No terceiro Voz Off Antonio Viviani e Nicola Lauletta batem um papo com um dos maiores criadores de jingles de todos os tempos: Archimedes Messina!<\/p>\n","protected":false},"author":2,"featured_media":15253,"comment_status":"open","ping_status":"closed","sticky":false,"template":"","format":"standard","meta":{"footnotes":""},"categories":[13,1220],"tags":[675,1224,1221,14,419,1223],"class_list":["post-15251","post","type-post","status-publish","format-standard","has-post-thumbnail","hentry","category-podcast","category-vozoff","tag-antonio-viviani","tag-jingles","tag-nicola-lauletta","tag-podcast","tag-publicidade","tag-voz-off"],"_links":{"self":[{"href":"https:\/\/radiofobia.com.br\/podcast\/wp-json\/wp\/v2\/posts\/15251","targetHints":{"allow":["GET"]}}],"collection":[{"href":"https:\/\/radiofobia.com.br\/podcast\/wp-json\/wp\/v2\/posts"}],"about":[{"href":"https:\/\/radiofobia.com.br\/podcast\/wp-json\/wp\/v2\/types\/post"}],"author":[{"embeddable":true,"href":"https:\/\/radiofobia.com.br\/podcast\/wp-json\/wp\/v2\/users\/2"}],"replies":[{"embeddable":true,"href":"https:\/\/radiofobia.com.br\/podcast\/wp-json\/wp\/v2\/comments?post=15251"}],"version-history":[{"count":4,"href":"https:\/\/radiofobia.com.br\/podcast\/wp-json\/wp\/v2\/posts\/15251\/revisions"}],"predecessor-version":[{"id":26766,"href":"https:\/\/radiofobia.com.br\/podcast\/wp-json\/wp\/v2\/posts\/15251\/revisions\/26766"}],"wp:featuredmedia":[{"embeddable":true,"href":"https:\/\/radiofobia.com.br\/podcast\/wp-json\/wp\/v2\/media\/15253"}],"wp:attachment":[{"href":"https:\/\/radiofobia.com.br\/podcast\/wp-json\/wp\/v2\/media?parent=15251"}],"wp:term":[{"taxonomy":"category","embeddable":true,"href":"https:\/\/radiofobia.com.br\/podcast\/wp-json\/wp\/v2\/categories?post=15251"},{"taxonomy":"post_tag","embeddable":true,"href":"https:\/\/radiofobia.com.br\/podcast\/wp-json\/wp\/v2\/tags?post=15251"}],"curies":[{"name":"wp","href":"https:\/\/api.w.org\/{rel}","templated":true}]}}