{"id":15486,"date":"2017-12-25T00:01:50","date_gmt":"2017-12-25T02:01:50","guid":{"rendered":"http:\/\/radiofobia.com.br\/podcast\/?p=15486"},"modified":"2022-04-05T11:38:20","modified_gmt":"2022-04-05T14:38:20","slug":"alo-tenica-61-digital-minds-o-primeiro-podcast-do-brasil","status":"publish","type":"post","link":"https:\/\/radiofobia.com.br\/podcast\/2017\/12\/alo-tenica-61-digital-minds-o-primeiro-podcast-do-brasil\/","title":{"rendered":"Al\u00f4 T\u00e9nica! #61 &#8211; Digital Minds: o primeiro podcast do Brasil"},"content":{"rendered":"<p><iframe title=\"Al\u00f4 T\u00e9nica! #61 \u2013 Digital Minds: o primeiro podcast do Brasil\" src=\"https:\/\/omny.fm\/shows\/alo-tenica\/al-t-nica-61-digital-minds-o-primeiro-podcast-do-b\/embed\" width=\"100%\" height=\"180\" frameborder=\"0\"><\/iframe><\/p>\n<p><em><strong>Sauda\u00e7\u00f5es, ouvinte entusiasta do podcast!<\/strong><\/em><\/p>\n<p>Est\u00e1 no ar mais um\u00a0<strong><a href=\"http:\/\/twitter.com\/alotenica\" target=\"_blank\" rel=\"noopener noreferrer\">Al\u00f4 T\u00e9nica!<\/a><\/strong>, o seu\u00a0podcast mensal sobre produ\u00e7\u00e3o de podcasts, apresentado por\u00a0<a style=\"font-weight: bold;\" href=\"http:\/\/twitter.com\/leoradiofobia\" target=\"_blank\" rel=\"noopener noreferrer\">Leo Lopes<\/a>\u00a0e esclarecendo as mais diversas d\u00favidas e perguntas relacionadas \u00e0 produ\u00e7\u00e3o de podcasts.<\/p>\n<p>Esperamos com este programa\u00a0ajuda-lo a entender um pouco melhor os v\u00e1rios aspectos dessa m\u00eddia fascinante, e tamb\u00e9m\u00a0<strong>queremos receber seu feedback<\/strong> para que possamos melhorar e fazer um programa cada vez melhor pra voc\u00ea!<\/p>\n<p>Neste nosso <strong>\u00faltimo programa do ano<\/strong>, gravado <strong>ao vivo na #CCXP17<\/strong>, publicamos o papo de Leo Lopes com <a href=\"https:\/\/twitter.com\/DigitalmindsBR\" target=\"_blank\" rel=\"noopener\"><strong>Danilo Medeiros<\/strong><\/a>, o <strong>primeiro podcaster do Brasil<\/strong>, criador do podcast <a href=\"https:\/\/www.digitalminds.com.br\/blog\/\" target=\"_blank\" rel=\"noopener\"><strong>Digital Minds<\/strong><\/a>, cujo primeiro epis\u00f3dio foi publicado no dia 21 de outubro de 2004 (ou n\u00e3o&#8230;). O papo aconteceu na sexta-feira dia 08\/12\/2017, logo ap\u00f3s o <strong>Encontro Nacional do Podcast<\/strong>, que contou com a participa\u00e7\u00e3o do Danilo como convidado especial!<\/p>\n<p>N\u00e3o se esque\u00e7a que voc\u00ea sempre pode\u00a0<strong>interagir conosco nas redes sociais<\/strong>\u00a0e principalmente\u00a0<strong>deixar seu feedback aqui embaixo, na sess\u00e3o de coment\u00e1rios do post,\u00a0<\/strong>compartilhando conosco e com todos os ouvintes do Al\u00f4 T\u00e9nica as suas pr\u00f3prias reflex\u00f5es a respeito do podcast! Mande tamb\u00e9m sua d\u00favida, pergunta ou sugest\u00e3o tema e convidado, para que possamos continuar produzindo um conte\u00fado que ajude voc\u00ea a arrega\u00e7ar as mangas e fazer o seu pr\u00f3prio podcast!<\/p>\n<p><strong><span style=\"color: #990000;\">Links citados no programa:<\/span><\/strong><br \/>\n&#8211; <a href=\"http:\/\/editorsenhor-a.com.br\/podcast\/papo-editado-017-danilo-medeiros\/\" target=\"_blank\" rel=\"noopener\">Papo Editado #017 \u2013 Danilo Medeiros \u2013 Digital Minds<\/a><br \/>\n&#8211; <a href=\"https:\/\/www.digitalminds.com.br\/blog\/\" target=\"_blank\" rel=\"noopener\">Digital Minds<\/a><\/p>\n<p><a href=\"http:\/\/leolop.es\/padrimalotenica\" target=\"_blank\" rel=\"noopener\"><img fetchpriority=\"high\" decoding=\"async\" class=\"aligncenter wp-image-15382 size-full\" src=\"http:\/\/radiofobia.com.br\/podcast\/wp-content\/uploads\/2017\/10\/banner_site.png\" alt=\"Seja um PADRINHO do Al\u00f4 T\u00e9nica! e garanta RECOMPENSAS INCR\u00cdVEIS!\" width=\"1000\" height=\"190\" srcset=\"https:\/\/radiofobia.com.br\/podcast\/wp-content\/uploads\/2017\/10\/banner_site.png 1000w, https:\/\/radiofobia.com.br\/podcast\/wp-content\/uploads\/2017\/10\/banner_site-300x57.png 300w, https:\/\/radiofobia.com.br\/podcast\/wp-content\/uploads\/2017\/10\/banner_site-150x29.png 150w, https:\/\/radiofobia.com.br\/podcast\/wp-content\/uploads\/2017\/10\/banner_site-768x146.png 768w, https:\/\/radiofobia.com.br\/podcast\/wp-content\/uploads\/2017\/10\/banner_site-350x67.png 350w, https:\/\/radiofobia.com.br\/podcast\/wp-content\/uploads\/2017\/10\/banner_site-800x152.png 800w, https:\/\/radiofobia.com.br\/podcast\/wp-content\/uploads\/2017\/10\/banner_site-400x76.png 400w\" sizes=\"(max-width: 1000px) 100vw, 1000px\" \/><\/a><\/p>\n<p><strong><span style=\"color: #990000;\">Nosso agradecimento aos padrinhos que contribu\u00edram no m\u00eas de novembro de 2017:<\/span><\/strong><br \/>\n&#8211; Em breve<\/p>\n<p><strong><span style=\"color: #990000;\">Interaja com o Al\u00f4 T\u00e9nica! nas redes sociais:<\/span><\/strong><br \/>\n&#8211; <a href=\"http:\/\/twitter.com\/alotenica\" target=\"_blank\" rel=\"noopener noreferrer\">Siga o <strong>@alotenica<\/strong> no tuV\u00edtter<\/a><br \/>\n&#8211; <a href=\"http:\/\/twitter.com\/leoradiofobia\" target=\"_blank\" rel=\"noopener noreferrer\">Siga o <strong>@leoradiofobia<\/strong> no tuV\u00edtter<\/a><br \/>\n&#8211; <a href=\"http:\/\/twitter.com\/radiofobia\" target=\"_blank\" rel=\"noopener noreferrer\">Siga o <strong>@radiofobia<\/strong> no tuV\u00edtter<\/a><br \/>\n&#8211; <a href=\"https:\/\/www.facebook.com\/alotenica\" target=\"_blank\" rel=\"noopener noreferrer\">Curta a p\u00e1gina do <strong>Al\u00f4 T\u00e9nica<\/strong> no Facebook<\/a><br \/>\n&#8211;\u00a0<a href=\"https:\/\/www.facebook.com\/radiofobiapodcast\" target=\"_blank\" rel=\"noopener noreferrer\">Curta a p\u00e1gina do\u00a0<strong>RADIOFOBIA<\/strong>\u00a0no Facebook<\/a><br \/>\n&#8211;\u00a0<a href=\"https:\/\/www.facebook.com\/radiofobiapm\" target=\"_blank\" rel=\"noopener noreferrer\">Curta a p\u00e1gina da\u00a0<strong>RADIOFOBIA Podcast e Multim\u00eddia<\/strong>\u00a0no Facebook<\/a><\/p>\n<p><strong><span style=\"color: #990000;\">Conhe\u00e7a o\u00a0CURSO DE PODCAST:<\/span><\/strong><br \/>\n&#8211; <a href=\"http:\/\/www.cursodepodcast.com.br\" target=\"_blank\" rel=\"noopener noreferrer\">Acesse <strong>www.cursodepodcast.com.br<\/strong><\/a><br \/>\n&#8211; <a href=\"https:\/\/twitter.com\/CursoDePodcast\" target=\"_blank\" rel=\"noopener noreferrer\">Siga o <strong>@cursodepodcast<\/strong> no tuV\u00edtter<\/a><br \/>\n&#8211; <a href=\"https:\/\/www.youtube.com\/user\/cursodepodcast\" target=\"_blank\" rel=\"noopener noreferrer\">Inscreva-se no canal do <strong>Curso de Podcast<\/strong> no YouTube<\/a><br \/>\n&#8211; <a href=\"https:\/\/www.facebook.com\/cursodepodcast\" target=\"_blank\" rel=\"noopener noreferrer\">Curta a p\u00e1gina do <strong>Curso de Podcast<\/strong> no Facebook<\/a><\/p>\n<p><strong><span style=\"color: #990000;\">Cr\u00e9ditos das m\u00fasicas usadas neste programa:<\/span><\/strong><br \/>\n<em>&#8211; Music by Dan-O at <a href=\"http:\/\/DanoSongs.com\" target=\"_blank\" rel=\"noopener noreferrer\">DanoSongs.com<\/a><\/em><br \/>\n<em>&#8211; Music by Kevin MacLeod (<a href=\"http:\/\/incompetech.com\" target=\"_blank\" rel=\"noopener noreferrer\">incompetech.com<\/a>) licensed under Creative Commons: By Attribution 3.0 &#8211; <a href=\"http:\/\/creativecommons.org\/licenses\/by\/3.0\/\" target=\"_blank\" rel=\"noopener noreferrer\">http:\/\/creativecommons.org\/licenses\/by\/3.0\/<\/a><\/em><\/p>\n<p><span style=\"color: #990000;\"><strong>Ou\u00e7a o Al\u00f4 T\u00e9nica! nos principais agregadores:<\/strong><\/span><br \/>\n&#8211; <a href=\"https:\/\/leolop.es\/alotenica_spotify\" target=\"_blank\" rel=\"noopener noreferrer\">Spotify<\/a><br \/>\n&#8211; <a href=\"https:\/\/leolop.es\/alotenica_googlepod\" target=\"_blank\" rel=\"noopener noreferrer\">Google Podcasts<\/a><br \/>\n&#8211; <a href=\"https:\/\/leolop.es\/rfpn_itunes\" target=\"_blank\" rel=\"noopener\">Apple Podcasts<\/a><br \/>\n&#8211; <a href=\"http:\/\/leolop.es\/alotenica_amazon\" target=\"_blank\" rel=\"noopener\">Amazon Music<\/a><br \/>\n&#8211; <a href=\"https:\/\/pca.st\/b2lM\" target=\"_blank\" rel=\"noopener noreferrer\">PocketCasts<\/a><\/p>\n<p><span style=\"color: #990000;\"><strong>E-mails:<\/strong><\/span><br \/>\nAjude-nos a fazer o programa enviando sua <em>colabora\u00e7\u00e3o<\/em>, <em>d\u00favida<\/em> ou <em>sugest\u00e3o de pauta<\/em> para <a href=\"mailto:alotenica@radiofobia.com.br\" target=\"_blank\" rel=\"noopener noreferrer\"><strong>alotenica@radiofobia.com.br<\/strong><\/a>!<\/p>\n<p><span style=\"color: #990000;\"><strong>Publicidade:<\/strong><\/span><br \/>\n<a href=\"http:\/\/leolop.es\/rfcontato\" target=\"_blank\" rel=\"noopener noreferrer\"><strong>Entre em contato<\/strong><\/a> e saiba como <em>anunciar sua marca, produto ou servi\u00e7o em nossos podcasts<\/em>.<\/p>\n","protected":false},"excerpt":{"rendered":"<p>No \u00faltimo programa do ano, publicamos um papo entre Leo Lopes e Danilo Medeiros &#8211; o primeiro podcaster do Brasil &#8211; gravado ao vivo logo ap\u00f3s o Encontro Nacional do Podcast dentro da #CCXP17!<\/p>\n","protected":false},"author":2,"featured_media":15487,"comment_status":"open","ping_status":"closed","sticky":false,"template":"","format":"standard","meta":{"footnotes":""},"categories":[358,13],"tags":[359,1157,1285,1287,1286,11,14],"class_list":["post-15486","post","type-post","status-publish","format-standard","has-post-thumbnail","hentry","category-cursodepodcast","category-podcast","tag-alo-tenica","tag-ccxp","tag-danilo-medeiros","tag-dia-do-podcast","tag-digital-minds","tag-leo-lopes","tag-podcast"],"_links":{"self":[{"href":"https:\/\/radiofobia.com.br\/podcast\/wp-json\/wp\/v2\/posts\/15486","targetHints":{"allow":["GET"]}}],"collection":[{"href":"https:\/\/radiofobia.com.br\/podcast\/wp-json\/wp\/v2\/posts"}],"about":[{"href":"https:\/\/radiofobia.com.br\/podcast\/wp-json\/wp\/v2\/types\/post"}],"author":[{"embeddable":true,"href":"https:\/\/radiofobia.com.br\/podcast\/wp-json\/wp\/v2\/users\/2"}],"replies":[{"embeddable":true,"href":"https:\/\/radiofobia.com.br\/podcast\/wp-json\/wp\/v2\/comments?post=15486"}],"version-history":[{"count":7,"href":"https:\/\/radiofobia.com.br\/podcast\/wp-json\/wp\/v2\/posts\/15486\/revisions"}],"predecessor-version":[{"id":26714,"href":"https:\/\/radiofobia.com.br\/podcast\/wp-json\/wp\/v2\/posts\/15486\/revisions\/26714"}],"wp:featuredmedia":[{"embeddable":true,"href":"https:\/\/radiofobia.com.br\/podcast\/wp-json\/wp\/v2\/media\/15487"}],"wp:attachment":[{"href":"https:\/\/radiofobia.com.br\/podcast\/wp-json\/wp\/v2\/media?parent=15486"}],"wp:term":[{"taxonomy":"category","embeddable":true,"href":"https:\/\/radiofobia.com.br\/podcast\/wp-json\/wp\/v2\/categories?post=15486"},{"taxonomy":"post_tag","embeddable":true,"href":"https:\/\/radiofobia.com.br\/podcast\/wp-json\/wp\/v2\/tags?post=15486"}],"curies":[{"name":"wp","href":"https:\/\/api.w.org\/{rel}","templated":true}]}}