{"id":15534,"date":"2018-01-22T00:01:32","date_gmt":"2018-01-22T02:01:32","guid":{"rendered":"http:\/\/radiofobia.com.br\/podcast\/?p=15534"},"modified":"2022-04-05T11:39:37","modified_gmt":"2022-04-05T14:39:37","slug":"alo-tenica-62-soulpodcaster-deive-pazos-o-azaghal","status":"publish","type":"post","link":"https:\/\/radiofobia.com.br\/podcast\/2018\/01\/alo-tenica-62-soulpodcaster-deive-pazos-o-azaghal\/","title":{"rendered":"Al\u00f4 T\u00e9nica! #62 &#8211; #SOULPODCASTER &#8211; Deive Pazos, o Azagh\u00e2l"},"content":{"rendered":"<p><iframe title=\"Al\u00f4 T\u00e9nica! #62 \u2013 #SOULPODCASTER \u2013 Deive Pazos, o Azagh\u00e2l\" src=\"https:\/\/omny.fm\/shows\/alo-tenica\/al-t-nica-62-soulpodcaster-deive-pazos-o-azagh-l\/embed\" width=\"100%\" height=\"180\" frameborder=\"0\"><\/iframe><\/p>\n<p><em><strong>Sauda\u00e7\u00f5es, ouvinte entusiasta do podcast!<\/strong><\/em><\/p>\n<p>Est\u00e1 no ar mais um\u00a0<strong><a href=\"http:\/\/twitter.com\/alotenica\" target=\"_blank\" rel=\"noopener noreferrer\">Al\u00f4 T\u00e9nica!<\/a><\/strong>, o seu\u00a0podcast mensal sobre produ\u00e7\u00e3o de podcasts, apresentado por\u00a0<a style=\"font-weight: bold;\" href=\"http:\/\/twitter.com\/leoradiofobia\" target=\"_blank\" rel=\"noopener noreferrer\">Leo Lopes<\/a>\u00a0e esclarecendo as mais diversas d\u00favidas e perguntas relacionadas \u00e0 produ\u00e7\u00e3o de podcasts.<\/p>\n<p>Esperamos com este programa\u00a0ajuda-lo a entender um pouco melhor os v\u00e1rios aspectos dessa m\u00eddia fascinante, e tamb\u00e9m\u00a0<strong>queremos receber seu feedback<\/strong> para que possamos melhorar e fazer um programa cada vez melhor pra voc\u00ea!<\/p>\n<p>Neste primeiro programa do ano, trazemos mais um epis\u00f3dio da s\u00e9rie <strong>#SOULPODCASTER<\/strong>, na qual convidamos pessoas que dedicam grande parte do seu tempo \u00e0 produ\u00e7\u00e3o de podcasts com qualidade t\u00e9cnica e de conte\u00fado. Nessa s\u00e9rie nossos entrevistados s\u00e3o convidados a compartilhar suas experi\u00eancias e impress\u00f5es sobre essa m\u00eddia que conquista cada vez mais ouvintes \u2013 entre entusiasmados e entusiastas \u2013 no Brasil e no mundo!<\/p>\n<p>Nosso convidado de hoje \u00e9 <a href=\"https:\/\/twitter.com\/azaghal\" target=\"_blank\" rel=\"noopener\"><strong>Deive Pazos, o Azagh\u00e2l<\/strong><\/a>, co-fundador do <a href=\"https:\/\/jovemnerd.com.br\/\" target=\"_blank\" rel=\"noopener\"><strong>Jovem Nerd<\/strong><\/a> e do <a href=\"https:\/\/jovemnerd.com.br\/nerdcast\/\" target=\"_blank\" rel=\"noopener\"><strong>Nerdcast<\/strong><\/a>, um dos empres\u00e1rios mais bem sucedidos da internet e tamb\u00e9m, claro, <strong>apaixonado por podcast<\/strong>!<\/p>\n<p>N\u00e3o se esque\u00e7a que voc\u00ea sempre pode\u00a0interagir conosco nas redes sociais\u00a0e principalmente\u00a0deixar seu feedback aqui embaixo, na sess\u00e3o de coment\u00e1rios do post,\u00a0compartilhando conosco e com todos os ouvintes do Al\u00f4 T\u00e9nica as suas pr\u00f3prias reflex\u00f5es a respeito do podcast! Mande tamb\u00e9m sua d\u00favida, pergunta ou sugest\u00e3o tema e convidado, para que possamos continuar produzindo um conte\u00fado que ajude voc\u00ea a arrega\u00e7ar as mangas e fazer o seu pr\u00f3prio podcast!<\/p>\n<p><strong><span style=\"color: #990000;\">Links citados no programa:<\/span><\/strong><br \/>\n&#8211; <a href=\"http:\/\/radiofobia.com.br\/podcast\/2012\/05\/radiofobia-86-com-jovem-nerd-e-azaghal\/\" target=\"_blank\" rel=\"noopener\">RADIOFOBIA 86 &#8211; com Jovem Nerd e Azagh\u00e2l<\/a><\/p>\n<p><a href=\"http:\/\/leolop.es\/padrimalotenica\" target=\"_blank\" rel=\"noopener\"><img fetchpriority=\"high\" decoding=\"async\" class=\"aligncenter wp-image-15382 size-full\" src=\"http:\/\/radiofobia.com.br\/podcast\/wp-content\/uploads\/2017\/10\/banner_site.png\" alt=\"Seja um PADRINHO do Al\u00f4 T\u00e9nica! e garanta RECOMPENSAS INCR\u00cdVEIS!\" width=\"1000\" height=\"190\" srcset=\"https:\/\/radiofobia.com.br\/podcast\/wp-content\/uploads\/2017\/10\/banner_site.png 1000w, https:\/\/radiofobia.com.br\/podcast\/wp-content\/uploads\/2017\/10\/banner_site-300x57.png 300w, https:\/\/radiofobia.com.br\/podcast\/wp-content\/uploads\/2017\/10\/banner_site-150x29.png 150w, https:\/\/radiofobia.com.br\/podcast\/wp-content\/uploads\/2017\/10\/banner_site-768x146.png 768w, https:\/\/radiofobia.com.br\/podcast\/wp-content\/uploads\/2017\/10\/banner_site-350x67.png 350w, https:\/\/radiofobia.com.br\/podcast\/wp-content\/uploads\/2017\/10\/banner_site-800x152.png 800w, https:\/\/radiofobia.com.br\/podcast\/wp-content\/uploads\/2017\/10\/banner_site-400x76.png 400w\" sizes=\"(max-width: 1000px) 100vw, 1000px\" \/><\/a><\/p>\n<p><strong><span style=\"color: #990000;\">Nosso agradecimento aos padrinhos que contribu\u00edram no m\u00eas de dezembro de 2017:<\/span><\/strong><br \/>\n&#8211; Em breve<\/p>\n<p><strong><span style=\"color: #990000;\">Interaja com o Al\u00f4 T\u00e9nica! nas redes sociais:<\/span><\/strong><br \/>\n&#8211; <a href=\"http:\/\/twitter.com\/alotenica\" target=\"_blank\" rel=\"noopener noreferrer\">Siga o <strong>@alotenica<\/strong> no tuV\u00edtter<\/a><br \/>\n&#8211; <a href=\"http:\/\/twitter.com\/leoradiofobia\" target=\"_blank\" rel=\"noopener noreferrer\">Siga o <strong>@leoradiofobia<\/strong> no tuV\u00edtter<\/a><br \/>\n&#8211; <a href=\"http:\/\/twitter.com\/radiofobia\" target=\"_blank\" rel=\"noopener noreferrer\">Siga o <strong>@radiofobia<\/strong> no tuV\u00edtter<\/a><br \/>\n&#8211; <a href=\"https:\/\/www.facebook.com\/alotenica\" target=\"_blank\" rel=\"noopener noreferrer\">Curta a p\u00e1gina do <strong>Al\u00f4 T\u00e9nica<\/strong> no Facebook<\/a><br \/>\n&#8211;\u00a0<a href=\"https:\/\/www.facebook.com\/radiofobiapodcast\" target=\"_blank\" rel=\"noopener noreferrer\">Curta a p\u00e1gina do\u00a0<strong>RADIOFOBIA<\/strong>\u00a0no Facebook<\/a><br \/>\n&#8211;\u00a0<a href=\"https:\/\/www.facebook.com\/radiofobiapm\" target=\"_blank\" rel=\"noopener noreferrer\">Curta a p\u00e1gina da\u00a0<strong>RADIOFOBIA Podcast e Multim\u00eddia<\/strong>\u00a0no Facebook<\/a><\/p>\n<p><strong><span style=\"color: #990000;\">Conhe\u00e7a o\u00a0CURSO DE PODCAST:<\/span><\/strong><br \/>\n&#8211; <a href=\"http:\/\/www.cursodepodcast.com.br\" target=\"_blank\" rel=\"noopener noreferrer\">Acesse <strong>www.cursodepodcast.com.br<\/strong><\/a><br \/>\n&#8211; <a href=\"https:\/\/twitter.com\/CursoDePodcast\" target=\"_blank\" rel=\"noopener noreferrer\">Siga o <strong>@cursodepodcast<\/strong> no tuV\u00edtter<\/a><br \/>\n&#8211; <a href=\"https:\/\/www.youtube.com\/user\/cursodepodcast\" target=\"_blank\" rel=\"noopener noreferrer\">Inscreva-se no canal do <strong>Curso de Podcast<\/strong> no YouTube<\/a><br \/>\n&#8211; <a href=\"https:\/\/www.facebook.com\/cursodepodcast\" target=\"_blank\" rel=\"noopener noreferrer\">Curta a p\u00e1gina do <strong>Curso de Podcast<\/strong> no Facebook<\/a><\/p>\n<p><strong><span style=\"color: #990000;\">Cr\u00e9ditos das m\u00fasicas usadas neste programa:<\/span><\/strong><br \/>\n<em>&#8211; Music by Dan-O at <a href=\"http:\/\/DanoSongs.com\" target=\"_blank\" rel=\"noopener noreferrer\">DanoSongs.com<\/a><\/em><br \/>\n<em>&#8211; Music by Kevin MacLeod (<a href=\"http:\/\/incompetech.com\" target=\"_blank\" rel=\"noopener noreferrer\">incompetech.com<\/a>) licensed under Creative Commons: By Attribution 3.0 &#8211; <a href=\"http:\/\/creativecommons.org\/licenses\/by\/3.0\/\" target=\"_blank\" rel=\"noopener noreferrer\">http:\/\/creativecommons.org\/licenses\/by\/3.0\/<\/a><\/em><\/p>\n<p><span style=\"color: #990000;\"><strong>Ou\u00e7a o Al\u00f4 T\u00e9nica! nos principais agregadores:<\/strong><\/span><br \/>\n&#8211; <a href=\"https:\/\/leolop.es\/alotenica_spotify\" target=\"_blank\" rel=\"noopener noreferrer\">Spotify<\/a><br \/>\n&#8211; <a href=\"https:\/\/leolop.es\/alotenica_googlepod\" target=\"_blank\" rel=\"noopener noreferrer\">Google Podcasts<\/a><br \/>\n&#8211; <a href=\"https:\/\/leolop.es\/rfpn_itunes\" target=\"_blank\" rel=\"noopener\">Apple Podcasts<\/a><br \/>\n&#8211; <a href=\"http:\/\/leolop.es\/alotenica_amazon\" target=\"_blank\" rel=\"noopener\">Amazon Music<\/a><br \/>\n&#8211; <a href=\"https:\/\/pca.st\/b2lM\" target=\"_blank\" rel=\"noopener noreferrer\">PocketCasts<\/a><\/p>\n<p><span style=\"color: #990000;\"><strong>E-mails:<\/strong><\/span><br \/>\nAjude-nos a fazer o programa enviando sua <em>colabora\u00e7\u00e3o<\/em>, <em>d\u00favida<\/em> ou <em>sugest\u00e3o de pauta<\/em> para <a href=\"mailto:alotenica@radiofobia.com.br\" target=\"_blank\" rel=\"noopener noreferrer\"><strong>alotenica@radiofobia.com.br<\/strong><\/a>!<\/p>\n<p><span style=\"color: #990000;\"><strong>Publicidade:<\/strong><\/span><br \/>\n<a href=\"http:\/\/leolop.es\/rfcontato\" target=\"_blank\" rel=\"noopener noreferrer\"><strong>Entre em contato<\/strong><\/a> e saiba como <em>anunciar sua marca, produto ou servi\u00e7o em nossos podcasts<\/em>.<\/p>\n","protected":false},"excerpt":{"rendered":"<p>No primeiro programa do ano, batemos um papo com ningu\u00e9m menos que Deive Pazos, o Azagh\u00e2l, no terceiro epis\u00f3dio da s\u00e9rie #SOULPODCASTER!<\/p>\n","protected":false},"author":2,"featured_media":15538,"comment_status":"open","ping_status":"closed","sticky":false,"template":"","format":"standard","meta":{"footnotes":""},"categories":[358,13],"tags":[359,186,1304,187,11,271,14,445],"class_list":["post-15534","post","type-post","status-publish","format-standard","has-post-thumbnail","hentry","category-cursodepodcast","category-podcast","tag-alo-tenica","tag-azaghal","tag-deive-pazos","tag-jovem-nerd","tag-leo-lopes","tag-nerdcast","tag-podcast","tag-soulpodcaster"],"_links":{"self":[{"href":"https:\/\/radiofobia.com.br\/podcast\/wp-json\/wp\/v2\/posts\/15534","targetHints":{"allow":["GET"]}}],"collection":[{"href":"https:\/\/radiofobia.com.br\/podcast\/wp-json\/wp\/v2\/posts"}],"about":[{"href":"https:\/\/radiofobia.com.br\/podcast\/wp-json\/wp\/v2\/types\/post"}],"author":[{"embeddable":true,"href":"https:\/\/radiofobia.com.br\/podcast\/wp-json\/wp\/v2\/users\/2"}],"replies":[{"embeddable":true,"href":"https:\/\/radiofobia.com.br\/podcast\/wp-json\/wp\/v2\/comments?post=15534"}],"version-history":[{"count":9,"href":"https:\/\/radiofobia.com.br\/podcast\/wp-json\/wp\/v2\/posts\/15534\/revisions"}],"predecessor-version":[{"id":26716,"href":"https:\/\/radiofobia.com.br\/podcast\/wp-json\/wp\/v2\/posts\/15534\/revisions\/26716"}],"wp:featuredmedia":[{"embeddable":true,"href":"https:\/\/radiofobia.com.br\/podcast\/wp-json\/wp\/v2\/media\/15538"}],"wp:attachment":[{"href":"https:\/\/radiofobia.com.br\/podcast\/wp-json\/wp\/v2\/media?parent=15534"}],"wp:term":[{"taxonomy":"category","embeddable":true,"href":"https:\/\/radiofobia.com.br\/podcast\/wp-json\/wp\/v2\/categories?post=15534"},{"taxonomy":"post_tag","embeddable":true,"href":"https:\/\/radiofobia.com.br\/podcast\/wp-json\/wp\/v2\/tags?post=15534"}],"curies":[{"name":"wp","href":"https:\/\/api.w.org\/{rel}","templated":true}]}}