{"id":15734,"date":"2018-05-04T10:00:04","date_gmt":"2018-05-04T13:00:04","guid":{"rendered":"http:\/\/radiofobia.com.br\/podcast\/?p=15734"},"modified":"2022-04-05T19:12:50","modified_gmt":"2022-04-05T22:12:50","slug":"voz-off-011-lilian-loy","status":"publish","type":"post","link":"https:\/\/radiofobia.com.br\/podcast\/2018\/05\/voz-off-011-lilian-loy\/","title":{"rendered":"VOZ OFF 011 &#8211; Lilian Loy"},"content":{"rendered":"<p><iframe src=\"https:\/\/omny.fm\/shows\/voz-off\/voz-off-011-lilian-loy\/embed\" allow=\"autoplay; clipboard-write\" width=\"100%\" height=\"180\" frameborder=\"0\" title=\"VOZ OFF 011 \u2013 Lilian Loy\"><\/iframe><\/p>\n<p><em><strong>Sauda\u00e7\u00f5es, ouvinte apaixonado por locu\u00e7\u00e3o: est\u00e1 NO AR o 11\u00ba EPIS\u00d3DIO do podcast VOZ OFF!<\/strong><\/em><\/p>\n<p>No programa de hoje\u00a0<a href=\"https:\/\/twitter.com\/antonioviviani\" target=\"_blank\" rel=\"noopener\"><strong>Antonio Viviani<\/strong><\/a> e <a href=\"https:\/\/twitter.com\/nicolalauletta\" target=\"_blank\" rel=\"noopener\"><strong>Nicola Lauletta<\/strong><\/a> batem um papo com uma das grandes vozes femininas do r\u00e1dio, a nossa primeira convidada que veio contar um pouco de sua hist\u00f3ria pra n\u00f3s: desde seu in\u00edcio como cantora ainda crian\u00e7a, depois sua estreia como locutora e apresentadora de r\u00e1dio e sua trajet\u00f3ria tamb\u00e9m na publicidade.<\/p>\n<p>Quem vai contar a sua hist\u00f3ria pra gente \u00e9 a radialista e locutora\u00a0<b>Lilian Loy!<\/b><\/p>\n<p>A conversa aconteceu em 2017 e todo mundo vai relembrar o seu programa de r\u00e1dio s\u00f3 com sucessos do Rei Roberto Carlos, que se tornou uma tradi\u00e7\u00e3o em todas as r\u00e1dios em que ela trabalhou. Aproveitamos o fato de entrevistar pela primeira vez uma mulher e trouxemos s\u00f3 vozes femininas nas homenagens que fazemos \u00e0s grandes vozes que j\u00e1 nos deixaram.<\/p>\n<p>Com a gente e pra voc\u00eas:\u00a0<b>LILIAN LOY<\/b><strong>\u00a0<\/strong>!<\/p>\n<p><strong style=\"color: #990000;\">Para seguir nas redes sociais:<\/strong><br \/>\n&#8211; <a href=\"https:\/\/www.facebook.com\/podcastvozoff\/\" target=\"_blank\" rel=\"noopener\">Curta a p\u00e1gina do podcast <strong>Voz Off<\/strong> no Facebook<\/a><br \/>\n&#8211; <a href=\"https:\/\/twitter.com\/podcastvozoff\" target=\"_blank\" rel=\"noopener\">Siga o <strong>@podcastvozoff<\/strong> no Twitter<\/a><br \/>\n&#8211; <a href=\"https:\/\/www.facebook.com\/antoniovivianioficial\/\" target=\"_blank\" rel=\"noopener\">Curta a p\u00e1gina do <strong>Antonio Viviani<\/strong> no Facebook<\/a><br \/>\n&#8211; <a href=\"https:\/\/twitter.com\/antonioviviani\" target=\"_blank\" rel=\"noopener\">Siga o <strong>@antonioviviani<\/strong> no Twitter<\/a><br \/>\n&#8211; <a href=\"https:\/\/twitter.com\/nicolalauletta\" target=\"_blank\" rel=\"noopener\">Siga o <strong>@nicolalauletta<\/strong> no Twitter<\/a><br \/>\n&#8211; <a href=\"https:\/\/www.facebook.com\/EchosStudios\" target=\"_blank\" rel=\"noopener\">Curta a p\u00e1gina do <strong>Echo&#8217;s Studio<\/strong> no Facebook<\/a><br \/>\n&#8211; <a href=\"https:\/\/www.facebook.com\/workshoplocucao\/\" target=\"_blank\" rel=\"noopener\">Curta a p\u00e1gina do <strong>Workshop de Locu\u00e7\u00e3o Comercial<\/strong> no Facebook<\/a><\/p>\n<p><strong style=\"color: #990000;\">Assine o FEED do Voz Off:<\/strong><br \/>\nPara ouvir o Voz Off no seu agregador de podcasts preferido, <a href=\"http:\/\/leolop.es\/feedvozoff\" target=\"_blank\" rel=\"noopener noreferrer\"><strong>clique aqui e assine o nosso FEED<\/strong><\/a>!<\/p>\n<p><strong style=\"color: #990000;\">Assine e avalie nosso podcast no iTunes:<\/strong><br \/>\nSe voc\u00ea usa o<strong> iTunes<\/strong> no seu computador, tablet ou smartphone, <a href=\"https:\/\/itunes.apple.com\/us\/podcast\/id1252595385\" target=\"_blank\" rel=\"noopener noreferrer\"><strong>assine e avalie nosso podcast clicando aqui<\/strong><\/a>!<\/p>\n<p><strong style=\"color: #990000;\">Voz Off no Spotify:<\/strong><br \/>\nCaso prefira ouvir o <strong>Voz Off <\/strong>no<strong> Spotify<\/strong>, <a href=\"https:\/\/open.spotify.com\/show\/16gSvztELYfMu42Vu22gug?si=UW6_DO3bQwaYUt4aNjb4TQ\" target=\"_blank\" rel=\"noopener noreferrer\"><strong>\u00e9 s\u00f3 clicar aqui e assinar o nosso podcast no servi\u00e7o de streaming<\/strong><\/a>!<\/p>\n<p><span style=\"color: #990000;\"><strong>E-mails:<\/strong><\/span><br \/>\nMande seu feedback pra gente atrav\u00e9s do e-mail\u00a0<a href=\"mailto:podcastvozoff@gmail.com\"><strong>podcastvozoff@gmail.com<\/strong><\/a>!<\/p>\n<p><span style=\"color: #990000;\"><strong>Publicidade:<\/strong><\/span><br \/>\n<a href=\"http:\/\/leolop.es\/rfcontato\" target=\"_blank\" rel=\"noopener noreferrer\"><strong>Entre em contato<\/strong><\/a> e saiba como <em>anunciar sua marca, produto ou servi\u00e7o em nossos podcasts<\/em>.<\/p>\n","protected":false},"excerpt":{"rendered":"<p>No programa de hoje\u00a0Antonio Viviani e Nicola Lauletta batem um papo com uma das grandes vozes femininas do r\u00e1dio: a radialista e locutora\u00a0Lilian Loy!<\/p>\n","protected":false},"author":2,"featured_media":15736,"comment_status":"open","ping_status":"closed","sticky":false,"template":"","format":"standard","meta":{"footnotes":""},"categories":[13,1220],"tags":[675,1349,607,1221,14,90,1223],"class_list":["post-15734","post","type-post","status-publish","format-standard","has-post-thumbnail","hentry","category-podcast","category-vozoff","tag-antonio-viviani","tag-lilian-loy","tag-locucao","tag-nicola-lauletta","tag-podcast","tag-radio","tag-voz-off"],"_links":{"self":[{"href":"https:\/\/radiofobia.com.br\/podcast\/wp-json\/wp\/v2\/posts\/15734","targetHints":{"allow":["GET"]}}],"collection":[{"href":"https:\/\/radiofobia.com.br\/podcast\/wp-json\/wp\/v2\/posts"}],"about":[{"href":"https:\/\/radiofobia.com.br\/podcast\/wp-json\/wp\/v2\/types\/post"}],"author":[{"embeddable":true,"href":"https:\/\/radiofobia.com.br\/podcast\/wp-json\/wp\/v2\/users\/2"}],"replies":[{"embeddable":true,"href":"https:\/\/radiofobia.com.br\/podcast\/wp-json\/wp\/v2\/comments?post=15734"}],"version-history":[{"count":3,"href":"https:\/\/radiofobia.com.br\/podcast\/wp-json\/wp\/v2\/posts\/15734\/revisions"}],"predecessor-version":[{"id":26774,"href":"https:\/\/radiofobia.com.br\/podcast\/wp-json\/wp\/v2\/posts\/15734\/revisions\/26774"}],"wp:featuredmedia":[{"embeddable":true,"href":"https:\/\/radiofobia.com.br\/podcast\/wp-json\/wp\/v2\/media\/15736"}],"wp:attachment":[{"href":"https:\/\/radiofobia.com.br\/podcast\/wp-json\/wp\/v2\/media?parent=15734"}],"wp:term":[{"taxonomy":"category","embeddable":true,"href":"https:\/\/radiofobia.com.br\/podcast\/wp-json\/wp\/v2\/categories?post=15734"},{"taxonomy":"post_tag","embeddable":true,"href":"https:\/\/radiofobia.com.br\/podcast\/wp-json\/wp\/v2\/tags?post=15734"}],"curies":[{"name":"wp","href":"https:\/\/api.w.org\/{rel}","templated":true}]}}