{"id":15826,"date":"2018-06-25T22:53:40","date_gmt":"2018-06-26T01:53:40","guid":{"rendered":"http:\/\/radiofobia.com.br\/podcast\/?p=15826"},"modified":"2022-04-05T11:47:44","modified_gmt":"2022-04-05T14:47:44","slug":"alo-tenica-67-o-que-muda-com-a-chegada-do-google-podcasts","status":"publish","type":"post","link":"https:\/\/radiofobia.com.br\/podcast\/2018\/06\/alo-tenica-67-o-que-muda-com-a-chegada-do-google-podcasts\/","title":{"rendered":"Al\u00f4 T\u00e9nica! #67 &#8211; O que muda com a chegada do Google Podcasts?"},"content":{"rendered":"<p><iframe title=\"Al\u00f4 T\u00e9nica! #67 \u2013 O que muda com a chegada do Google Podcasts?\" src=\"https:\/\/omny.fm\/shows\/alo-tenica\/al-t-nica-67-o-que-muda-com-a-chegada-do-google-po\/embed\" width=\"100%\" height=\"180\" frameborder=\"0\"><\/iframe><\/p>\n<p><em><strong>Sauda\u00e7\u00f5es, ouvinte entusiasta do podcast!<\/strong><\/em><\/p>\n<p>Est\u00e1 no ar mais um\u00a0<strong><a href=\"http:\/\/twitter.com\/alotenica\" target=\"_blank\" rel=\"noopener noreferrer\">Al\u00f4 T\u00e9nica!<\/a><\/strong>, o seu\u00a0podcast mensal sobre produ\u00e7\u00e3o de podcasts, apresentado por\u00a0<a style=\"font-weight: bold;\" href=\"http:\/\/twitter.com\/leoradiofobia\" target=\"_blank\" rel=\"noopener noreferrer\">Leo Lopes<\/a>\u00a0e esclarecendo as mais diversas d\u00favidas e perguntas relacionadas \u00e0 produ\u00e7\u00e3o de podcasts.<\/p>\n<p>Esperamos com este programa\u00a0ajuda-lo a entender um pouco melhor os v\u00e1rios aspectos dessa m\u00eddia fascinante, e tamb\u00e9m\u00a0<strong>queremos receber seu feedback<\/strong> para que possamos melhorar e fazer um programa cada vez melhor pra voc\u00ea!<\/p>\n<p>No programa de hoje <a href=\"http:\/\/twitter.com\/leoradiofobia\" target=\"_blank\" rel=\"noopener\"><strong>Leo Lopes<\/strong><\/a> recebe os amigos <a href=\"https:\/\/twitter.com\/ThiagoMiro\" target=\"_blank\" rel=\"noopener\"><strong>Thiago Miro<\/strong><\/a> (<a href=\"https:\/\/mundopodcast.com.br\/\" target=\"_blank\" rel=\"noopener\">Mundo Podcasts<\/a>) e <a href=\"https:\/\/twitter.com\/Lucas_O_Fofo\" target=\"_blank\" rel=\"noopener\"><strong>Lucas Balaminut<\/strong><\/a> (<a href=\"http:\/\/podisso.com\/\" target=\"_blank\" rel=\"noopener\">PodIsso<\/a>) para falarem tudo o que j\u00e1 mudou e o que ainda pode mudar com a chegada do t\u00e3o aguardado <a href=\"https:\/\/www.blog.google\/products\/android\/listen-google-podcasts-now-android\/?utm_source=tw&amp;utm_medium=&amp;utm_campaign=og\" target=\"_blank\" rel=\"noopener\"><strong>GOOGLE PODCASTS<\/strong><\/a>!<\/p>\n<p>Voc\u00ea vai saber como o Google est\u00e1 trabalhando aspectos como <strong>indexa\u00e7\u00e3o por tags, distribui\u00e7\u00e3o autom\u00e1tica no Google Search, transcri\u00e7\u00e3o de epis\u00f3dios inteiros, op\u00e7\u00f5es de monetiza\u00e7\u00e3o, interoperabilidade de dispositivos, aumento de audi\u00eancia e relev\u00e2ncia do podcast como m\u00eddia,<\/strong> al\u00e9m de outras novidades que parecem ter sa\u00eddo de um roteiro de fic\u00e7\u00e3o cient\u00edfica, mas que s\u00e3o totalmente vi\u00e1veis e prometem aumentar a popularidade do podcast no mundo todo!<\/p>\n<p>N\u00e3o se esque\u00e7a que voc\u00ea sempre pode\u00a0<strong>interagir conosco nas redes sociais<\/strong>\u00a0e principalmente\u00a0<strong>deixar seu feedback aqui embaixo, na sess\u00e3o de coment\u00e1rios do post,\u00a0<\/strong>compartilhando conosco e com todos os ouvintes do Al\u00f4 T\u00e9nica as suas pr\u00f3prias reflex\u00f5es a respeito do podcast! Mande tamb\u00e9m sua d\u00favida, pergunta ou sugest\u00e3o tema e convidado, para que possamos continuar produzindo um conte\u00fado que ajude voc\u00ea a arrega\u00e7ar as mangas e fazer o seu pr\u00f3prio podcast!<\/p>\n<p><strong><span style=\"color: #990000;\">Links citados no programa:<\/span><\/strong><br \/>\n&#8211; <a href=\"https:\/\/medium.com\/@LBalaminut\/a-nova-estrat%C3%A9gia-do-google-para-podcasts-df09c39c56ec\" target=\"_blank\" rel=\"noopener\">artigo traduzido pelo Lucas e publicado em 22\/05\/2018 &#8211; <strong>&#8220;A Nova Estrat\u00e9gia do Google para Podcasts&#8221;<\/strong><\/a><br \/>\n&#8211; <a href=\"http:\/\/leolop.es\/rfpn_itunes\" target=\"_blank\" rel=\"noopener\">p\u00e1gina de provedor da<\/a><strong><a href=\"http:\/\/leolop.es\/rfpn_itunes\" target=\"_blank\" rel=\"noopener\"> R\u00e1diofobia Podcast Network no iTunes<\/a><\/strong><br \/>\n&#8211; <a href=\"https:\/\/developers.google.com\/search\/docs\/data-types\/podcast\" target=\"_blank\" rel=\"noopener\">diretrizes <strong>oficiais<\/strong> do Google para podcasts<\/a><br \/>\n&#8211; <a href=\"https:\/\/mundopodcast.com.br\/podprogramar\/\" target=\"_blank\" rel=\"noopener\">PodProgramar<\/a><\/p>\n<p><strong><span style=\"color: #990000;\">Este programa foi patrocinado por <span style=\"text-decoration: underline;\">Alura Cursos Online de Tecnologia<\/span>:<\/span><\/strong><br \/>\n&#8211; J\u00e1 s\u00e3o <strong>mais de<\/strong>\u00a0<strong>600 cursos online!<\/strong><br \/>\n&#8211; Ouvinte do Al\u00f4 T\u00e9nica! tem <strong>10% de desconto!<\/strong><br \/>\n&#8211; Acesse: <a href=\"http:\/\/www.alura.com.br\/promocao\/alotenica\" target=\"_blank\" rel=\"noopener\"><strong>http:\/\/www.alura.com.br\/promocao\/alotenica<\/strong><\/a><\/p>\n<p><a href=\"http:\/\/leolop.es\/padrimalotenica\" target=\"_blank\" rel=\"noopener\"><img fetchpriority=\"high\" decoding=\"async\" class=\"aligncenter wp-image-15382 size-full\" src=\"http:\/\/radiofobia.com.br\/podcast\/wp-content\/uploads\/2017\/10\/banner_site.png\" alt=\"Seja um PADRINHO do Al\u00f4 T\u00e9nica! e garanta RECOMPENSAS INCR\u00cdVEIS!\" width=\"1000\" height=\"190\" srcset=\"https:\/\/radiofobia.com.br\/podcast\/wp-content\/uploads\/2017\/10\/banner_site.png 1000w, https:\/\/radiofobia.com.br\/podcast\/wp-content\/uploads\/2017\/10\/banner_site-300x57.png 300w, https:\/\/radiofobia.com.br\/podcast\/wp-content\/uploads\/2017\/10\/banner_site-150x29.png 150w, https:\/\/radiofobia.com.br\/podcast\/wp-content\/uploads\/2017\/10\/banner_site-768x146.png 768w, https:\/\/radiofobia.com.br\/podcast\/wp-content\/uploads\/2017\/10\/banner_site-350x67.png 350w, https:\/\/radiofobia.com.br\/podcast\/wp-content\/uploads\/2017\/10\/banner_site-800x152.png 800w, https:\/\/radiofobia.com.br\/podcast\/wp-content\/uploads\/2017\/10\/banner_site-400x76.png 400w\" sizes=\"(max-width: 1000px) 100vw, 1000px\" \/><\/a><\/p>\n<p><strong><span style=\"color: #990000;\">Nosso agradecimento aos padrinhos que contribu\u00edram no m\u00eas de maio de 2017:<\/span><\/strong><br \/>\n&#8211; <em>Luiz Seigo, Brauly Rocha da Silva, Guilherme Andre Peretti, Rubens Mateus Padoveze, Rafael Baptistella Luiz, Thiago Queiroz, Jo\u00e3o Ricardo de Oliveira Lima, Raffael Lima, Pedro Maia, Rafael da Silveira Santos, Rog\u00e9rio Bittencourt de Miranda, Bruno Escarim, Camilo Coutinho, Luciano Pires, Rafael Resende Silva e Douglas Ielker de Carvalho Alves<\/em><\/p>\n<p><strong><span style=\"color: #990000;\">Interaja com o Al\u00f4 T\u00e9nica! nas redes sociais:<\/span><\/strong><br \/>\n&#8211; <a href=\"http:\/\/twitter.com\/alotenica\" target=\"_blank\" rel=\"noopener noreferrer\">Siga o <strong>@alotenica<\/strong> no tuV\u00edtter<\/a><br \/>\n&#8211; <a href=\"http:\/\/twitter.com\/leoradiofobia\" target=\"_blank\" rel=\"noopener noreferrer\">Siga o <strong>@leoradiofobia<\/strong> no tuV\u00edtter<\/a><br \/>\n&#8211; <a href=\"http:\/\/twitter.com\/radiofobia\" target=\"_blank\" rel=\"noopener noreferrer\">Siga o <strong>@radiofobia<\/strong> no tuV\u00edtter<\/a><br \/>\n&#8211; <a href=\"https:\/\/www.facebook.com\/alotenica\" target=\"_blank\" rel=\"noopener noreferrer\">Curta a p\u00e1gina do <strong>Al\u00f4 T\u00e9nica<\/strong> no Facebook<\/a><br \/>\n&#8211;\u00a0<a href=\"https:\/\/www.facebook.com\/radiofobiapodcast\" target=\"_blank\" rel=\"noopener noreferrer\">Curta a p\u00e1gina do\u00a0<strong>RADIOFOBIA<\/strong>\u00a0no Facebook<\/a><br \/>\n&#8211;\u00a0<a href=\"https:\/\/www.facebook.com\/radiofobiapm\" target=\"_blank\" rel=\"noopener noreferrer\">Curta a p\u00e1gina da\u00a0<strong>RADIOFOBIA Podcast e Multim\u00eddia<\/strong>\u00a0no Facebook<\/a><\/p>\n<p><strong><span style=\"color: #990000;\">Conhe\u00e7a o\u00a0CURSO DE PODCAST:<\/span><\/strong><br \/>\n&#8211; <a href=\"http:\/\/www.cursodepodcast.com.br\" target=\"_blank\" rel=\"noopener noreferrer\">Acesse <strong>www.cursodepodcast.com.br<\/strong><\/a><br \/>\n&#8211; <a href=\"https:\/\/twitter.com\/CursoDePodcast\" target=\"_blank\" rel=\"noopener noreferrer\">Siga o <strong>@cursodepodcast<\/strong> no tuV\u00edtter<\/a><br \/>\n&#8211; <a href=\"https:\/\/www.youtube.com\/user\/cursodepodcast\" target=\"_blank\" rel=\"noopener noreferrer\">Inscreva-se no canal do <strong>Curso de Podcast<\/strong> no YouTube<\/a><br \/>\n&#8211; <a href=\"https:\/\/www.facebook.com\/cursodepodcast\" target=\"_blank\" rel=\"noopener noreferrer\">Curta a p\u00e1gina do <strong>Curso de Podcast<\/strong> no Facebook<\/a><\/p>\n<p><strong><span style=\"color: #990000;\">Cr\u00e9ditos das m\u00fasicas usadas neste programa:<\/span><\/strong><br \/>\n<em>&#8211; Music by Dan-O at <a href=\"http:\/\/DanoSongs.com\" target=\"_blank\" rel=\"noopener noreferrer\">DanoSongs.com<\/a><\/em><br \/>\n<em>&#8211; Music by Kevin MacLeod (<a href=\"http:\/\/incompetech.com\" target=\"_blank\" rel=\"noopener noreferrer\">incompetech.com<\/a>) licensed under Creative Commons: By Attribution 3.0 &#8211; <a href=\"http:\/\/creativecommons.org\/licenses\/by\/3.0\/\" target=\"_blank\" rel=\"noopener noreferrer\">http:\/\/creativecommons.org\/licenses\/by\/3.0\/<\/a><\/em><\/p>\n<p><span style=\"color: #990000;\"><strong>Ou\u00e7a o Al\u00f4 T\u00e9nica! nos principais agregadores:<\/strong><\/span><br \/>\n&#8211; <a href=\"https:\/\/leolop.es\/alotenica_spotify\" target=\"_blank\" rel=\"noopener noreferrer\">Spotify<\/a><br \/>\n&#8211; <a href=\"https:\/\/leolop.es\/alotenica_googlepod\" target=\"_blank\" rel=\"noopener noreferrer\">Google Podcasts<\/a><br \/>\n&#8211; <a href=\"https:\/\/leolop.es\/rfpn_itunes\" target=\"_blank\" rel=\"noopener\">Apple Podcasts<\/a><br \/>\n&#8211; <a href=\"http:\/\/leolop.es\/alotenica_amazon\" target=\"_blank\" rel=\"noopener\">Amazon Music<\/a><br \/>\n&#8211; <a href=\"https:\/\/pca.st\/b2lM\" target=\"_blank\" rel=\"noopener noreferrer\">PocketCasts<\/a><\/p>\n<p><span style=\"color: #990000;\"><strong>E-mails:<\/strong><\/span><br \/>\nAjude-nos a fazer o programa enviando sua <em>colabora\u00e7\u00e3o<\/em>, <em>d\u00favida<\/em> ou <em>sugest\u00e3o de pauta<\/em> para <a href=\"mailto:alotenica@radiofobia.com.br\" target=\"_blank\" rel=\"noopener noreferrer\"><strong>alotenica@radiofobia.com.br<\/strong><\/a>!<\/p>\n<p><span style=\"color: #990000;\"><strong>Publicidade:<\/strong><\/span><br \/>\n<a href=\"http:\/\/leolop.es\/rfcontato\" target=\"_blank\" rel=\"noopener noreferrer\"><strong>Entre em contato<\/strong><\/a> e saiba como <em>anunciar sua marca, produto ou servi\u00e7o em nossos podcasts<\/em>.<\/p>\n","protected":false},"excerpt":{"rendered":"<p>No programa de hoje Leo Lopes, Thiago Miro e Lucas Balaminut se re\u00fanem para falar tudo o que muda com a chegada do t\u00e3o aguardado GOOGLE PODCASTS!<\/p>\n","protected":false},"author":2,"featured_media":15829,"comment_status":"open","ping_status":"closed","sticky":false,"template":"","format":"standard","meta":{"footnotes":""},"categories":[358,13],"tags":[359,398,1369,1370,11,1368,14,959],"class_list":["post-15826","post","type-post","status-publish","format-standard","has-post-thumbnail","hentry","category-cursodepodcast","category-podcast","tag-alo-tenica","tag-android","tag-google-podcasts","tag-indexacao","tag-leo-lopes","tag-lucas-balaminut","tag-podcast","tag-thiago-miro"],"_links":{"self":[{"href":"https:\/\/radiofobia.com.br\/podcast\/wp-json\/wp\/v2\/posts\/15826","targetHints":{"allow":["GET"]}}],"collection":[{"href":"https:\/\/radiofobia.com.br\/podcast\/wp-json\/wp\/v2\/posts"}],"about":[{"href":"https:\/\/radiofobia.com.br\/podcast\/wp-json\/wp\/v2\/types\/post"}],"author":[{"embeddable":true,"href":"https:\/\/radiofobia.com.br\/podcast\/wp-json\/wp\/v2\/users\/2"}],"replies":[{"embeddable":true,"href":"https:\/\/radiofobia.com.br\/podcast\/wp-json\/wp\/v2\/comments?post=15826"}],"version-history":[{"count":13,"href":"https:\/\/radiofobia.com.br\/podcast\/wp-json\/wp\/v2\/posts\/15826\/revisions"}],"predecessor-version":[{"id":26723,"href":"https:\/\/radiofobia.com.br\/podcast\/wp-json\/wp\/v2\/posts\/15826\/revisions\/26723"}],"wp:featuredmedia":[{"embeddable":true,"href":"https:\/\/radiofobia.com.br\/podcast\/wp-json\/wp\/v2\/media\/15829"}],"wp:attachment":[{"href":"https:\/\/radiofobia.com.br\/podcast\/wp-json\/wp\/v2\/media?parent=15826"}],"wp:term":[{"taxonomy":"category","embeddable":true,"href":"https:\/\/radiofobia.com.br\/podcast\/wp-json\/wp\/v2\/categories?post=15826"},{"taxonomy":"post_tag","embeddable":true,"href":"https:\/\/radiofobia.com.br\/podcast\/wp-json\/wp\/v2\/tags?post=15826"}],"curies":[{"name":"wp","href":"https:\/\/api.w.org\/{rel}","templated":true}]}}