{"id":15902,"date":"2018-08-03T10:00:43","date_gmt":"2018-08-03T13:00:43","guid":{"rendered":"http:\/\/radiofobia.com.br\/podcast\/?p=15902"},"modified":"2022-04-05T19:15:21","modified_gmt":"2022-04-05T22:15:21","slug":"voz-off-014-edgard-gianullo","status":"publish","type":"post","link":"https:\/\/radiofobia.com.br\/podcast\/2018\/08\/voz-off-014-edgard-gianullo\/","title":{"rendered":"VOZ OFF 014 &#8211; Edgard Gianullo"},"content":{"rendered":"<p><iframe src=\"https:\/\/omny.fm\/shows\/voz-off\/voz-off-014-edgard-gianullo\/embed\" allow=\"autoplay; clipboard-write\" width=\"100%\" height=\"180\" frameborder=\"0\" title=\"VOZ OFF 014 \u2013 Edgard Gianullo\"><\/iframe><\/p>\n<p><em><strong>Sauda\u00e7\u00f5es, ouvintes apaixonados por locu\u00e7\u00e3o. Est\u00e1 NO AR o 14\u00ba podcast VOZ OFF!<\/strong><\/em><\/p>\n<p>Neste epis\u00f3dio,\u00a0<a href=\"https:\/\/twitter.com\/antonioviviani\" target=\"_blank\" rel=\"noopener\"><strong>Antonio Viviani<\/strong><\/a> e <a href=\"https:\/\/twitter.com\/nicolalauletta\" target=\"_blank\" rel=\"noopener\"><strong>Nicola Lauletta<\/strong><\/a> batem um papo com um dos grandes e criativos m\u00fasicos e cantores da publicidade, que por sua irrever\u00eancia e talento humor\u00edstico tamb\u00e9m se revelou um grande garoto-propaganda fazendo muitos comerciais como ator e modelo, sem contar os in\u00fameros jingles e trilhas que produziu e produz at\u00e9 hoje.<\/p>\n<p>Quem vai contar a sua hist\u00f3ria pra gente, desta vez com a participa\u00e7\u00e3o de seu filho M\u00e1rcio, tamb\u00e9m publicit\u00e1rio e dublador da voz do Pato Donald, \u00e9 o m\u00fasico, ator e cantor:\u00a0<b>Edgard Gianullo!<\/b><\/p>\n<p>A conversa aconteceu em mar\u00e7o de 2018 e todo mundo vai ficar sabendo como ele come\u00e7ou a fazer jingles, como\u00a0 tocou com grandes maestros, e os conjuntos vocais que criou e participou, sempre com muito talento e uma incr\u00edvel veia humor\u00edstica.<\/p>\n<p>Com a gente e pra voc\u00eas:\u00a0<strong>EDGARD GIANULLO<\/strong>!<\/p>\n<p><strong style=\"color: #990000;\">Para seguir nas redes sociais:<\/strong><br \/>\n&#8211; <a href=\"https:\/\/www.facebook.com\/podcastvozoff\/\" target=\"_blank\" rel=\"noopener\">Curta a p\u00e1gina do podcast <strong>Voz Off<\/strong> no Facebook<\/a><br \/>\n&#8211; <a href=\"https:\/\/twitter.com\/podcastvozoff\" target=\"_blank\" rel=\"noopener\">Siga o <strong>@podcastvozoff<\/strong> no Twitter<\/a><br \/>\n&#8211; <a href=\"https:\/\/www.facebook.com\/antoniovivianioficial\/\" target=\"_blank\" rel=\"noopener\">Curta a p\u00e1gina do <strong>Antonio Viviani<\/strong> no Facebook<\/a><br \/>\n&#8211; <a href=\"https:\/\/twitter.com\/antonioviviani\" target=\"_blank\" rel=\"noopener\">Siga o <strong>@antonioviviani<\/strong> no Twitter<\/a><br \/>\n&#8211; <a href=\"https:\/\/twitter.com\/nicolalauletta\" target=\"_blank\" rel=\"noopener\">Siga o <strong>@nicolalauletta<\/strong> no Twitter<\/a><br \/>\n&#8211; <a href=\"https:\/\/www.facebook.com\/EchosStudios\" target=\"_blank\" rel=\"noopener\">Curta a p\u00e1gina do <strong>Echo&#8217;s Studio<\/strong> no Facebook<\/a><br \/>\n&#8211; <a href=\"https:\/\/www.facebook.com\/workshoplocucao\/\" target=\"_blank\" rel=\"noopener\">Curta a p\u00e1gina do <strong>Workshop de Locu\u00e7\u00e3o Comercial<\/strong> no Facebook<\/a><\/p>\n<p><strong style=\"color: #990000;\">Assine o FEED do Voz Off:<\/strong><br \/>\nPara ouvir o Voz Off no seu agregador de podcasts preferido, <a href=\"http:\/\/leolop.es\/feedvozoff\" target=\"_blank\" rel=\"noopener noreferrer\"><strong>clique aqui e assine o nosso FEED<\/strong><\/a>!<\/p>\n<p><strong style=\"color: #990000;\">Assine e avalie nosso podcast no iTunes:<\/strong><br \/>\nSe voc\u00ea usa o<strong> iTunes<\/strong> no seu computador, tablet ou smartphone, <a href=\"https:\/\/itunes.apple.com\/us\/podcast\/id1252595385\" target=\"_blank\" rel=\"noopener noreferrer\"><strong>assine e avalie nosso podcast clicando aqui<\/strong><\/a>!<\/p>\n<p><strong style=\"color: #990000;\">Voz Off no Spotify:<\/strong><br \/>\nCaso prefira ouvir o <strong>Voz Off <\/strong>no<strong> Spotify<\/strong>, <a href=\"https:\/\/open.spotify.com\/show\/16gSvztELYfMu42Vu22gug?si=UW6_DO3bQwaYUt4aNjb4TQ\" target=\"_blank\" rel=\"noopener noreferrer\"><strong>\u00e9 s\u00f3 clicar aqui e assinar o nosso podcast no servi\u00e7o de streaming<\/strong><\/a>!<\/p>\n<p><span style=\"color: #990000;\"><strong>E-mails:<\/strong><\/span><br \/>\nMande seu feedback pra gente atrav\u00e9s do e-mail\u00a0<a href=\"mailto:podcastvozoff@gmail.com\"><strong>podcastvozoff@gmail.com<\/strong><\/a>!<\/p>\n<p><span style=\"color: #990000;\"><strong>Publicidade:<\/strong><\/span><br \/>\n<a href=\"http:\/\/leolop.es\/rfcontato\" target=\"_blank\" rel=\"noopener noreferrer\"><strong>Entre em contato<\/strong><\/a> e saiba como <em>anunciar sua marca, produto ou servi\u00e7o em nossos podcasts<\/em>.<\/p>\n","protected":false},"excerpt":{"rendered":"<p>Neste epis\u00f3dio,\u00a0Antonio Viviani e Nicola Lauletta batem um papo com o m\u00fasico, ator e cantor\u00a0Edgard Gianullo!<\/p>\n","protected":false},"author":2,"featured_media":15903,"comment_status":"open","ping_status":"closed","sticky":false,"template":"","format":"standard","meta":{"footnotes":""},"categories":[13,1220],"tags":[675,1381,1224,1382,1221,14,419,90,471,1223],"class_list":["post-15902","post","type-post","status-publish","format-standard","has-post-thumbnail","hentry","category-podcast","category-vozoff","tag-antonio-viviani","tag-edgard-gianullo","tag-jingles","tag-marcio-gianullo","tag-nicola-lauletta","tag-podcast","tag-publicidade","tag-radio","tag-voz","tag-voz-off"],"_links":{"self":[{"href":"https:\/\/radiofobia.com.br\/podcast\/wp-json\/wp\/v2\/posts\/15902","targetHints":{"allow":["GET"]}}],"collection":[{"href":"https:\/\/radiofobia.com.br\/podcast\/wp-json\/wp\/v2\/posts"}],"about":[{"href":"https:\/\/radiofobia.com.br\/podcast\/wp-json\/wp\/v2\/types\/post"}],"author":[{"embeddable":true,"href":"https:\/\/radiofobia.com.br\/podcast\/wp-json\/wp\/v2\/users\/2"}],"replies":[{"embeddable":true,"href":"https:\/\/radiofobia.com.br\/podcast\/wp-json\/wp\/v2\/comments?post=15902"}],"version-history":[{"count":3,"href":"https:\/\/radiofobia.com.br\/podcast\/wp-json\/wp\/v2\/posts\/15902\/revisions"}],"predecessor-version":[{"id":26777,"href":"https:\/\/radiofobia.com.br\/podcast\/wp-json\/wp\/v2\/posts\/15902\/revisions\/26777"}],"wp:featuredmedia":[{"embeddable":true,"href":"https:\/\/radiofobia.com.br\/podcast\/wp-json\/wp\/v2\/media\/15903"}],"wp:attachment":[{"href":"https:\/\/radiofobia.com.br\/podcast\/wp-json\/wp\/v2\/media?parent=15902"}],"wp:term":[{"taxonomy":"category","embeddable":true,"href":"https:\/\/radiofobia.com.br\/podcast\/wp-json\/wp\/v2\/categories?post=15902"},{"taxonomy":"post_tag","embeddable":true,"href":"https:\/\/radiofobia.com.br\/podcast\/wp-json\/wp\/v2\/tags?post=15902"}],"curies":[{"name":"wp","href":"https:\/\/api.w.org\/{rel}","templated":true}]}}