{"id":15905,"date":"2018-08-06T10:00:05","date_gmt":"2018-08-06T13:00:05","guid":{"rendered":"http:\/\/radiofobia.com.br\/podcast\/?p=15905"},"modified":"2022-03-15T10:48:29","modified_gmt":"2022-03-15T13:48:29","slug":"radiofobia-242-com-bruna-laynes","status":"publish","type":"post","link":"https:\/\/radiofobia.com.br\/podcast\/2018\/08\/radiofobia-242-com-bruna-laynes\/","title":{"rendered":"RADIOFOBIA 242 &#8211; com Bruna Laynes"},"content":{"rendered":"<p><iframe title=\"RADIOFOBIA 242 \u2013 com Bruna Laynes\" src=\"https:\/\/omny.fm\/shows\/radiofobia-podcast\/radiofobia-242-com-bruna-laynes\/embed\" width=\"100%\" height=\"180\" frameborder=\"0\"><\/iframe><\/p>\n<p><em><strong>Sauda\u00e7\u00f5es, ouvinte desocupado apaixonado por dublagem<\/strong><\/em><em><strong>!<\/strong><\/em><\/p>\n<p><span style=\"line-height: 1.5em;\">No programa de hoje\u00a0<a href=\"https:\/\/twitter.com\/leoradiofobia\" target=\"_blank\" rel=\"noopener\"><strong>Leo Lopes<\/strong><\/a>, <a href=\"https:\/\/twitter.com\/velhoechato\" target=\"_blank\" rel=\"noopener\"><strong>Thiago Fujiwara <\/strong><\/a>e\u00a0<strong><a href=\"https:\/\/twitter.com\/JeftherBarbosa\" target=\"_blank\" rel=\"noopener\">Jef Barbosa<\/a>\u00a0estendem o tapete vermelho<\/strong> para bater um papo com a <strong>atriz, dubladora e diretora de dublagem<\/strong> <a href=\"https:\/\/www.instagram.com\/brunalaynes\" target=\"_blank\" rel=\"noopener\"><strong>Bruna Laynes<\/strong><\/a>\u00a0em mais um programa da s\u00e9rie <strong>O Cora\u00e7\u00e3o da Voz<\/strong>!<\/span><\/p>\n<p>Prepare-se para conhecer a hist\u00f3ria da Bruna, saber como \u00e9 a maluquice de <strong><a href=\"https:\/\/www.instagram.com\/p\/BfBK_qmnHtn\/?hl=pt-br&amp;taken-by=manoloreyoficial\" target=\"_blank\" rel=\"noopener\">ser filha de Manolo Rey<\/a>,\u00a0<\/strong>ouvir v\u00e1rias hist\u00f3rias de bastidores e saber como foi a dublagem de personagens como\u00a0<strong>Chlo\u00eb Moretz<\/strong> <em>(Carrie em &#8220;Carrie, a Estranha&#8221; e Hit Girl em &#8220;Kick Ass 2&#8221;, entre outras)<\/em>, <strong>Danna Paola<\/strong> (<em>Amy Granados<\/em>\u00a0<em>em &#8220;Amy a Menina da Mochila Azul&#8221;)<\/em>,\u00a0<strong>Franklin Aluysius Mumford<\/strong> <em>(Eu, a Patroa e as Crian\u00e7as)<\/em>, <strong>Penny<\/strong> <em>(Bolt &#8211; Superc\u00e3o)<\/em>,\u00a0<strong>Marg\u00f4<\/strong> <em>(Meu Malvado Favorito)<\/em>, <strong>Isabella Garcia-Shapiro<\/strong> <em>(Phineas e Ferb)<\/em>,\u00a0<strong>Clara<\/strong> <em>(Ca\u00e7adores de Trolls),\u00a0<\/em><strong>Amora<\/strong><em> (A Era do Gelo)<\/em>\u00a0e muitos outros mais!<\/p>\n<p>Queremos muito saber o que voc\u00ea gostaria de ouvir neste nosso <strong>D\u00c9CIMO ANO NO AR<\/strong>, ent\u00e3o n\u00e3o deixe de\u00a0<strong>interagir com a gente nas redes sociais<\/strong>, <strong>dar seu feedback sobre o papo e sugerir temas e convidados<\/strong>\u00a0para as pr\u00f3ximas edi\u00e7\u00f5es do nosso podcast, al\u00e9m de\u00a0<strong>deixar seu coment\u00e1rio no post<\/strong>, ok?<\/p>\n<p><strong><span style=\"color: #990000;\">Recadalhos, surubex e TICLIMs:<\/span><\/strong><br \/>\n&#8211; <a href=\"https:\/\/leolop.es\/rfobiahgatorpromo50\" target=\"_blank\" rel=\"noopener\">ouvinte do R\u00e1diofobia agora tem <strong>50% DE DESCONTO nos planos HostGator! &#8211; ASSINE J\u00c1!<\/strong><\/a><br \/>\n&#8211; <strong><a href=\"http:\/\/leolop.es\/camisetasrf\" target=\"_blank\" rel=\"noopener\">compre AGORA as camisetas R\u00e1diofobia e a EXCLUSIVA camiseta Podosfera 1.0 por apenas R$49,90!<\/a><\/strong><br \/>\n&#8211; <a href=\"https:\/\/www.youtube.com\/watch?v=gcTEp1FQ7gg\" target=\"_blank\" rel=\"noopener\">assista a palestra do Luciano Pires na Campus Party Rond\u00f4nia, realizada no dia 04 de agosto em Porto Velho<\/a><br \/>\n&#8211; <strong><a href=\"http:\/\/leolop.es\/rfpn_itunes\" target=\"_blank\" rel=\"noopener\">R\u00e1diofobia Podcast Network no iTunes<\/a><\/strong><br \/>\n&#8211; <a href=\"http:\/\/leolop.es\/mixordias\" target=\"_blank\" rel=\"noopener noreferrer\">Assine o <strong>Mix\u00f3rdias, o canal de v\u00eddeos do Leo Lopes<\/strong><\/a><br \/>\n&#8211; <a href=\"https:\/\/twitter.com\/mixordias\" target=\"_blank\" rel=\"noopener noreferrer\">Siga o <strong>@mixordias<\/strong> no <strong>tuV\u00edtter<\/strong><\/a><br \/>\n&#8211; <a href=\"https:\/\/www.facebook.com\/canalmixordias\/\" target=\"_blank\" rel=\"noopener noreferrer\">Curta a <strong>P\u00e1gina do Mix\u00f3rdias no Facebook<\/strong><\/a><br \/>\n&#8211; <a href=\"https:\/\/twitter.com\/radiofobia\" target=\"_blank\" rel=\"noopener noreferrer\">Siga <strong>@radiofobia<\/strong> no tuV\u00edtter<\/a><br \/>\n&#8211; <a href=\"https:\/\/www.facebook.com\/radiofobiapodcast\" target=\"_blank\" rel=\"noopener noreferrer\">Curta a p\u00e1gina do <strong>RADIOFOBIA<\/strong> no Facebook<\/a><br \/>\n&#8211; <a href=\"https:\/\/www.facebook.com\/radiofobiapm\" target=\"_blank\" rel=\"noopener noreferrer\">Curta a p\u00e1gina da <strong>RADIOFOBIA Podcast e Multim\u00eddia<\/strong> no Facebook<\/a><\/p>\n<p><strong><span style=\"color: #990000;\">Links citados no programa:<\/span><\/strong><br \/>\n&#8211;\u00a0<a href=\"http:\/\/leolop.es\/rfobia94\" target=\"_blank\" rel=\"noopener\">RADIOFOBIA 94 &#8211; com Manolo Rey<\/a><br \/>\n&#8211; <a href=\"https:\/\/jovemnerd.com.br\/nerdcast\/nerdcast-85-eu-tenho-a-forca\/\" target=\"_blank\" rel=\"noopener\">NERDCAST 86 &#8211; Eu tenho a for\u00e7a!, com Garcia J\u00fanior<\/a><br \/>\n&#8211; <a href=\"https:\/\/www.youtube.com\/watch?v=zzFnW807b5Y\" target=\"_blank\" rel=\"noopener\">Quem Dubla Meu Malvado Favorito, com Bruna Laynes, Ana Elena e Pamela Rodrigues<\/a><br \/>\n&#8211; <a href=\"https:\/\/www.youtube.com\/channel\/UCsm5c_pRfnCcfmwd_t4jlxg\" target=\"_blank\" rel=\"noopener\">Inscreva-se no canal do Quem Dubla no YouTube<\/a><\/p>\n<p><strong><span style=\"color: #990000;\">Conhe\u00e7a o CURSO DE PODCAST:<\/span><\/strong><br \/>\n&#8211; <a href=\"http:\/\/www.cursodepodcast.com.br\" target=\"_blank\" rel=\"noopener noreferrer\">Acesse <strong>www.cursodepodcast.com.br<\/strong><\/a><br \/>\n&#8211; <a href=\"https:\/\/twitter.com\/CursoDePodcast\" target=\"_blank\" rel=\"noopener noreferrer\">Siga o <strong>@cursodepodcast<\/strong> no tuV\u00edtter<\/a><br \/>\n&#8211; <a href=\"https:\/\/www.youtube.com\/user\/cursodepodcast\" target=\"_blank\" rel=\"noopener noreferrer\">Inscreva-se no canal do <strong>Curso de Podcast<\/strong> no YouTube<\/a><br \/>\n&#8211; <a href=\"https:\/\/www.facebook.com\/cursodepodcast\" target=\"_blank\" rel=\"noopener noreferrer\">Curta a p\u00e1gina do <strong>Curso de Podcast<\/strong> no Facebook<\/a><\/p>\n<p><span style=\"color: #990000;\"><strong>E-mails:<\/strong><\/span><br \/>\n<em>F\u00f3debeques<\/em> dos pogramas ou simples <em>abrax <\/em>e <em>recadalhos<\/em> podem ser enviados para <a title=\"[GMCP] Compose a new mail to podcast@radiofobia.com.br\" href=\"mailto:podcast@radiofobia.com.br\" target=\"blank\">podcast@radiofobia.com.br<\/a>!<\/p>\n<p><span style=\"color: #990000;\"><strong>Ou\u00e7a o R\u00e1diofobia Podcast nos principais agregadores:<\/strong><\/span><br \/>\n&#8211; <strong><a href=\"https:\/\/leolop.es\/rfobia_spotify\" target=\"_blank\" rel=\"noopener noreferrer\">Spotify<\/a><\/strong><br \/>\n&#8211; <strong><a href=\"https:\/\/leolop.es\/rfobia_googlepod\" target=\"_blank\" rel=\"noopener noreferrer\">Google Podcasts<\/a><\/strong><br \/>\n&#8211; <strong><a href=\"https:\/\/http:\/\/leolop.es\/rfitunes\" target=\"_blank\" rel=\"noopener noreferrer\">Apple Podcasts<\/a><\/strong><br \/>\n&#8211; <strong><a href=\"http:\/\/leolop.es\/rfobia_amazon\" target=\"_blank\" rel=\"noopener\">Amazon Music<\/a><\/strong><br \/>\n&#8211; <strong><a href=\"https:\/\/pca.st\/V12f\" target=\"_blank\" rel=\"noopener noreferrer\">PocketCasts<\/a><\/strong><\/p>\n<p><span style=\"color: #990000;\"><strong>Publicidade:<\/strong><\/span><br \/>\n<a href=\"http:\/\/leolop.es\/rfcontato\" target=\"_blank\" rel=\"noopener noreferrer\"><strong>Entre em contato<\/strong><\/a> e saiba como <em>anunciar sua marca, produto ou servi\u00e7o em nossos podcasts<\/em>.<\/p>\n","protected":false},"excerpt":{"rendered":"<p>No programa de hoje\u00a0Leo Lopes, Thiago Fujiwara e\u00a0Jef Barbosa\u00a0batem um papo com Bruna Laynes\u00a0em mais um programa da s\u00e9rie O Cora\u00e7\u00e3o da Voz!<\/p>\n","protected":false},"author":2,"featured_media":15906,"comment_status":"open","ping_status":"closed","sticky":false,"template":"","format":"standard","meta":{"footnotes":""},"categories":[86,13,35],"tags":[1383,694,81,1090,11,665,14,15,592],"class_list":["post-15905","post","type-post","status-publish","format-standard","has-post-thumbnail","hentry","category-o-coracao-da-voz","category-podcast","category-radiofobia","tag-bruna-laynes","tag-dubladores-2","tag-dublagem","tag-jef-barbosa","tag-leo-lopes","tag-o-coracao-da-voz","tag-podcast","tag-radiofobia","tag-thiago-fujiwara"],"_links":{"self":[{"href":"https:\/\/radiofobia.com.br\/podcast\/wp-json\/wp\/v2\/posts\/15905","targetHints":{"allow":["GET"]}}],"collection":[{"href":"https:\/\/radiofobia.com.br\/podcast\/wp-json\/wp\/v2\/posts"}],"about":[{"href":"https:\/\/radiofobia.com.br\/podcast\/wp-json\/wp\/v2\/types\/post"}],"author":[{"embeddable":true,"href":"https:\/\/radiofobia.com.br\/podcast\/wp-json\/wp\/v2\/users\/2"}],"replies":[{"embeddable":true,"href":"https:\/\/radiofobia.com.br\/podcast\/wp-json\/wp\/v2\/comments?post=15905"}],"version-history":[{"count":13,"href":"https:\/\/radiofobia.com.br\/podcast\/wp-json\/wp\/v2\/posts\/15905\/revisions"}],"predecessor-version":[{"id":26251,"href":"https:\/\/radiofobia.com.br\/podcast\/wp-json\/wp\/v2\/posts\/15905\/revisions\/26251"}],"wp:featuredmedia":[{"embeddable":true,"href":"https:\/\/radiofobia.com.br\/podcast\/wp-json\/wp\/v2\/media\/15906"}],"wp:attachment":[{"href":"https:\/\/radiofobia.com.br\/podcast\/wp-json\/wp\/v2\/media?parent=15905"}],"wp:term":[{"taxonomy":"category","embeddable":true,"href":"https:\/\/radiofobia.com.br\/podcast\/wp-json\/wp\/v2\/categories?post=15905"},{"taxonomy":"post_tag","embeddable":true,"href":"https:\/\/radiofobia.com.br\/podcast\/wp-json\/wp\/v2\/tags?post=15905"}],"curies":[{"name":"wp","href":"https:\/\/api.w.org\/{rel}","templated":true}]}}