{"id":1598,"date":"2011-02-23T09:37:48","date_gmt":"2011-02-23T12:37:48","guid":{"rendered":"http:\/\/radiofobia.com.br\/?p=1598"},"modified":"2022-03-13T17:52:28","modified_gmt":"2022-03-13T20:52:28","slug":"radiofobia-50-especial-de-2-anos","status":"publish","type":"post","link":"https:\/\/radiofobia.com.br\/podcast\/2011\/02\/radiofobia-50-especial-de-2-anos\/","title":{"rendered":"RADIOFOBIA 50 &#8211; Especial de 2 Anos!"},"content":{"rendered":"<p><iframe title=\"RADIOFOBIA 50 \u2013 Especial de 2 Anos!\" src=\"https:\/\/omny.fm\/shows\/radiofobia-podcast\/radiofobia-50-especial-de-2-anos\/embed\" width=\"100%\" height=\"180\" frameborder=\"0\"><\/iframe><\/p>\n<p>\u00c9 com <strong>orgulho nas teta radiof\u00f3bica<\/strong> que <a href=\"http:\/\/twitter.com\/leoradiofobia\" target=\"_blank\" rel=\"noopener\">Leo Lopes<\/a> abre as portas do <strong>Est\u00fadio 1 do RADIOFOBIA<\/strong> para, junto com <a href=\"http:\/\/twitter.com\/danielamonteiro\" target=\"_blank\" rel=\"noopener\">Daniela Monteiro<\/a>, <a href=\"http:\/\/twitter.com\/lunegrette\" target=\"_blank\" rel=\"noopener\">Lu Negrette<\/a>, <a href=\"http:\/\/twitter.com\/olaurito\" target=\"_blank\" rel=\"noopener\">Laurito<\/a>, <a href=\"http:\/\/twitter.com\/marcoslauro\" target=\"_blank\" rel=\"noopener\">Marcos Lauro<\/a> e <a href=\"http:\/\/twitter.com\/mrquessa\" target=\"_blank\" rel=\"noopener\">Quessa<\/a>, celebrar os <strong>2 Anos do podcast mais radiof\u00f4nico da podosfera-Lhes!<\/strong><\/p>\n<p>Pra comemorar com alt\u00edssimo gabard\u00e3, nossa equipe convidou tamb\u00e9m os ouvintes <a href=\"http:\/\/twitter.com\/jessicabertol\" target=\"_blank\" rel=\"noopener\">J\u00e9ssica Dalcin<\/a> e <a href=\"http:\/\/twitter.com\/dudumoreira\" target=\"_blank\" rel=\"noopener\">Dudu Moreira<\/a> &#8211; <em>ga\u00fachos de Santa Maria e ganhadores das promocetas preparat\u00f3rias deste Especial<\/em>, e tamb\u00e9m o <strong>representante de todos os nossos ouvintes<\/strong> &#8211; <em>e a partir deste pograma o mais novo colaborador da baga\u00e7a<\/em>, <a href=\"http:\/\/twitter.com\/druidalucas\" target=\"_blank\" rel=\"noopener\">Lucas Yassumura &#8211; O Podcasteiro!<\/a><\/p>\n<p>Nosso <strong><span style=\"color: #990000;\">SINCERO AGRADECIMENTO<\/span><\/strong> a <strong><span style=\"color: #990000;\">CADA UM DE NOSSOS QUERIDOS OUVINTES DESOCUPADOS<\/span><\/strong> por nos acompanharem durante esses 2 anos, assim como <strong><span style=\"color: #990000;\">TODOS OS CONVIDADOS QUE PASSARAM POR AQUI AT\u00c9 HOJE<\/span><\/strong> e a todos os <strong><span style=\"color: #990000;\">QUERIDOS AMIGOS E COLEGAS DA PODOSFERA<\/span><\/strong> que enviaram suas mensagens de <em>par\u00e1bens<\/em>:<\/p>\n<p>&#8211; <a href=\"http:\/\/twitter.com\/sitedomau\" target=\"_blank\" rel=\"noopener\">Mau Faccio<\/a>, do <a href=\"http:\/\/www.sitedomau.com\/\" target=\"_blank\" rel=\"noopener\"><strong>Site do Mau<\/strong><\/a><br \/>\n&#8211; <a href=\"http:\/\/twitter.com\/portaldojapa\" target=\"_blank\" rel=\"noopener\">Marcos Aguena &#8211; o Japa<\/a>, do <a href=\"http:\/\/www.portaldojapa.com.br\/\" target=\"_blank\" rel=\"noopener\"><strong>Portal do Japa<\/strong><\/a><br \/>\n&#8211; <a href=\"http:\/\/twitter.com\/teatrobonecos\" target=\"_blank\" rel=\"noopener\">Guilherme Briggs<\/a>, do <a href=\"http:\/\/teatrobonecos.blogspot.com\/\" target=\"_blank\" rel=\"noopener\"><strong>Teatro de Bonecos<\/strong><\/a><br \/>\n&#8211; <a href=\"http:\/\/twitter.com\/caracciolo\" target=\"_blank\" rel=\"noopener\">Leandro Caracciolo<\/a>, do <a href=\"http:\/\/www.nanquimnaunha.com.br\/\" target=\"_blank\" rel=\"noopener\"><strong>Nanquim na Unha<\/strong><\/a><br \/>\n&#8211; <a href=\"http:\/\/twitter.com\/guanabara\" target=\"_blank\" rel=\"noopener\">Gustavo Guanabara<\/a> e Elaine Guanabara, do <a href=\"http:\/\/guanabara.info\" target=\"_blank\" rel=\"noopener\"><strong>Guanacast<\/strong><\/a><br \/>\n&#8211; <a href=\"http:\/\/twitter.com\/japoneswqs\" target=\"_blank\" rel=\"noopener\">Japon\u00eas WQS<\/a> e <a href=\"http:\/\/twitter.com\/morenamoraes\" target=\"_blank\" rel=\"noopener\">Morena Moraes<\/a>, do <a href=\"http:\/\/www.cavernaeponto.com.br\/\" target=\"_blank\" rel=\"noopener\"><strong>CavernaCast<\/strong><\/a><br \/>\n&#8211; <a href=\"http:\/\/twitter.com\/jabour_rio\" target=\"_blank\" rel=\"noopener\">Jabour<\/a>, do <a href=\"http:\/\/www.baupirata.com\/\" target=\"_blank\" rel=\"noopener\"><strong>Piratacast<\/strong><\/a><br \/>\n&#8211; <a href=\"http:\/\/twitter.com\/jonnyken\" target=\"_blank\" rel=\"noopener\">Jonny Ken<\/a>, do <a href=\"http:\/\/www.infopod.com.br\/\" target=\"_blank\" rel=\"noopener\"><strong>InfoPod<\/strong><\/a><br \/>\n&#8211; <a href=\"http:\/\/twitter.com\/madmaxandrade\" target=\"_blank\" rel=\"noopener\">Tiago Andrade<\/a> e <a href=\"http:\/\/twitter.com\/schias\" target=\"_blank\" rel=\"noopener\">Vin\u00edcius Schiavini<\/a>, da <a href=\"http:\/\/dimensaonerd.com\" target=\"_blank\" rel=\"noopener\"><strong>Kombo Podcasts<\/strong><\/a><br \/>\n&#8211; <a href=\"http:\/\/twitter.com\/lucianopires\" target=\"_blank\" rel=\"noopener\">Luciano Pires<\/a>, do <a href=\"http:\/\/www.portalcafebrasil.com.br\/\" target=\"_blank\" rel=\"noopener\"><strong>Caf\u00e9 Brasil<\/strong><\/a><br \/>\n&#8211; <a href=\"http:\/\/twitter.com\/#!\/AngelicaHellish\" target=\"_blank\" rel=\"noopener\">Ang\u00e9lica Hellish<\/a>, <a href=\"http:\/\/twitter.com\/#!\/noriegamarcos\" target=\"_blank\" rel=\"noopener\">Marcos Noriega<\/a> e <a href=\"http:\/\/twitter.com\/#!\/eduardo_cosso\" target=\"_blank\" rel=\"noopener\">Eduardo Cosso<\/a>, do <a href=\"http:\/\/masmorraerotica.blogspot.com\/\" target=\"_blank\" rel=\"noopener\"><strong>Masmorracast<\/strong><\/a><br \/>\n&#8211; <a href=\"http:\/\/twitter.com\/MafaldaMonacast\" target=\"_blank\" rel=\"noopener\">Mafalda<\/a>, <a href=\"http:\/\/twitter.com\/RealEuba\" target=\"_blank\" rel=\"noopener\">Eubalena<\/a> e <a href=\"http:\/\/twitter.com\/#!\/vi_marassi\" target=\"_blank\" rel=\"noopener\">Phoebe<\/a>, do <a href=\"http:\/\/www.monalisadepijamas.com.br\/tag\/podcast\" target=\"_blank\" rel=\"noopener\"><strong>Monacast<\/strong><\/a><br \/>\n&#8211; <a href=\"http:\/\/twitter.com\/oeduardomoreira\" target=\"_blank\" rel=\"noopener\">Eduardo Moreira<\/a>, do <a href=\"http:\/\/www.spinoff.com.br\/\" target=\"_blank\" rel=\"noopener\">Spin-Off<\/a> e do <a href=\"http:\/\/www.targethd.net\/\" target=\"_blank\" rel=\"noopener\"><strong>TargetHD<\/strong><\/a><br \/>\n&#8211; <a href=\"http:\/\/www.twitter.com\/thiagoiorio\" target=\"_blank\" rel=\"noopener\">Thiago Iorio<\/a> e <a href=\"http:\/\/www.twitter.com\/Thata_poa\" target=\"_blank\" rel=\"noopener\">Thata<\/a>, do <a href=\"http:\/\/www.dimensaonerd.com\/category\/podcast\/na-calcada\/\" target=\"_blank\" rel=\"noopener\"><strong>Na Cal\u00e7ada<\/strong><\/a><br \/>\n&#8211; <a href=\"http:\/\/twitter.com\/pollar\" target=\"_blank\" rel=\"noopener\">Allan PoLLar<\/a>, <a href=\"http:\/\/twitter.com\/OliverPerez\" target=\"_blank\" rel=\"noopener\">Oliver Perez<\/a> e <a href=\"http:\/\/twitter.com\/luizsussi\" target=\"_blank\" rel=\"noopener\">Luiz Sussi<\/a>, do <a href=\"http:\/\/www.nerdrops.com\" target=\"_blank\" rel=\"noopener\"><strong>Nerdrops<\/strong><\/a><br \/>\n&#8211; <a href=\"http:\/\/twitter.com\/descontrolepod\" target=\"_blank\" rel=\"noopener\">Joh Meira<\/a> e <a href=\"http:\/\/twitter.com\/LiliSzili\" target=\"_blank\" rel=\"noopener\">Lili<\/a>, do <a href=\"http:\/\/www.descontrolepodcast.com\/\" target=\"_blank\" rel=\"noopener\"><strong>Descontrole Podcast<\/strong><\/a><br \/>\n&#8211; <a href=\"http:\/\/twitter.com\/ocktock\" target=\"_blank\" rel=\"noopener\">Ock Tock<\/a>, do <a href=\"http:\/\/www.maquinadotempo.blog.br\/\" target=\"_blank\" rel=\"noopener\">M\u00e1quina do Tempo<\/a> e do <a href=\"http:\/\/ocktock.com.br\/\" target=\"_blank\" rel=\"noopener\"><strong>Tocka\u00ed<\/strong><\/a><br \/>\n&#8211; <a href=\"http:\/\/twitter.com\/dragaodourado\" target=\"_blank\" rel=\"noopener\">Drag\u00e3o Dourado<\/a>, do <a href=\"http:\/\/omegastation.com.br\/\" target=\"_blank\" rel=\"noopener\"><strong>Omegacast<\/strong><\/a><br \/>\n&#8211; <a href=\"http:\/\/twitter.com\/eduardo_sales\" target=\"_blank\" rel=\"noopener\">Dudu Sales<\/a> e <a href=\"http:\/\/twitter.com\/maira_moraes\" target=\"_blank\" rel=\"noopener\">Maira Moraes<\/a>, do <a href=\"http:\/\/www.papodegordo.com.br\" target=\"_blank\" rel=\"noopener\"><strong>Papo de Gordo<\/strong><\/a><br \/>\n&#8211; <a href=\"http:\/\/twitter.com\/oNerdMaster\" target=\"_blank\" rel=\"noopener\">Alexandre Nerdmaster<\/a>, do <a href=\"http:\/\/paranerdia.blogspot.com\/\" target=\"_blank\" rel=\"noopener\"><strong>Paranerdia<\/strong><\/a><br \/>\n&#8211; <a href=\"http:\/\/twitter.com\/phsantos\" target=\"_blank\" rel=\"noopener\">PH Santos<\/a>, do <a href=\"http:\/\/iradex.net\/\" target=\"_blank\" rel=\"noopener\"><strong>Iradex.net<\/strong><\/a><br \/>\n&#8211; <a href=\"http:\/\/twitter.com\/marcelosalgado\" target=\"_blank\" rel=\"noopener\">Marcelo Salgado<\/a>, do <a href=\"http:\/\/cumecamao.com.br\/\" target=\"_blank\" rel=\"noopener\"><strong>Podcum\u00ea<\/strong><\/a><br \/>\n&#8211; <a href=\"http:\/\/twitter.com\/wag\" target=\"_blank\" rel=\"noopener\">Wagner Brito<\/a>, da <a href=\"http:\/\/www.blablaismo.com.br\/category\/radiobla\/\" target=\"_blank\" rel=\"noopener\"><strong>Radiobl\u00e1<\/strong><\/a><br \/>\n&#8211; <a href=\"http:\/\/twitter.com\/Rafael_Smok\" target=\"_blank\" rel=\"noopener\">Rafael Smok<\/a>, do <a href=\"http:\/\/tabernadosmok.com.br\/category\/tabernacast\/\" target=\"_blank\" rel=\"noopener\"><strong>Tabernacast<\/strong><\/a><br \/>\n&#8211; <a href=\"http:\/\/twitter.com\/barby12bass\" target=\"_blank\" rel=\"noopener\">Artemis<\/a> e Hestia, do <a href=\"http:\/\/www.dimensaonerd.com\/category\/podcast\/themyscira\" target=\"_blank\" rel=\"noopener\"><strong>Ilha Themyscira<\/strong><\/a><br \/>\n&#8211; <a href=\"http:\/\/twitter.com\/historica\" target=\"_blank\" rel=\"noopener\">Gabriel Toppera Perboni<\/a>, do <a href=\"http:\/\/historica.com.br\/\" target=\"_blank\" rel=\"noopener\"><strong>Vis\u00e3o Hist\u00f3rica<\/strong><\/a><br \/>\n&#8211; <a href=\"http:\/\/twitter.com\/theperna\" target=\"_blank\" rel=\"noopener\">Perna<\/a>, <a href=\"http:\/\/twitter.com\/ze_tosco\" target=\"_blank\" rel=\"noopener\">Z\u00e9<\/a>, <a href=\"http:\/\/twitter.com\/__alemao\" target=\"_blank\" rel=\"noopener\">Alem\u00e3o<\/a> e <a href=\"http:\/\/twitter.com\/onseunono\" target=\"_blank\" rel=\"noopener\">Seu Non\u00f4<\/a>, do <a href=\"http:\/\/toscochanchada.com\/\" target=\"_blank\" rel=\"noopener\"><strong>Toscochanchada<\/strong><\/a><br \/>\n&#8211; <a href=\"http:\/\/twitter.com\/vivacqua\" target=\"_blank\" rel=\"noopener\">Vivacqua<\/a>, do <a href=\"http:\/\/nerdrops.com\" target=\"_blank\" rel=\"noopener\"><strong>Nerdrops de Games<\/strong><\/a><br \/>\n&#8211; <a href=\"http:\/\/www.twitter.com\/profmaury\" target=\"_blank\" rel=\"noopener\">Prof. Maury<\/a> e <a href=\"http:\/\/www.twitter.com\/ftarcan\" target=\"_blank\" rel=\"noopener\">Tato Tarcan<\/a>, do <a href=\"http:\/\/wergeeks.net\/\" target=\"_blank\" rel=\"noopener\"><strong>WeRgeeks<\/strong><\/a><\/p>\n<p><span style=\"color: #990000;\"><strong>Ou\u00e7a o R\u00e1diofobia Podcast nos principais agregadores:<\/strong><\/span><br \/>\n&#8211; <strong><a href=\"https:\/\/leolop.es\/rfobia_spotify\" target=\"_blank\" rel=\"noopener noreferrer\">Spotify<\/a><\/strong><br \/>\n&#8211; <strong><a href=\"https:\/\/leolop.es\/rfobia_googlepod\" target=\"_blank\" rel=\"noopener noreferrer\">Google Podcasts<\/a><\/strong><br \/>\n&#8211; <strong><a href=\"https:\/\/http:\/\/leolop.es\/rfitunes\" target=\"_blank\" rel=\"noopener noreferrer\">Apple Podcasts<\/a><\/strong><br \/>\n&#8211; <strong><a href=\"http:\/\/leolop.es\/rfobia_amazon\" target=\"_blank\" rel=\"noopener\">Amazon Music<\/a><\/strong><br \/>\n&#8211; <strong><a href=\"https:\/\/pca.st\/V12f\" target=\"_blank\" rel=\"noopener noreferrer\">PocketCasts<\/a><\/strong><\/p>\n<p><span style=\"color: #990000;\"><strong>Publicidade:<\/strong><\/span><br \/>\n<a href=\"http:\/\/leolop.es\/rfcontato\" target=\"_blank\" rel=\"noopener noreferrer\"><strong>Entre em contato<\/strong><\/a> e saiba como <em>anunciar sua marca, produto ou servi\u00e7o em nossos podcasts<\/em>.<\/p>\n","protected":false},"excerpt":{"rendered":"<p>A equipe toda da baga\u00e7a se re\u00fane para celebrar os 2 Anos do pograma mais radiof\u00f4nico da podosfera-Lhes!<\/p>\n","protected":false},"author":2,"featured_media":1629,"comment_status":"open","ping_status":"closed","sticky":false,"template":"","format":"standard","meta":{"footnotes":""},"categories":[13,72],"tags":[191,9,135,131,101,28,11,96,53,14,185,33,15],"class_list":["post-1598","post","type-post","status-publish","format-standard","has-post-thumbnail","hentry","category-podcast","category-podosfera-podcast","tag-2-anos","tag-amigos","tag-ao-vivo","tag-daniela-monteiro","tag-especial","tag-laurito","tag-leo-lopes","tag-lu-negrette","tag-marcos-lauro","tag-podcast","tag-podosfera","tag-quessa","tag-radiofobia"],"_links":{"self":[{"href":"https:\/\/radiofobia.com.br\/podcast\/wp-json\/wp\/v2\/posts\/1598","targetHints":{"allow":["GET"]}}],"collection":[{"href":"https:\/\/radiofobia.com.br\/podcast\/wp-json\/wp\/v2\/posts"}],"about":[{"href":"https:\/\/radiofobia.com.br\/podcast\/wp-json\/wp\/v2\/types\/post"}],"author":[{"embeddable":true,"href":"https:\/\/radiofobia.com.br\/podcast\/wp-json\/wp\/v2\/users\/2"}],"replies":[{"embeddable":true,"href":"https:\/\/radiofobia.com.br\/podcast\/wp-json\/wp\/v2\/comments?post=1598"}],"version-history":[{"count":3,"href":"https:\/\/radiofobia.com.br\/podcast\/wp-json\/wp\/v2\/posts\/1598\/revisions"}],"predecessor-version":[{"id":25906,"href":"https:\/\/radiofobia.com.br\/podcast\/wp-json\/wp\/v2\/posts\/1598\/revisions\/25906"}],"wp:featuredmedia":[{"embeddable":true,"href":"https:\/\/radiofobia.com.br\/podcast\/wp-json\/wp\/v2\/media\/1629"}],"wp:attachment":[{"href":"https:\/\/radiofobia.com.br\/podcast\/wp-json\/wp\/v2\/media?parent=1598"}],"wp:term":[{"taxonomy":"category","embeddable":true,"href":"https:\/\/radiofobia.com.br\/podcast\/wp-json\/wp\/v2\/categories?post=1598"},{"taxonomy":"post_tag","embeddable":true,"href":"https:\/\/radiofobia.com.br\/podcast\/wp-json\/wp\/v2\/tags?post=1598"}],"curies":[{"name":"wp","href":"https:\/\/api.w.org\/{rel}","templated":true}]}}