{"id":16028,"date":"2018-10-01T10:45:46","date_gmt":"2018-10-01T13:45:46","guid":{"rendered":"http:\/\/radiofobia.com.br\/podcast\/?p=16028"},"modified":"2022-04-20T15:52:31","modified_gmt":"2022-04-20T18:52:31","slug":"backhand-na-paralela-001-feminismo-vs-privilegio","status":"publish","type":"post","link":"https:\/\/radiofobia.com.br\/podcast\/2018\/10\/backhand-na-paralela-001-feminismo-vs-privilegio\/","title":{"rendered":"Backhand na Paralela 001 &#8211; Feminismo vs privil\u00e9gio"},"content":{"rendered":"<p><iframe title=\"Backhand na Paralela 001 \u2013 Feminismo vs privil\u00e9gio\" src=\"https:\/\/omny.fm\/shows\/backhand-na-paralela\/backhand-na-paralela-001-feminismo-vs-privil-gio\/embed\" width=\"100%\" height=\"180\" frameborder=\"0\"><\/iframe><\/p>\n<p><em><strong>Salve galera da bolinha amarela, estamos no ar!\u00a0<\/strong><\/em><\/p>\n<p>A nova temporada do podcast <strong>Backhand na Paralela<\/strong> chegou, e com ela uma nova abordagem sobre o esporte. Vamos falar muito sobre todos os aspectos do t\u00eanis, desde o profissional at\u00e9 o juvenil, passando pelo t\u00eanis em cadeira de rodas, t\u00eanis amador, reviews de equipamentos e o que mais pintar &#8211; sempre com a sua participa\u00e7\u00e3o, atrav\u00e9s das redes sociais.<\/p>\n<p>Neste epis\u00f3dio de (re)estreia, <strong><a href=\"http:\/\/twitter.com\/jeffpaiva\">Jeff Paiva<\/a><\/strong>\u00a0e <a href=\"https:\/\/twitter.com\/euarianef\" target=\"_blank\" rel=\"noopener\"><strong>Ariane Ferreira<\/strong><\/a> debatem o quanto o sexismo e a luta pelo feminismo realmente foram fatores importantes na final do USOpen feminino, em que Serena Williams discutiu com o \u00e1rbitro de cadeira, com a dire\u00e7\u00e3o do torneio e ofuscou o t\u00edtulo in\u00e9dito de Naomi Osaka. Foi luta por direitos ou abuso de privil\u00e9gio da ex-n\u00famero 1 do mundo? O que estas atitudes ajudam ou prejudicam a luta por mais igualdade no t\u00eanis?<\/p>\n<p>Tem tamb\u00e9m um papo muito esclarecedor sobre o t\u00eanis em cadeira de rodas, com um dos treinadores da equipe brasileira em duas paralimp\u00edadas, o mineiro <strong><a href=\"http:\/\/instagram.com\/leobutija\">Leo Butija<\/a><\/strong>.<\/p>\n<p>E ainda uma an\u00e1lise da nova fase da #DavisCup, depois das modifica\u00e7\u00f5es de formato e regulamento, e os detalhes da Laver Cup, a competi\u00e7\u00e3o que mexeu com o formato tradicional de exibi\u00e7\u00f5es e trouxe um novo p\u00fablico, mais ligado \u00e0s redes e \u00e0 modernidade.<\/p>\n<p><strong style=\"color: #990000;\">Para seguir e comentar nas redes sociais:<\/strong><br \/>\n&#8211; <a href=\"https:\/\/www.facebook.com\/bhnaparalela\/\" target=\"_blank\" rel=\"noopener noreferrer\">Curta a p\u00e1gina do podcast <b>Backhand na Paralela\u00a0<\/b>no Facebook<\/a><br \/>\n&#8211; <a href=\"https:\/\/twitter.com\/bhnaparalela\" target=\"_blank\" rel=\"noopener noreferrer\">Siga o <strong>@bhnaparalela<\/strong>\u00a0no Twitter<\/a><br \/>\n&#8211; <a href=\"https:\/\/twitter.com\/jeffpaiva\" target=\"_blank\" rel=\"noopener noreferrer\">Siga o <strong>@jeffpaiva<\/strong> no Twitter<\/a><br \/>\n&#8211; <a href=\"https:\/\/twitter.com\/euarianef\" target=\"_blank\" rel=\"noopener noreferrer\">Siga a <strong>@euarianef<\/strong>\u00a0no Twitter<\/a><\/p>\n<p><strong style=\"color: #990000;\">Assine o FEED do Backhand na Paralela:<\/strong><br \/>\nPara ouvir o <strong>Backhand na Paralela<\/strong> no seu agregador de podcasts preferido, <a href=\"https:\/\/leolop.es\/bhnaparalela_feed\" target=\"_blank\" rel=\"noopener noreferrer\"><strong>clique aqui e assine o nosso FEED<\/strong><\/a>!<\/p>\n<p><strong style=\"color: #990000;\">Assine o FEED diretamente no Spotify:<br \/>\n<\/strong>Para receber o <strong>BHnP<\/strong> automaticamente no seu <strong style=\"color: #990000;\"><a href=\"http:\/\/bit.ly\/bhnpspotify\">Spotify, clique aqui<\/a><\/strong><\/p>\n<p><strong style=\"color: #990000;\">Assine e avalie nosso podcast no iTunes:<\/strong><br \/>\nSe voc\u00ea usa o<strong> iTunes<\/strong> no seu computador, tablet ou smartphone, <a href=\"https:\/\/itunes.apple.com\/br\/podcast\/backhand-na-paralela\/id1437801203?mt=2\" target=\"_blank\" rel=\"noopener noreferrer\"><strong>assine e avalie nosso podcast clicando aqui<\/strong><\/a>!<\/p>\n<p><span style=\"color: #990000;\"><strong>E-mails:<\/strong><\/span><br \/>\nMande seu feedback pra gente atrav\u00e9s do e-mail <a href=\"mailto:redacao@bhnaparalela.com.br\"><strong>redacao@bhnaparalela.com.br<\/strong><\/a>!<\/p>\n<p><span style=\"color: #990000;\"><strong>Publicidade:<\/strong><\/span><br \/>\n<a href=\"mailto:comercial@bhnaparalela.com.br\"><strong>Entre em contato<\/strong><\/a> e saiba como <em>anunciar sua marca, produto ou servi\u00e7o no <strong>Backhand na Paralela<\/strong><\/em>.<\/p>\n","protected":false},"excerpt":{"rendered":"<p>A luta por igualdade em quadra e no circuito \u00e9, \u00e0s vezes, desculpa para abusar do privil\u00e9gio? Como est\u00e1 o t\u00eanis em cadeira de rodas? E ainda: Copa Davis e Laver Cup.<\/p>\n","protected":false},"author":9,"featured_media":16030,"comment_status":"open","ping_status":"closed","sticky":false,"template":"","format":"standard","meta":{"footnotes":""},"categories":[1414,13],"tags":[1420,1426,1418,1429,1427,1419,1430,1421,14,1428,1425,1422,1423,1424],"class_list":["post-16028","post","type-post","status-publish","format-standard","has-post-thumbnail","hentry","category-bhnaparalela","category-podcast","tag-ariane-ferreira","tag-backhand-na-paralela","tag-bhnaparalela","tag-davis-cup","tag-feminismo","tag-jeff-paiva","tag-laver-cup","tag-leo-butija","tag-podcast","tag-privilegio","tag-tcr","tag-tenis","tag-tennis","tag-wheelchair-tennis"],"_links":{"self":[{"href":"https:\/\/radiofobia.com.br\/podcast\/wp-json\/wp\/v2\/posts\/16028","targetHints":{"allow":["GET"]}}],"collection":[{"href":"https:\/\/radiofobia.com.br\/podcast\/wp-json\/wp\/v2\/posts"}],"about":[{"href":"https:\/\/radiofobia.com.br\/podcast\/wp-json\/wp\/v2\/types\/post"}],"author":[{"embeddable":true,"href":"https:\/\/radiofobia.com.br\/podcast\/wp-json\/wp\/v2\/users\/9"}],"replies":[{"embeddable":true,"href":"https:\/\/radiofobia.com.br\/podcast\/wp-json\/wp\/v2\/comments?post=16028"}],"version-history":[{"count":10,"href":"https:\/\/radiofobia.com.br\/podcast\/wp-json\/wp\/v2\/posts\/16028\/revisions"}],"predecessor-version":[{"id":26855,"href":"https:\/\/radiofobia.com.br\/podcast\/wp-json\/wp\/v2\/posts\/16028\/revisions\/26855"}],"wp:featuredmedia":[{"embeddable":true,"href":"https:\/\/radiofobia.com.br\/podcast\/wp-json\/wp\/v2\/media\/16030"}],"wp:attachment":[{"href":"https:\/\/radiofobia.com.br\/podcast\/wp-json\/wp\/v2\/media?parent=16028"}],"wp:term":[{"taxonomy":"category","embeddable":true,"href":"https:\/\/radiofobia.com.br\/podcast\/wp-json\/wp\/v2\/categories?post=16028"},{"taxonomy":"post_tag","embeddable":true,"href":"https:\/\/radiofobia.com.br\/podcast\/wp-json\/wp\/v2\/tags?post=16028"}],"curies":[{"name":"wp","href":"https:\/\/api.w.org\/{rel}","templated":true}]}}