{"id":16172,"date":"2018-10-15T10:00:04","date_gmt":"2018-10-15T13:00:04","guid":{"rendered":"http:\/\/radiofobia.com.br\/podcast\/?p=16172"},"modified":"2022-04-20T15:53:41","modified_gmt":"2022-04-20T18:53:41","slug":"backhand-na-paralela-002-nextgen-aqui-e-acola","status":"publish","type":"post","link":"https:\/\/radiofobia.com.br\/podcast\/2018\/10\/backhand-na-paralela-002-nextgen-aqui-e-acola\/","title":{"rendered":"Backhand na Paralela 002 &#8211; NextGen Aqui e Acol\u00e1"},"content":{"rendered":"<p><iframe title=\"Backhand na Paralela 002 \u2013 NextGen Aqui e Acol\u00e1\" src=\"https:\/\/omny.fm\/shows\/backhand-na-paralela\/backhand-na-paralela-002-nextgen-aqui-e-acol\/embed\" width=\"100%\" height=\"180\" frameborder=\"0\"><\/iframe><\/p>\n<p><em><b>Salve galera da bolinha amarela, o epis\u00f3dio 002\u00a0est\u00e1 no ar!\u00a0<\/b><\/em><\/p>\n<p>Antes de mais nada, um agradecimento especial aos mais de 4.000 ouvintes que baixaram o epis\u00f3dio de (re)estreia do podcast <strong>Backhand na Paralela<\/strong>! Teve gente de todos as partes do Brasil e do mundo &#8211; e no trecho final do epis\u00f3dio desta semana fazemos algumas cita\u00e7\u00f5es especiais a quem nos escreveu.<\/p>\n<p>Neste novo epis\u00f3dio\u00a0<strong><a href=\"http:\/\/twitter.com\/jeffpaiva\">Jeff Paiva<\/a><\/strong>\u00a0e <a href=\"https:\/\/twitter.com\/euarianef\" target=\"_blank\" rel=\"noopener\"><strong>Ariane Ferreira<\/strong><\/a> conversam sobre o espetacular desempenho brasileiro nas duplas, com o t\u00edtulo de Marcelo Melo em Pequim e a final toda brasileiria no Masters 1000 de Xangai. Al\u00e9m disto, uma an\u00e1lise sobre o momento dos novos talentos no Brasil &#8211; com o bom resultado de Thiago Wild em Campinas &#8211; na Am\u00e9rica Latina e na ponta da tabela da ATP.<\/p>\n<p>Em cima do t\u00edtulo do jovem chileno Garin no Challenger de Campinas, entrevistamos o jornalista chileno <a href=\"http:\/\/twitter.com\/FabioRiosM\"><strong>Fabio R\u00edos<\/strong><\/a>, que nos conta um pouco mais dos bastidores desta nova safra de talentos do pa\u00eds que j\u00e1 nos deu Marcelo R\u00edos e\u00a0 Nicolas Massu. Fabio \u00e9 um dos maiores jornalistas esportivos do Chile e tem uma not\u00e1vel viv\u00eancia no circuito mundial. A entrevista no podcast est\u00e1 em espanhol, mas a Ariane fez <a href=\"https:\/\/medium.com\/@arianeferreira_\/entrevista-com-fabio-r%C3%ADos-90d9d716473b\" target=\"_blank\" rel=\"noopener\">a tradu\u00e7\u00e3o e a \u00edntegra est\u00e1 linkada<\/a> abaixo, na nossa nova \u00e1rea de links citados no programa.<\/p>\n<p>Pra terminar, tem uma explica\u00e7\u00e3o detalhada de como surgiu o conceito #NextGen na ATP &#8211; e que se transformou na nova galinha dos ovos de ouro para o t\u00eanis profissional masculino. Um modelo, ali\u00e1s, que a WTA pode e deve copiar, j\u00e1 que uma nova gera\u00e7\u00e3o de jogadoras top desponta no circuito.<\/p>\n<p>Prepare seu fone, fique \u00e0 vontade e clique para ouvir o epis\u00f3dio 002 de Backhand na Paralela!<\/p>\n<p><strong style=\"color: #990000;\">Links citados no programa:<\/strong><br \/>\n&#8211; <a href=\"https:\/\/www.atpworldtour.com\/en\/rankings\/singles-race-to-london\" target=\"_blank\" rel=\"noopener\">Corrida<br \/>\npara o ATP Finals &#8211; Classifica\u00e7\u00e3o atualizada para o Torneio Final de Ano da ATP.<\/a><br \/>\n&#8211; <a href=\"https:\/\/www.atpworldtour.com\/en\/rankings\/race-to-milan\" target=\"_blank\" rel=\"noopener\">Corrida para o Finals da #NextGen &#8211; Os melhores jogadores sub-21 disputam um Finals em Mil\u00e3o, com regras pr\u00f3prias.<\/a><br \/>\n&#8211; <a href=\"https:\/\/www.atpworldtour.com\/en\/atp-challenger-tour\" target=\"_blank\" rel=\"noopener\">ATP Tour Challenger &#8211; Home onde voc\u00ea encontra todos os resultados e links para transmiss\u00f5es ao vivo dos torneios da semana<\/a><br \/>\n&#8211; <a href=\"http:\/\/twitter.com\/FabioRiosM\">Perfil do jornalista Fabio Rios (em espanhol)<\/a><br \/>\n&#8211; <a href=\"https:\/\/medium.com\/@arianeferreira_\/entrevista-com-fabio-r%C3%ADos-90d9d716473b\">\u00cdntegra da entrevista com Fabio R\u00edos, em portugu\u00eas<\/a><br \/>\n&#8211; <a href=\"https:\/\/www.youtube.com\/watch?v=yCTpZpJc1j0\">Federer quebrando raquetes &#8211; sim, ele tamb\u00e9m j\u00e1 fez isto!<\/a><\/p>\n<p><strong style=\"color: #990000;\">Para seguir e comentar nas redes sociais:<\/strong><br \/>\n&#8211; <a href=\"https:\/\/www.facebook.com\/bhnaparalela\/\" target=\"_blank\" rel=\"noopener noreferrer\">Curta a p\u00e1gina do podcast <b>Backhand na Paralela\u00a0<\/b>no Facebook<\/a><br \/>\n&#8211; <a href=\"https:\/\/twitter.com\/bhnaparalela\" target=\"_blank\" rel=\"noopener noreferrer\">Siga o <strong>@bhnaparalela<\/strong>\u00a0no Twitter<\/a><br \/>\n&#8211; <a href=\"https:\/\/twitter.com\/jeffpaiva\" target=\"_blank\" rel=\"noopener noreferrer\">Siga o <strong>@jeffpaiva<\/strong> no Twitter<\/a><br \/>\n&#8211; <a href=\"https:\/\/twitter.com\/euarianef\" target=\"_blank\" rel=\"noopener noreferrer\">Siga a <strong>@euarianef<\/strong>\u00a0no Twitter<\/a><\/p>\n<p><strong style=\"color: #990000;\">Assine o FEED do Backhand na Paralela:<\/strong><br \/>\nPara ouvir o <strong>Backhand na Paralela<\/strong> no seu agregador de podcasts preferido, <a href=\"https:\/\/leolop.es\/bhnaparalela_feed\" target=\"_blank\" rel=\"noopener noreferrer\"><strong>clique aqui e assine o nosso FEED<\/strong><\/a>!<\/p>\n<p><strong style=\"color: #990000;\">Assine o FEED diretamente no Spotify:<br \/>\n<\/strong>Para receber o <strong>BHnP<\/strong> automaticamente no seu <strong style=\"color: #990000;\"><a href=\"http:\/\/bit.ly\/bhnpspotify\">Spotify, clique aqui<\/a><\/strong><\/p>\n<p><strong style=\"color: #990000;\">Assine e avalie nosso podcast no iTunes:<\/strong><br \/>\nSe voc\u00ea usa o<strong> iTunes<\/strong> no seu computador, tablet ou smartphone, <a href=\"https:\/\/itunes.apple.com\/br\/podcast\/backhand-na-paralela\/id1437801203?mt=2\" target=\"_blank\" rel=\"noopener noreferrer\"><strong>assine e avalie nosso podcast clicando aqui<\/strong><\/a>!<\/p>\n<p><span style=\"color: #990000;\"><strong>E-mails:<\/strong><\/span><br \/>\nMande seu feedback pra gente atrav\u00e9s do e-mail <a href=\"mailto:redacao@bhnaparalela.com.br\"><strong>redacao@bhnaparalela.com.br<\/strong><\/a>!<\/p>\n<p><span style=\"color: #990000;\"><strong>Publicidade:<\/strong><\/span><br \/>\n<a href=\"mailto:comercial@bhnaparalela.com.br\"><strong>Entre em contato<\/strong><\/a> e saiba como <em>anunciar sua marca, produto ou servi\u00e7o no <strong>Backhand na Paralela<\/strong><\/em>.<\/p>\n","protected":false},"excerpt":{"rendered":"<p>No 2\u00ba epis\u00f3dio, Ariane Ferreira e Jeff Paiva discutem a nova gera\u00e7\u00e3o de tenistas &#8211; tanto no programa #NextGen da ATP quanto nos torneios latino-americanos. Uma entrevista com o jornalista chileno Fabio R\u00edos e, ainda, os brasileiros brilhando nas duplas.<\/p>\n","protected":false},"author":9,"featured_media":16174,"comment_status":"open","ping_status":"closed","sticky":false,"template":"","format":"standard","meta":{"footnotes":""},"categories":[1414,13],"tags":[1420,1445,1444,1443,1429,1440,1441,1442,1419,1447,1422,1423,1446],"class_list":["post-16172","post","type-post","status-publish","format-standard","has-post-thumbnail","hentry","category-bhnaparalela","category-podcast","tag-ariane-ferreira","tag-atp","tag-chile","tag-christian-garin","tag-davis-cup","tag-doubles","tag-duplas","tag-fabio-rios","tag-jeff-paiva","tag-nextgen","tag-tenis","tag-tennis","tag-wta"],"_links":{"self":[{"href":"https:\/\/radiofobia.com.br\/podcast\/wp-json\/wp\/v2\/posts\/16172","targetHints":{"allow":["GET"]}}],"collection":[{"href":"https:\/\/radiofobia.com.br\/podcast\/wp-json\/wp\/v2\/posts"}],"about":[{"href":"https:\/\/radiofobia.com.br\/podcast\/wp-json\/wp\/v2\/types\/post"}],"author":[{"embeddable":true,"href":"https:\/\/radiofobia.com.br\/podcast\/wp-json\/wp\/v2\/users\/9"}],"replies":[{"embeddable":true,"href":"https:\/\/radiofobia.com.br\/podcast\/wp-json\/wp\/v2\/comments?post=16172"}],"version-history":[{"count":9,"href":"https:\/\/radiofobia.com.br\/podcast\/wp-json\/wp\/v2\/posts\/16172\/revisions"}],"predecessor-version":[{"id":26856,"href":"https:\/\/radiofobia.com.br\/podcast\/wp-json\/wp\/v2\/posts\/16172\/revisions\/26856"}],"wp:featuredmedia":[{"embeddable":true,"href":"https:\/\/radiofobia.com.br\/podcast\/wp-json\/wp\/v2\/media\/16174"}],"wp:attachment":[{"href":"https:\/\/radiofobia.com.br\/podcast\/wp-json\/wp\/v2\/media?parent=16172"}],"wp:term":[{"taxonomy":"category","embeddable":true,"href":"https:\/\/radiofobia.com.br\/podcast\/wp-json\/wp\/v2\/categories?post=16172"},{"taxonomy":"post_tag","embeddable":true,"href":"https:\/\/radiofobia.com.br\/podcast\/wp-json\/wp\/v2\/tags?post=16172"}],"curies":[{"name":"wp","href":"https:\/\/api.w.org\/{rel}","templated":true}]}}