{"id":16186,"date":"2018-10-16T16:54:52","date_gmt":"2018-10-16T19:54:52","guid":{"rendered":"http:\/\/radiofobia.com.br\/podcast\/?p=16186"},"modified":"2022-03-15T10:55:38","modified_gmt":"2022-03-15T13:55:38","slug":"radiofobia-247-decisoes-erradas-com-braian-rizzo","status":"publish","type":"post","link":"https:\/\/radiofobia.com.br\/podcast\/2018\/10\/radiofobia-247-decisoes-erradas-com-braian-rizzo\/","title":{"rendered":"RADIOFOBIA 247 &#8211; Decis\u00f5es erradas, com Braian Rizzo"},"content":{"rendered":"<p><iframe title=\"RADIOFOBIA 247 \u2013 Decis\u00f5es erradas, com Braian Rizzo\" src=\"https:\/\/omny.fm\/shows\/radiofobia-podcast\/radiofobia-247-decis-es-erradas-com-braian-rizzo\/embed\" width=\"100%\" height=\"180\" frameborder=\"0\"><\/iframe><\/p>\n<p><em><strong>Sauda\u00e7\u00f5es, ouvinte desocupado<\/strong><\/em><em><strong>!<\/strong><\/em><\/p>\n<p><span style=\"line-height: 1.5em;\">No programa de hoje\u00a0<strong><a href=\"https:\/\/twitter.com\/leoradiofobia\" target=\"_blank\" rel=\"noopener noreferrer\">Leo Lopes<\/a><\/strong>,\u00a0<a href=\"https:\/\/twitter.com\/velhoechato\" target=\"_blank\" rel=\"noopener noreferrer\"><strong>Thiago Fujiwara<\/strong><\/a>,\u00a0<a href=\"https:\/\/twitter.com\/JeftherBarbosa\" target=\"_blank\" rel=\"noopener noreferrer\"><strong>Chester Barbosa<\/strong><\/a>\u00a0e <a href=\"https:\/\/twitter.com\/porondevamos\" target=\"_blank\" rel=\"noopener noreferrer\"><strong>Pedro Palotta<\/strong><\/a>\u00a0estendem o tapete vermelho para receber o amigo <a href=\"https:\/\/twitter.com\/braian\" target=\"_blank\" rel=\"noopener noreferrer\"><strong>Braian Rizzo<\/strong><\/a>, diretamente do podcast <a href=\"http:\/\/eutavala.com.br\/\" target=\"_blank\" rel=\"noopener noreferrer\"><strong>Eu Tava L\u00e1<\/strong><\/a>, para baterem um papo sobre algumas das <strong>decis\u00f5es erradas<\/strong> que j\u00e1 tomaram na vida!<\/span><\/p>\n<p>Al\u00e9m de saber mais sobre o <strong>Braian e seu podcast Eu Tava L\u00e1<\/strong>, voc\u00ea descobrir entre outras coisas quem se arrependeu por ter comprado <strong>um pager ao inv\u00e9s de um celular<\/strong>, comparar servi\u00e7os entre <strong>a loja que \u00e9 uma onomatopeia de explos\u00e3o e as Lojas Canadenses<\/strong>, saber <strong>onde n\u00e3o ir antes de um casamento<\/strong> e entender porque voc\u00ea deve <strong>SEMPRE obedecer a sua m\u00e3e<\/strong>!<\/p>\n<p>Queremos muito saber o que voc\u00ea gostaria de ouvir neste nosso <strong>D\u00c9CIMO ANO NO AR<\/strong>, ent\u00e3o n\u00e3o deixe de\u00a0<strong>interagir com a gente nas redes sociais<\/strong>, <strong>dar seu feedback sobre o papo e sugerir temas e convidados<\/strong>\u00a0para as pr\u00f3ximas edi\u00e7\u00f5es do nosso podcast, al\u00e9m de\u00a0<strong>deixar seu coment\u00e1rio no post<\/strong>, ok?<\/p>\n<p><strong><span style=\"color: #990000;\">Recadalhos, surubex e TICLIMs:<\/span><\/strong><br \/>\n&#8211; <a href=\"https:\/\/radiofobia.com.br\/podcast\/category\/podcast\/bhnaparalela\/\" target=\"_blank\" rel=\"noopener noreferrer\">conhe\u00e7a e ou\u00e7a o <strong>Backhand na Paralela<\/strong>, com Jeff Paiva e Ariane Ferreira<\/a><br \/>\n&#8211; <a href=\"https:\/\/leolop.es\/rfobiahgatorpromo50\" target=\"_blank\" rel=\"noopener noreferrer\">ouvinte do R\u00e1diofobia agora tem <strong>50% DE DESCONTO nos planos HostGator! &#8211; ASSINE J\u00c1!<\/strong><\/a><br \/>\n&#8211; <strong><a href=\"http:\/\/leolop.es\/camisetasrf\" target=\"_blank\" rel=\"noopener noreferrer\">compre AGORA as camisetas R\u00e1diofobia e a EXCLUSIVA camiseta Podosfera 1.0 por apenas R$49,90!<\/a><\/strong><br \/>\n&#8211; <a href=\"https:\/\/www.twitch.tv\/radiofobialive\" target=\"_blank\" rel=\"noopener noreferrer\">assine o canal da <strong>R\u00e1diofobia Podcast Network no Twitch<\/strong> e assista \u00e0s grava\u00e7\u00f5es AO VIVO!<\/a><br \/>\n&#8211; <strong><a href=\"http:\/\/leolop.es\/rfpn_itunes\" target=\"_blank\" rel=\"noopener noreferrer\">R\u00e1diofobia Podcast Network no iTunes<\/a><\/strong><br \/>\n&#8211; <a href=\"https:\/\/twitter.com\/radiofobialhes\" target=\"_blank\" rel=\"noopener noreferrer\">Siga <strong>@radiofobialhes<\/strong> no tuV\u00edtter<\/a><br \/>\n&#8211; <a href=\"https:\/\/www.facebook.com\/radiofobiapodcast\" target=\"_blank\" rel=\"noopener noreferrer\">Curta a p\u00e1gina do <strong>Radiofobia Podcast<\/strong>\u00a0no Facebook<\/a><br \/>\n&#8211; <a href=\"https:\/\/open.spotify.com\/show\/0ShgXN72EkhhdBDqY0H5op?si=cGKN7qhpR5aRU46vt6-9JQ\" target=\"_blank\" rel=\"noopener noreferrer\">Ou\u00e7a o R\u00e1diofobia Podcast no Spotify<\/a><\/p>\n<p><strong><span style=\"color: #990000;\">Links citados no programa:<\/span><\/strong><br \/>\n&#8211; <a href=\"http:\/\/eutavala.com.br\/eu-tava-la-25-os-felomenais-links-da-vida-com-leoradiofobia\/\" target=\"_blank\" rel=\"noopener noreferrer\">Leo Lopes no\u00a0Eu Tava L\u00e1 #25 \u2013 OS FELOMENAIS LINKS DA VIDA<\/a><br \/>\n&#8211; <a href=\"https:\/\/www.instagram.com\/p\/BpB6jJeAe-Q\/?taken-by=guidormoraes\" target=\"_blank\" rel=\"noopener noreferrer\">ilustra\u00e7\u00e3o do Braian utilizada nas artes do epis\u00f3dio, por Guido Moraes<\/a><\/p>\n<p><strong><span style=\"color: #990000;\">Conhe\u00e7a o CURSO DE PODCAST:<\/span><\/strong><br \/>\n&#8211; <a href=\"http:\/\/www.cursodepodcast.com.br\" target=\"_blank\" rel=\"noopener noreferrer\">Acesse <strong>www.cursodepodcast.com.br<\/strong><\/a><br \/>\n&#8211; <a href=\"https:\/\/twitter.com\/CursoDePodcast\" target=\"_blank\" rel=\"noopener noreferrer\">Siga o <strong>@cursodepodcast<\/strong> no tuV\u00edtter<\/a><br \/>\n&#8211; <a href=\"https:\/\/www.youtube.com\/user\/cursodepodcast\" target=\"_blank\" rel=\"noopener noreferrer\">Inscreva-se no canal do <strong>Curso de Podcast<\/strong> no YouTube<\/a><br \/>\n&#8211; <a href=\"https:\/\/www.facebook.com\/cursodepodcast\" target=\"_blank\" rel=\"noopener noreferrer\">Curta a p\u00e1gina do <strong>Curso de Podcast<\/strong> no Facebook<\/a><\/p>\n<p><span style=\"color: #990000;\"><strong>E-mails:<\/strong><\/span><br \/>\n<em>F\u00f3debeques<\/em> dos pogramas ou simples <em>abrax <\/em>e <em>recadalhos<\/em> podem ser enviados para <a title=\"[GMCP] Compose a new mail to podcast@radiofobia.com.br\" href=\"mailto:podcast@radiofobia.com.br\" target=\"blank\" rel=\"noopener noreferrer\">podcast@radiofobia.com.br<\/a>!<\/p>\n<p><span style=\"color: #990000;\"><strong>Ou\u00e7a o R\u00e1diofobia Podcast nos principais agregadores:<\/strong><\/span><br \/>\n&#8211; <strong><a href=\"https:\/\/leolop.es\/rfobia_spotify\" target=\"_blank\" rel=\"noopener noreferrer\">Spotify<\/a><\/strong><br \/>\n&#8211; <strong><a href=\"https:\/\/leolop.es\/rfobia_googlepod\" target=\"_blank\" rel=\"noopener noreferrer\">Google Podcasts<\/a><\/strong><br \/>\n&#8211; <strong><a href=\"https:\/\/http:\/\/leolop.es\/rfitunes\" target=\"_blank\" rel=\"noopener noreferrer\">Apple Podcasts<\/a><\/strong><br \/>\n&#8211; <strong><a href=\"http:\/\/leolop.es\/rfobia_amazon\" target=\"_blank\" rel=\"noopener\">Amazon Music<\/a><\/strong><br \/>\n&#8211; <strong><a href=\"https:\/\/pca.st\/V12f\" target=\"_blank\" rel=\"noopener noreferrer\">PocketCasts<\/a><\/strong><\/p>\n<p><span style=\"color: #990000;\"><strong>Publicidade:<\/strong><\/span><br \/>\n<a href=\"http:\/\/leolop.es\/rfcontato\" target=\"_blank\" rel=\"noopener noreferrer\"><strong>Entre em contato<\/strong><\/a> e saiba como <em>anunciar sua marca, produto ou servi\u00e7o em nossos podcasts<\/em>.<\/p>\n","protected":false},"excerpt":{"rendered":"<p>No programa de hoje\u00a0recebemos o amigo Braian Rizzo do podcast Eu Tava L\u00e1 para um papo sobre algumas das decis\u00f5es erradas que j\u00e1 tomaram na vida!<\/p>\n","protected":false},"author":2,"featured_media":16199,"comment_status":"open","ping_status":"closed","sticky":false,"template":"","format":"standard","meta":{"footnotes":""},"categories":[13,72,35],"tags":[1451,1452,1453,1090,11,722,14,185,15,592],"class_list":["post-16186","post","type-post","status-publish","format-standard","has-post-thumbnail","hentry","category-podcast","category-podosfera-podcast","category-radiofobia","tag-braian-rizzo","tag-decisoes","tag-eu-tava-la","tag-jef-barbosa","tag-leo-lopes","tag-pedro-pallotta","tag-podcast","tag-podosfera","tag-radiofobia","tag-thiago-fujiwara"],"_links":{"self":[{"href":"https:\/\/radiofobia.com.br\/podcast\/wp-json\/wp\/v2\/posts\/16186","targetHints":{"allow":["GET"]}}],"collection":[{"href":"https:\/\/radiofobia.com.br\/podcast\/wp-json\/wp\/v2\/posts"}],"about":[{"href":"https:\/\/radiofobia.com.br\/podcast\/wp-json\/wp\/v2\/types\/post"}],"author":[{"embeddable":true,"href":"https:\/\/radiofobia.com.br\/podcast\/wp-json\/wp\/v2\/users\/2"}],"replies":[{"embeddable":true,"href":"https:\/\/radiofobia.com.br\/podcast\/wp-json\/wp\/v2\/comments?post=16186"}],"version-history":[{"count":13,"href":"https:\/\/radiofobia.com.br\/podcast\/wp-json\/wp\/v2\/posts\/16186\/revisions"}],"predecessor-version":[{"id":26258,"href":"https:\/\/radiofobia.com.br\/podcast\/wp-json\/wp\/v2\/posts\/16186\/revisions\/26258"}],"wp:featuredmedia":[{"embeddable":true,"href":"https:\/\/radiofobia.com.br\/podcast\/wp-json\/wp\/v2\/media\/16199"}],"wp:attachment":[{"href":"https:\/\/radiofobia.com.br\/podcast\/wp-json\/wp\/v2\/media?parent=16186"}],"wp:term":[{"taxonomy":"category","embeddable":true,"href":"https:\/\/radiofobia.com.br\/podcast\/wp-json\/wp\/v2\/categories?post=16186"},{"taxonomy":"post_tag","embeddable":true,"href":"https:\/\/radiofobia.com.br\/podcast\/wp-json\/wp\/v2\/tags?post=16186"}],"curies":[{"name":"wp","href":"https:\/\/api.w.org\/{rel}","templated":true}]}}