{"id":16221,"date":"2018-10-30T11:18:40","date_gmt":"2018-10-30T14:18:40","guid":{"rendered":"http:\/\/radiofobia.com.br\/podcast\/?p=16221"},"modified":"2022-03-15T10:56:48","modified_gmt":"2022-03-15T13:56:48","slug":"radiofobia-248-com-victor-ahmar","status":"publish","type":"post","link":"https:\/\/radiofobia.com.br\/podcast\/2018\/10\/radiofobia-248-com-victor-ahmar\/","title":{"rendered":"RADIOFOBIA 248 &#8211; com Victor Ahmar"},"content":{"rendered":"<p><iframe title=\"RADIOFOBIA 248 \u2013 com Victor Ahmar\" src=\"https:\/\/omny.fm\/shows\/radiofobia-podcast\/radiofobia-248-com-victor-ahmar\/embed\" width=\"100%\" height=\"180\" frameborder=\"0\"><\/iframe><\/p>\n<p><em><strong>Sauda\u00e7\u00f5es humoristicozinhas, ouvinte desocupado<\/strong><\/em><em><strong>!<\/strong><\/em><\/p>\n<p><span style=\"line-height: 1.5em;\">No programa de hoje\u00a0<strong><a href=\"https:\/\/twitter.com\/leoradiofobia\" target=\"_blank\" rel=\"noopener noreferrer\">Leo Lopes<\/a><\/strong>,\u00a0<a href=\"https:\/\/twitter.com\/velhoechato\" target=\"_blank\" rel=\"noopener noreferrer\"><strong>Thiago Fujiwara<\/strong><\/a>,\u00a0<a href=\"https:\/\/twitter.com\/porondevamos\" target=\"_blank\" rel=\"noopener noreferrer\"><strong>Pedro Palotta<\/strong><\/a>\u00a0e <a href=\"https:\/\/twitter.com\/GuiBaldi\" target=\"_blank\" rel=\"noopener noreferrer\"><strong>Gui Baldi<\/strong><\/a>\u00a0tiram o p\u00f3 dos microfones e passam aquele lustra m\u00f3veis no banquinho para bater um papo com <strong>uma das revela\u00e7\u00f5es da com\u00e9dia stand-up da atualidade<\/strong>, o i<strong>rm\u00e3o de MC Sofia<\/strong> <a href=\"https:\/\/twitter.com\/VictorAhmar\" target=\"_blank\" rel=\"noopener noreferrer\"><strong>Victor Ahmar<\/strong><\/a>!<\/span><\/p>\n<p>Voc\u00ea vai conhecer a hist\u00f3ria desse <strong>mineirinho de\u00a022 anos\u00a0que dava tchau pra avi\u00e3o em Uberaba<\/strong>,\u00a0<strong>come\u00e7ou a fazer stand-up com 15 anos<\/strong>, decidiu que queria isso como <strong>profiss\u00e3o pra vida<\/strong>, foi pra S\u00e3o Paulo tentar a sorte e\u00a0<strong>estreou do Comedians aos 16<\/strong>, acabou sendo <strong>&#8220;adotado&#8221; por alguns dos nomes mais importantes do stand-up<\/strong>\u00a0e se tornou uma <strong>grande revela\u00e7\u00e3o da com\u00e9dia nacional <\/strong>&#8211; e, \u00e9 claro, irm\u00e3o da j\u00e1 <strong>famosa rapper MC Sofia<\/strong>!<\/p>\n<p>Queremos muito saber o que voc\u00ea gostaria de ouvir neste nosso <strong>D\u00c9CIMO ANO NO AR<\/strong>, ent\u00e3o n\u00e3o deixe de\u00a0<strong>interagir com a gente nas redes sociais<\/strong>, <strong>dar seu feedback sobre o papo e sugerir temas e convidados<\/strong>\u00a0para as pr\u00f3ximas edi\u00e7\u00f5es do nosso podcast, al\u00e9m de\u00a0<strong>deixar seu coment\u00e1rio no post<\/strong>, ok?<\/p>\n<p><strong><span style=\"color: #990000;\">Recadalhos, surubex e TICLIMs:<\/span><\/strong><br \/>\n&#8211; <a href=\"http:\/\/audioglobo.globo.com\/radio-globo\/podcast\/feed\/579\/e-globo?audioId=223802\" target=\"_blank\" rel=\"noopener noreferrer\">conhe\u00e7a o <strong>e-Globo<\/strong>, o novo podcast de games da R\u00e1dio Globo, apresentado por <strong>Marcelo do \u00d3 e Diego Borges<\/strong><\/a><br \/>\n&#8211; <a href=\"https:\/\/www.youtube.com\/playlist?list=PLJnivx3VgakHB_WNrPBBfFdNv86tfsdAe\" target=\"_blank\" rel=\"noopener noreferrer\">playlist no YouTube com os v\u00eddeos das <strong>5h de transmiss\u00e3o AO VIVO pelo #DiadoPodcast2018<\/strong><\/a><br \/>\n&#8211; <a href=\"https:\/\/leolop.es\/rfobiahgatorpromo50\" target=\"_blank\" rel=\"noopener noreferrer\">ouvinte do R\u00e1diofobia agora tem <strong>50% DE DESCONTO nos planos HostGator! &#8211; ASSINE J\u00c1!<\/strong><\/a><br \/>\n&#8211; <strong><a href=\"http:\/\/leolop.es\/camisetasrf\" target=\"_blank\" rel=\"noopener noreferrer\">compre AGORA as camisetas R\u00e1diofobia e a EXCLUSIVA camiseta Podosfera 1.0 por apenas R$49,90!<\/a><\/strong><br \/>\n&#8211; <a href=\"https:\/\/www.twitch.tv\/radiofobialive\" target=\"_blank\" rel=\"noopener noreferrer\">assine o canal da <strong>R\u00e1diofobia Podcast Network no Twitch<\/strong> e assista \u00e0s grava\u00e7\u00f5es AO VIVO!<\/a><br \/>\n&#8211; <strong><a href=\"http:\/\/leolop.es\/rfpn_itunes\" target=\"_blank\" rel=\"noopener noreferrer\">R\u00e1diofobia Podcast Network no iTunes<\/a><\/strong><br \/>\n&#8211; <a href=\"https:\/\/twitter.com\/radiofobialhes\" target=\"_blank\" rel=\"noopener noreferrer\">Siga <strong>@radiofobialhes<\/strong> no tuV\u00edtter<\/a><br \/>\n&#8211; <a href=\"https:\/\/www.facebook.com\/radiofobiapodcast\" target=\"_blank\" rel=\"noopener noreferrer\">Curta a p\u00e1gina do <strong>Radiofobia Podcast<\/strong>\u00a0no Facebook<\/a><br \/>\n&#8211; <a href=\"https:\/\/open.spotify.com\/show\/0ShgXN72EkhhdBDqY0H5op?si=cGKN7qhpR5aRU46vt6-9JQ\" target=\"_blank\" rel=\"noopener noreferrer\">Ou\u00e7a o R\u00e1diofobia Podcast no Spotify<\/a><\/p>\n<p><strong><span style=\"color: #990000;\">Links citados no programa:<\/span><\/strong><br \/>\n&#8211; <a href=\"https:\/\/www.youtube.com\/channel\/UC4zgHNScw3NfokVy_7-N-FQ\" target=\"_blank\" rel=\"noopener noreferrer\">assine o <strong>canal do Victor Ahmar no YouTube<\/strong><\/a><br \/>\n&#8211; <a href=\"https:\/\/www.instagram.com\/victorahmar\/\" target=\"_blank\" rel=\"noopener noreferrer\">siga o <strong>Victor Ahmar no Instagram<\/strong><\/a><br \/>\n&#8211; <a href=\"https:\/\/globoplay.globo.com\/v\/5789097\/\" target=\"_blank\" rel=\"noopener noreferrer\">Victor Ahmar na final do &#8220;Quem chega l\u00e1?&#8221; do Faust\u00e3o<\/a><br \/>\n&#8211; <a href=\"https:\/\/www.youtube.com\/watch?v=ay5oWXKULcI&amp;t=358s\" target=\"_blank\" rel=\"noopener noreferrer\">v\u00eddeo com o rap da MC Sofia<\/a><\/p>\n<p><strong><span style=\"color: #990000;\">Apoiadores do R\u00e1diofobia Podcast:<\/span><\/strong><br \/>\n&#8211; Marcos Coluci, Gilberto Lima, Rafael Baptistella Luiz, Thiago Queiroz e Pedro Henrique Rodrigues Mendes<\/p>\n<p><span style=\"color: #990000;\"><strong>E-mails:<\/strong><\/span><br \/>\n<em>F\u00f3debeques<\/em> dos pogramas ou simples <em>abrax <\/em>e <em>recadalhos<\/em> podem ser enviados para <a title=\"[GMCP] Compose a new mail to podcast@radiofobia.com.br\" href=\"mailto:podcast@radiofobia.com.br\" target=\"blank\" rel=\"noopener noreferrer\">podcast@radiofobia.com.br<\/a>!<\/p>\n<p><span style=\"color: #990000;\"><strong>Ou\u00e7a o R\u00e1diofobia Podcast nos principais agregadores:<\/strong><\/span><br \/>\n&#8211; <strong><a href=\"https:\/\/leolop.es\/rfobia_spotify\" target=\"_blank\" rel=\"noopener noreferrer\">Spotify<\/a><\/strong><br \/>\n&#8211; <strong><a href=\"https:\/\/leolop.es\/rfobia_googlepod\" target=\"_blank\" rel=\"noopener noreferrer\">Google Podcasts<\/a><\/strong><br \/>\n&#8211; <strong><a href=\"https:\/\/http:\/\/leolop.es\/rfitunes\" target=\"_blank\" rel=\"noopener noreferrer\">Apple Podcasts<\/a><\/strong><br \/>\n&#8211; <strong><a href=\"http:\/\/leolop.es\/rfobia_amazon\" target=\"_blank\" rel=\"noopener\">Amazon Music<\/a><\/strong><br \/>\n&#8211; <strong><a href=\"https:\/\/pca.st\/V12f\" target=\"_blank\" rel=\"noopener noreferrer\">PocketCasts<\/a><\/strong><\/p>\n<p><span style=\"color: #990000;\"><strong>Publicidade:<\/strong><\/span><br \/>\n<a href=\"http:\/\/leolop.es\/rfcontato\" target=\"_blank\" rel=\"noopener noreferrer\"><strong>Entre em contato<\/strong><\/a> e saiba como <em>anunciar sua marca, produto ou servi\u00e7o em nossos podcasts<\/em>.<\/p>\n","protected":false},"excerpt":{"rendered":"<p>No programa de hoje batemos um papo feLomenal com Victor Ahmar, uma das grandes revela\u00e7\u00f5es da com\u00e9dia stand-up da atualidade!<\/p>\n","protected":false},"author":2,"featured_media":16222,"comment_status":"open","ping_status":"closed","sticky":false,"template":"","format":"standard","meta":{"footnotes":""},"categories":[26,13,35],"tags":[775,1252,2,11,722,14,15,102,592,1466],"class_list":["post-16221","post","type-post","status-publish","format-standard","has-post-thumbnail","hentry","category-humoristas","category-podcast","category-radiofobia","tag-comedia","tag-gui-baldi","tag-humor","tag-leo-lopes","tag-pedro-pallotta","tag-podcast","tag-radiofobia","tag-stand-up","tag-thiago-fujiwara","tag-victor-ahmar"],"_links":{"self":[{"href":"https:\/\/radiofobia.com.br\/podcast\/wp-json\/wp\/v2\/posts\/16221","targetHints":{"allow":["GET"]}}],"collection":[{"href":"https:\/\/radiofobia.com.br\/podcast\/wp-json\/wp\/v2\/posts"}],"about":[{"href":"https:\/\/radiofobia.com.br\/podcast\/wp-json\/wp\/v2\/types\/post"}],"author":[{"embeddable":true,"href":"https:\/\/radiofobia.com.br\/podcast\/wp-json\/wp\/v2\/users\/2"}],"replies":[{"embeddable":true,"href":"https:\/\/radiofobia.com.br\/podcast\/wp-json\/wp\/v2\/comments?post=16221"}],"version-history":[{"count":15,"href":"https:\/\/radiofobia.com.br\/podcast\/wp-json\/wp\/v2\/posts\/16221\/revisions"}],"predecessor-version":[{"id":26259,"href":"https:\/\/radiofobia.com.br\/podcast\/wp-json\/wp\/v2\/posts\/16221\/revisions\/26259"}],"wp:featuredmedia":[{"embeddable":true,"href":"https:\/\/radiofobia.com.br\/podcast\/wp-json\/wp\/v2\/media\/16222"}],"wp:attachment":[{"href":"https:\/\/radiofobia.com.br\/podcast\/wp-json\/wp\/v2\/media?parent=16221"}],"wp:term":[{"taxonomy":"category","embeddable":true,"href":"https:\/\/radiofobia.com.br\/podcast\/wp-json\/wp\/v2\/categories?post=16221"},{"taxonomy":"post_tag","embeddable":true,"href":"https:\/\/radiofobia.com.br\/podcast\/wp-json\/wp\/v2\/tags?post=16221"}],"curies":[{"name":"wp","href":"https:\/\/api.w.org\/{rel}","templated":true}]}}