{"id":16657,"date":"2019-02-25T16:59:46","date_gmt":"2019-02-25T19:59:46","guid":{"rendered":"http:\/\/radiofobia.com.br\/podcast\/?p=16657"},"modified":"2022-04-20T16:11:27","modified_gmt":"2022-04-20T19:11:27","slug":"editorial-cobertura-brasil-open","status":"publish","type":"post","link":"https:\/\/radiofobia.com.br\/podcast\/2019\/02\/editorial-cobertura-brasil-open\/","title":{"rendered":"EDITORIAL &#8211; Cobertura Brasil Open"},"content":{"rendered":"<p><em><b>Salve galera da bolinha amarela!<\/b><\/em><\/p>\n<p>Infelizmente o post de hoje n\u00e3o \u00e9 sobre torneios ou uma nova edi\u00e7\u00e3o do podcast, mas um posicionamento junto aos nossos ouvintes e seguidores sobre nossa aus\u00eancia da edi\u00e7\u00e3o 2019 do Brasil Open, o ATP 250 de S\u00e3o Paulo.<\/p>\n<p>Enviamos o pedido de credenciamento junto \u00e0 assessoria de imprensa do torneio ainda no in\u00edcio de Fevereiro. Hoje, ao chegar ao complexo do Ibirapuera &#8211; e por ser bem conhecido de todo o pessoal da organiza\u00e7\u00e3o, pelos anos de cobertura deste mesmo evento e de outros no mercado brasileiro &#8211; recebi minha credencial normalmente. Minutos p\u00f3s subir para a sala de imprensa, fui surpreendido com o pedido &#8211; extremamente cort\u00eas e polido &#8211; do respons\u00e1vel pela emiss\u00e3o da minha credencial, o Cear\u00e1, sempre gentil e prestativo colaborador da organiza\u00e7\u00e3o, pedindo que a devolvesse pois nosso pedido n\u00e3o havia sido aprovado. Assim o fiz, imediatamente.<\/p>\n<p>Ato cont\u00ednuo, perguntei \u00e0 respons\u00e1vel pela assessoria porque nosso pedido havia sido recusado, j\u00e1 que no ano anterior cobri o mesmo evento pelo ent\u00e3o TennisInfo, parceiro do Backhand na Paralela. O crit\u00e9rio foi que <strong>&#8220;podcast n\u00e3o \u00e9 ve\u00edculo que receba credencial&#8221;<\/strong>.<\/p>\n<p>Eu mesmo, Jeff, trabalhei com grande parte desta equipe de assessoria por anos, desde o primeiro Brasil Open em 2001. Me deixa muito triste entender que, apesar de tudo o que se fala, este ainda n\u00e3o \u00e9 o ano do podcast e que, em pleno 2019, a plataforma ainda n\u00e3o seja reconhecida como digna de receber credenciamento para o torneio.<\/p>\n<p><strong>Respeito o crit\u00e9rio adotado<\/strong>, mas deixo aqui nosso protesto pela atitude, que impede que o &#8220;podcast que vai al\u00e9m das quadras&#8221; produza conte\u00fado exatamente sobre o que cerca um torneio profissional na nossa pr\u00f3pria cidade. A chance de entrevistar os jogadores, de mostrar aos nossos ouvintes a estrutura de um evento deste tamanho, o que envolve o encordoamento das raquetes dos profissionais, o projeto social que treina e leva os boleiros, tocado h\u00e1 anos no Parque Villa-Lobos, a presen\u00e7a das fam\u00edlias e dos amantes e praticantes de t\u00eanis vendo em pessoa seus \u00eddolos e futuras estrelas.<\/p>\n<p><strong><em>Na pr\u00f3xima segunda-feira sai o epis\u00f3dio 010, com a an\u00e1lise completa dos resultados dos torneios da semana em Acapulco, Dubai e, sim, S\u00e3o Paulo, mas sem a profundidade e o conte\u00fado que poderiam ser produzidos in loco.\u00a0 \u00a0<\/em><\/strong><\/p>\n<p><b><\/b><em><span style=\"font-weight: bold;\"><a style=\"font-weight: bold;\" href=\"http:\/\/twitter.com\/jeffpaiva\">Jeff Paiva\u00a0<\/a><b><\/b><\/span><\/em><strong><br \/>\nProdutor Executivo e Host<br \/>\nBackhand na Paralela<\/strong><\/p>\n<p><strong style=\"color: #990000;\">Para seguir e comentar nas redes sociais:<\/strong><br \/>\n&#8211; <a href=\"https:\/\/www.facebook.com\/bhnaparalela\/\" target=\"_blank\" rel=\"noopener noreferrer\">Curta a p\u00e1gina do podcast <b>Backhand na Paralela\u00a0<\/b>no Facebook<\/a><br \/>\n&#8211; <a href=\"https:\/\/twitter.com\/bhnaparalela\" target=\"_blank\" rel=\"noopener noreferrer\">Siga o <strong>@bhnaparalela<\/strong>\u00a0no Twitter<\/a><br \/>\n&#8211; <a href=\"https:\/\/twitter.com\/jeffpaiva\" target=\"_blank\" rel=\"noopener noreferrer\">Siga o <strong>@jeffpaiva<\/strong> no Twitter<\/a><br \/>\n&#8211; <a href=\"https:\/\/twitter.com\/euarianef\" target=\"_blank\" rel=\"noopener noreferrer\">Siga a <strong>@euarianef<\/strong>\u00a0no Twitter<\/a><\/p>\n<p><strong style=\"color: #990000;\">Assine o FEED do Backhand na Paralela:<\/strong><br \/>\nPara ouvir o <strong>Backhand na Paralela<\/strong> no seu agregador de podcasts preferido, <a href=\"https:\/\/leolop.es\/bhnaparalela_feed\" target=\"_blank\" rel=\"noopener noreferrer\"><strong>clique aqui e assine o nosso FEED<\/strong><\/a>!<\/p>\n<p><strong style=\"color: #990000;\">Assine o FEED diretamente no Spotify:<br \/>\n<\/strong>Para receber o <strong>BHnP<\/strong> automaticamente no seu <strong style=\"color: #990000;\"><a href=\"http:\/\/bit.ly\/bhnpspotify\">Spotify, clique aqui<\/a><\/strong><\/p>\n<p><strong style=\"color: #990000;\">Assine e avalie nosso podcast no iTunes:<\/strong><br \/>\nSe voc\u00ea usa o<strong> iTunes<\/strong> no seu computador, tablet ou smartphone, <a href=\"https:\/\/itunes.apple.com\/br\/podcast\/backhand-na-paralela\/id1437801203?mt=2\" target=\"_blank\" rel=\"noopener noreferrer\"><strong>assine e avalie nosso podcast clicando aqui<\/strong><\/a>!<\/p>\n<p><span style=\"color: #990000;\"><strong>E-mails:<\/strong><\/span><br \/>\nMande seu feedback pra gente atrav\u00e9s do e-mail <a href=\"mailto:redacao@bhnaparalela.com.br\"><strong>redacao@bhnaparalela.com.br<\/strong><\/a>!<\/p>\n<p><span style=\"color: #990000;\"><strong>Publicidade:<\/strong><\/span><br \/>\n<a href=\"mailto:comercial@bhnaparalela.com.br\"><strong>Entre em contato<\/strong><\/a> e saiba como <em>anunciar sua marca, produto ou servi\u00e7o no <strong>Backhand na Paralela<\/strong><\/em>.<\/p>\n","protected":false},"excerpt":{"rendered":"<p>EDITORIAL &#8211; Aus\u00eancia na cobertura do Brasil Open 2019<\/p>\n","protected":false},"author":9,"featured_media":16675,"comment_status":"open","ping_status":"closed","sticky":false,"template":"","format":"standard","meta":{"footnotes":""},"categories":[1414,13],"tags":[1583,1572,1584,14,1422,1423],"class_list":["post-16657","post","type-post","status-publish","format-standard","has-post-thumbnail","hentry","category-bhnaparalela","category-podcast","tag-atp-250","tag-brasil-open","tag-imprensa","tag-podcast","tag-tenis","tag-tennis"],"_links":{"self":[{"href":"https:\/\/radiofobia.com.br\/podcast\/wp-json\/wp\/v2\/posts\/16657","targetHints":{"allow":["GET"]}}],"collection":[{"href":"https:\/\/radiofobia.com.br\/podcast\/wp-json\/wp\/v2\/posts"}],"about":[{"href":"https:\/\/radiofobia.com.br\/podcast\/wp-json\/wp\/v2\/types\/post"}],"author":[{"embeddable":true,"href":"https:\/\/radiofobia.com.br\/podcast\/wp-json\/wp\/v2\/users\/9"}],"replies":[{"embeddable":true,"href":"https:\/\/radiofobia.com.br\/podcast\/wp-json\/wp\/v2\/comments?post=16657"}],"version-history":[{"count":5,"href":"https:\/\/radiofobia.com.br\/podcast\/wp-json\/wp\/v2\/posts\/16657\/revisions"}],"predecessor-version":[{"id":26850,"href":"https:\/\/radiofobia.com.br\/podcast\/wp-json\/wp\/v2\/posts\/16657\/revisions\/26850"}],"wp:featuredmedia":[{"embeddable":true,"href":"https:\/\/radiofobia.com.br\/podcast\/wp-json\/wp\/v2\/media\/16675"}],"wp:attachment":[{"href":"https:\/\/radiofobia.com.br\/podcast\/wp-json\/wp\/v2\/media?parent=16657"}],"wp:term":[{"taxonomy":"category","embeddable":true,"href":"https:\/\/radiofobia.com.br\/podcast\/wp-json\/wp\/v2\/categories?post=16657"},{"taxonomy":"post_tag","embeddable":true,"href":"https:\/\/radiofobia.com.br\/podcast\/wp-json\/wp\/v2\/tags?post=16657"}],"curies":[{"name":"wp","href":"https:\/\/api.w.org\/{rel}","templated":true}]}}