{"id":16985,"date":"2019-05-03T12:10:08","date_gmt":"2019-05-03T15:10:08","guid":{"rendered":"http:\/\/radiofobia.com.br\/podcast\/?p=16985"},"modified":"2022-03-15T11:12:55","modified_gmt":"2022-03-15T14:12:55","slug":"radiofobia-260-com-podcast-do-zorra","status":"publish","type":"post","link":"https:\/\/radiofobia.com.br\/podcast\/2019\/05\/radiofobia-260-com-podcast-do-zorra\/","title":{"rendered":"RADIOFOBIA 260 &#8211; com Podcast do Zorra"},"content":{"rendered":"<p><iframe title=\"RADIOFOBIA 260 \u2013 com Podcast do Zorra\" src=\"https:\/\/omny.fm\/shows\/radiofobia-podcast\/radiofobia-260-com-podcast-do-zorra\/embed\" width=\"100%\" height=\"180\" frameborder=\"0\"><\/iframe><\/p>\n<p><em><strong>Sauda\u00e7\u00f5es globais, ouvinte desocupado<\/strong><\/em><em><strong>!<\/strong><\/em><\/p>\n<p><span style=\"line-height: 1.5em;\">No pograma de hoje\u00a0<strong><a href=\"https:\/\/twitter.com\/leoradiofobia\" target=\"_blank\" rel=\"noopener noreferrer\">Leo Lopes<\/a>, <\/strong><a href=\"https:\/\/twitter.com\/JeftherBarbosa\" target=\"_blank\" rel=\"noopener noreferrer\"><strong>Jef Barbosa<\/strong><\/a> e <strong><a href=\"https:\/\/twitter.com\/porondevamos\" target=\"_blank\" rel=\"noopener noreferrer\">Pedro Pallotta <\/a><\/strong>estabelecem uma <strong>conex\u00e3o direta com a Ha-Ha-House<\/strong>, diretamente da <strong>Rede Globo de Televis\u00e3o<\/strong>, para baterem um papo com <a href=\"https:\/\/twitter.com\/SuperTataLopes\" target=\"_blank\" rel=\"noopener noreferrer\"><strong>Tat\u00e1 Lopes<\/strong><\/a> e <a href=\"https:\/\/twitter.com\/cacofonias\"><strong>Vin\u00edcius Antunes (Cacofonias)<\/strong><\/a>, os <strong>hosts do <a href=\"https:\/\/audioglobo.globo.com\/gshow\/podcast\/feed\/614\/zorra\" target=\"_blank\" rel=\"noopener noreferrer\">Podcast do Zorra<\/a><\/strong>, na <strong>primeira participa\u00e7\u00e3o deles em uma surubinha podcastal<\/strong> (vulgo crossover)!<\/span><\/p>\n<p>Entre v\u00e1rias hist\u00f3rias, voc\u00ea vai saber como nasceu a ideia de <strong>fazer um podcast dentro da reda\u00e7\u00e3o do programa<\/strong>, entender como \u00e9 o processo de <strong>produ\u00e7\u00e3o semanal do podcast e a escolha dos convidados <\/strong>e\u00a0ouvir segredos dos <strong>bastidores das grava\u00e7\u00f5es<\/strong> desse podcast que j\u00e1 faz parte da rotina dos profissionais envolvidos na <strong>produ\u00e7\u00e3o do Zorra<\/strong>!<\/p>\n<p>N\u00e3o deixe de <strong>interagir com a gente nas redes sociais<\/strong>, <strong>dar seu feedback sobre o papo e sugerir temas e convidados<\/strong>\u00a0para as pr\u00f3ximas edi\u00e7\u00f5es do nosso podcast, al\u00e9m de\u00a0<strong>deixar seu coment\u00e1rio no post,<\/strong> ok? Voc\u00ea tamb\u00e9m pode agora mandar sua cartinha para a <strong>Caixa Postal 279 &#8211; CEP 13930-970 &#8211; Serra Negra &#8211; SP<\/strong>, e seu e-mail para <a title=\"[GMCP] Compose a new mail to podcast@radiofobia.com.br\" href=\"mailto:podcast@radiofobia.com.br\" target=\"blank\" rel=\"noopener noreferrer\">podcast@radiofobia.com.br<\/a>!<\/p>\n<p><strong><span style=\"color: #990000;\">Links citados nas Cartinhas do Tot\u00f4:<\/span><\/strong><br \/>\n&#8211; <a href=\"https:\/\/leolop.es\/mimfalei\" target=\"_blank\" rel=\"noopener noreferrer\">ou\u00e7a o <strong>Mim Falei!<\/strong>, o podcast do Rudy Landucci, publicado pela R\u00e1diofobia Podcast Network<\/a><br \/>\n&#8211; <a href=\"https:\/\/radiofobia.com.br\/podcast\/category\/podcast\/bhnaparalela\/\" target=\"_blank\" rel=\"noopener noreferrer\">ou\u00e7a o <strong>Backhand da Paralela<\/strong><\/a><br \/>\n&#8211; <a href=\"https:\/\/radiofobia.com.br\/podcast\/category\/podcast\/jacarebancast\/\" target=\"_blank\" rel=\"noopener noreferrer\">ou\u00e7a o <strong>Jacar\u00e9 BANcast<\/strong><\/a><br \/>\n&#8211; <strong><a href=\"http:\/\/leolop.es\/camisetasrf\" target=\"_blank\" rel=\"noopener noreferrer\">Loja de camisetas R\u00e1diofobia<\/a><\/strong><br \/>\n&#8211; <a href=\"https:\/\/www.twitch.tv\/radiofobialive\" target=\"_blank\" rel=\"noopener noreferrer\">assine o canal da <strong>R\u00e1diofobia Podcast Network no Twitch<\/strong> e assista \u00e0s grava\u00e7\u00f5es AO VIVO!<\/a><br \/>\n&#8211; <strong><a href=\"http:\/\/leolop.es\/rfpn_itunes\" target=\"_blank\" rel=\"noopener noreferrer\">R\u00e1diofobia Podcast Network no iTunes<\/a><\/strong><br \/>\n&#8211; <a href=\"https:\/\/twitter.com\/radiofobialhes\" target=\"_blank\" rel=\"noopener noreferrer\">Siga <strong>@radiofobialhes<\/strong> no tuV\u00edtter<\/a><br \/>\n&#8211; <a href=\"https:\/\/www.facebook.com\/radiofobiapodcast\" target=\"_blank\" rel=\"noopener noreferrer\">Curta a p\u00e1gina do <strong>Radiofobia Podcast<\/strong>\u00a0no Facebook<\/a><br \/>\n&#8211; <a href=\"https:\/\/open.spotify.com\/show\/0ShgXN72EkhhdBDqY0H5op?si=cGKN7qhpR5aRU46vt6-9JQ\" target=\"_blank\" rel=\"noopener noreferrer\">Ou\u00e7a o R\u00e1diofobia Podcast no Spotify<\/a><\/p>\n<p><strong><span style=\"color: #990000;\">Links citados no programa:<\/span><\/strong><br \/>\n&#8211; <a href=\"https:\/\/audioglobo.globo.com\/gshow\/podcast\/feed\/614\/zorra\" target=\"_blank\" rel=\"noopener noreferrer\">ou\u00e7a o Podcast do Zorra<\/a><br \/>\n&#8211; <a href=\"https:\/\/twitter.com\/radiofobialhes\/status\/1121165115783618560\" target=\"_blank\" rel=\"noopener noreferrer\">Tweet com o print da situa\u00e7\u00e3o de Tat\u00e1 e Caco na hora da grava\u00e7\u00e3o deste podcast<\/a><br \/>\n&#8211; <a href=\"https:\/\/gshow.globo.com\/programas\/zorra\/noticia\/zorra-estreia-podcast-exclusivo.ghtml\" target=\"_blank\" rel=\"noopener noreferrer\">comercial do Podcast do Zorra com Marcius Melhem e Welder Rodrigues<\/a><br \/>\n&#8211; <a href=\"http:\/\/www.minutodesilencio.com\/\" target=\"_blank\" rel=\"noopener noreferrer\">ou\u00e7a o Minuto de Sil\u00eancio<\/a><\/p>\n<p><strong><span style=\"color: #990000;\">Apoiadores do R\u00e1diofobia Podcast em abril de 2019:<\/span><\/strong><br \/>\n&#8211; Pedro Henrique Rodrigues Mendes, Marcos Coluci, Pedro Maich e Rafael Baptistella Luiz<\/p>\n<p><span style=\"color: #990000;\"><strong>Ou\u00e7a o R\u00e1diofobia Podcast nos principais agregadores:<\/strong><\/span><br \/>\n&#8211; <strong><a href=\"https:\/\/leolop.es\/rfobia_spotify\" target=\"_blank\" rel=\"noopener noreferrer\">Spotify<\/a><\/strong><br \/>\n&#8211; <strong><a href=\"https:\/\/leolop.es\/rfobia_googlepod\" target=\"_blank\" rel=\"noopener noreferrer\">Google Podcasts<\/a><\/strong><br \/>\n&#8211; <strong><a href=\"https:\/\/http:\/\/leolop.es\/rfitunes\" target=\"_blank\" rel=\"noopener noreferrer\">Apple Podcasts<\/a><\/strong><br \/>\n&#8211; <strong><a href=\"http:\/\/leolop.es\/rfobia_amazon\" target=\"_blank\" rel=\"noopener\">Amazon Music<\/a><\/strong><br \/>\n&#8211; <strong><a href=\"https:\/\/pca.st\/V12f\" target=\"_blank\" rel=\"noopener noreferrer\">PocketCasts<\/a><\/strong><\/p>\n<p><span style=\"color: #990000;\"><strong>Publicidade:<\/strong><\/span><br \/>\n<a href=\"http:\/\/leolop.es\/rfcontato\" target=\"_blank\" rel=\"noopener noreferrer\"><strong>Entre em contato<\/strong><\/a> e saiba como <em>anunciar sua marca, produto ou servi\u00e7o em nossos podcasts<\/em>.<\/p>\n","protected":false},"excerpt":{"rendered":"<p>No programa de hoje batemos um papo com Tat\u00e1 Lopes e Vin\u00edcius Antunes (Cacofonias), os hosts do Podcast do Zorra, diretamente da Rede Globo de Televis\u00e3o!<\/p>\n","protected":false},"author":2,"featured_media":16986,"comment_status":"open","ping_status":"closed","sticky":false,"template":"","format":"standard","meta":{"footnotes":""},"categories":[26,13,35],"tags":[1173,775,67,2,1090,11,722,14,15,1389,1643,1088,1644,1478],"class_list":["post-16985","post","type-post","status-publish","format-standard","has-post-thumbnail","hentry","category-humoristas","category-podcast","category-radiofobia","tag-cacofonias","tag-comedia","tag-crossover","tag-humor","tag-jef-barbosa","tag-leo-lopes","tag-pedro-pallotta","tag-podcast","tag-radiofobia","tag-rede-globo","tag-tata-lopes","tag-televisao","tag-vinicius-antunes","tag-zorra"],"_links":{"self":[{"href":"https:\/\/radiofobia.com.br\/podcast\/wp-json\/wp\/v2\/posts\/16985","targetHints":{"allow":["GET"]}}],"collection":[{"href":"https:\/\/radiofobia.com.br\/podcast\/wp-json\/wp\/v2\/posts"}],"about":[{"href":"https:\/\/radiofobia.com.br\/podcast\/wp-json\/wp\/v2\/types\/post"}],"author":[{"embeddable":true,"href":"https:\/\/radiofobia.com.br\/podcast\/wp-json\/wp\/v2\/users\/2"}],"replies":[{"embeddable":true,"href":"https:\/\/radiofobia.com.br\/podcast\/wp-json\/wp\/v2\/comments?post=16985"}],"version-history":[{"count":15,"href":"https:\/\/radiofobia.com.br\/podcast\/wp-json\/wp\/v2\/posts\/16985\/revisions"}],"predecessor-version":[{"id":26274,"href":"https:\/\/radiofobia.com.br\/podcast\/wp-json\/wp\/v2\/posts\/16985\/revisions\/26274"}],"wp:featuredmedia":[{"embeddable":true,"href":"https:\/\/radiofobia.com.br\/podcast\/wp-json\/wp\/v2\/media\/16986"}],"wp:attachment":[{"href":"https:\/\/radiofobia.com.br\/podcast\/wp-json\/wp\/v2\/media?parent=16985"}],"wp:term":[{"taxonomy":"category","embeddable":true,"href":"https:\/\/radiofobia.com.br\/podcast\/wp-json\/wp\/v2\/categories?post=16985"},{"taxonomy":"post_tag","embeddable":true,"href":"https:\/\/radiofobia.com.br\/podcast\/wp-json\/wp\/v2\/tags?post=16985"}],"curies":[{"name":"wp","href":"https:\/\/api.w.org\/{rel}","templated":true}]}}