{"id":17001,"date":"2019-04-29T17:11:05","date_gmt":"2019-04-29T20:11:05","guid":{"rendered":"http:\/\/radiofobia.com.br\/podcast\/?p=17001"},"modified":"2022-04-20T16:15:20","modified_gmt":"2022-04-20T19:15:20","slug":"backhand-na-paralela-014-comecou-o-saibro-europeu","status":"publish","type":"post","link":"https:\/\/radiofobia.com.br\/podcast\/2019\/04\/backhand-na-paralela-014-comecou-o-saibro-europeu\/","title":{"rendered":"Backhand na Paralela 014 &#8211; Come\u00e7ou o Saibro Europeu"},"content":{"rendered":"<p><iframe src=\"https:\/\/omny.fm\/shows\/backhand-na-paralela\/backhand-na-paralela-014-come-ou-o-saibro-europeu\/embed\" allow=\"autoplay; clipboard-write\" width=\"100%\" height=\"180\" frameborder=\"0\" title=\"Backhand na Paralela 014 \u2013 Come\u00e7ou o Saibro Europeu\"><\/iframe><\/p>\n<p><em>Salve galera da bolinha amarela! <\/em><\/p>\n<p>J\u00e1 come\u00e7aram a aparecer os t\u00eanis sujos, as meias encardidas e as escorregadas cheias de estilo: Chegou a temporada de saibro na Europa! A s\u00e9rie de torneios que tem alguns dos mais belos cen\u00e1rios europeus come\u00e7ou em grande estilo, com o t\u00edtulo de F\u00e1bio Fognini em Monte Carlo, e seguiu com a confirma\u00e7\u00e3o de que Dominic Thiem \u00e9 um dos favoritos a bater Nadal em Paris, com a conquista incontest\u00e1vel do ATP 500 de Barcelona. No lado feminino, o cen\u00e1rio se agu\u00e7a com a boa performance de Petra Kvitova em Stuttgart.<\/p>\n<p>Vem com a gente pra ouvir os coment\u00e1rios de <a href=\"https:\/\/twitter.com\/euarianef\" target=\"_blank\" rel=\"noopener noreferrer\"><strong>Ariane Ferreira<\/strong>\u00a0<\/a>e <a href=\"http:\/\/twitter.com\/jeffpaiva\"><strong>Jeff Paiva<\/strong>\u00a0<\/a>sobre os primeiros torneios no p\u00f3 de tijolo no Velho Continente.<\/p>\n<p>Ou\u00e7a o podcast e comente nas <a href=\"http:\/\/facebook.com\/bhnaparalela\">redes sociais<\/a> do <strong>Backhand na Paralela, <\/strong>que a partir de Maio \u00e9 semanal!<\/p>\n<p><strong>PLAY!<\/strong><\/p>\n<p><strong style=\"color: #990000;\">Links citados no programa:<\/strong><br \/>\n&#8211; <a href=\"https:\/\/www.facebook.com\/TennisTV\/videos\/326890521306675\/\" target=\"_blank\" rel=\"noopener noreferrer\">Melhores Momentos de Fognini em Monte Carlo &#8211; TennisTV<\/a><br \/>\n&#8211; <a href=\"https:\/\/www.youtube.com\/watch?v=nkMxztAkAjw\" target=\"_blank\" rel=\"noopener noreferrer\">Treino de Nicolas Massu e Dominic Thiem em Indian Wells<\/a><br \/>\n&#8211; <a href=\"https:\/\/www.instagram.com\/stories\/highlights\/18004226077134944\/\" target=\"_blank\" rel=\"noopener noreferrer\">Massu e Thiem em Buenos Aires &#8211; Instagram Stories de AmalfiTennis<\/a><br \/>\n&#8211; <a href=\"http:\/\/radiofobia.com.br\/podcast\/2018\/10\/backhand-na-paralela-002-nextgen-aqui-e-acola\/\">Epis\u00f3dio sobre a ascen\u00e7\u00e3o chilena &#8211; entrevista Fabio R\u00edos<\/a><a href=\"http:\/\/tenisnews.com.br\/modules.php?name=News&amp;file=article&amp;sid=93292\">\u00a0<\/a><\/p>\n<p><strong style=\"color: #990000;\">Para seguir e comentar nas redes sociais:<\/strong><br \/>\n&#8211; <a href=\"https:\/\/www.facebook.com\/bhnaparalela\/\" target=\"_blank\" rel=\"noopener noreferrer\">Curta a p\u00e1gina do podcast <b>Backhand na Paralela\u00a0<\/b>no Facebook<\/a><br \/>\n&#8211; <a href=\"https:\/\/twitter.com\/bhnaparalela\" target=\"_blank\" rel=\"noopener noreferrer\">Siga o <strong>@bhnaparalela<\/strong>\u00a0no Twitter<\/a><br \/>\n&#8211; <a href=\"https:\/\/twitter.com\/jeffpaiva\" target=\"_blank\" rel=\"noopener noreferrer\">Siga o <strong>@jeffpaiva<\/strong> no Twitter<\/a><br \/>\n&#8211; <a href=\"https:\/\/twitter.com\/euarianef\" target=\"_blank\" rel=\"noopener noreferrer\">Siga a <strong>@euarianef<\/strong>\u00a0no Twitter<\/a><\/p>\n<p><strong style=\"color: #990000;\">Assine o FEED do Backhand na Paralela:<\/strong><br \/>\nPara ouvir o Backhand na Paralela no seu agregador de podcasts preferido, <a href=\"https:\/\/leolop.es\/bhnaparalela_feed\" target=\"_blank\" rel=\"noopener noreferrer\"><strong>clique aqui e assine o nosso FEED<\/strong><\/a>!<\/p>\n<p><strong style=\"color: #990000;\">Assine o FEED diretamente no Spotify:<br \/>\n<\/strong>Para receber o BHnP automaticamente no seu<strong style=\"color: #990000;\"><a href=\"http:\/\/bit.ly\/BHnPSpotify\">Spotify, clique aqui<\/a><\/strong><\/p>\n<p><strong style=\"color: #990000;\">Assine e avalie nosso podcast no iTunes:<\/strong><br \/>\nSe voc\u00ea usa o<strong> iTunes<\/strong> no seu computador, tablet ou smartphone, <a href=\"https:\/\/itunes.apple.com\/br\/podcast\/backhand-na-paralela\/id1437801203?mt=2\" target=\"_blank\" rel=\"noopener noreferrer\"><strong>assine e avalie nosso podcast clicando aqui<\/strong><\/a>!<\/p>\n<p><span style=\"color: #990000;\"><strong>E-mails:<\/strong><\/span><br \/>\nMande seu feedback pra gente atrav\u00e9s do e-mail\u00a0<a href=\"mailto:bhnaparalela@gmail.com\"><strong>bhnaparalela@gmail.com<\/strong><\/a>!<\/p>\n<p><span style=\"color: #990000;\"><strong>Publicidade:<\/strong><\/span><br \/>\n<a href=\"http:\/\/leolop.es\/rfcontato\" target=\"_blank\" rel=\"noopener noreferrer\"><strong>Entre em contato<\/strong><\/a> e saiba como <em>anunciar sua marca, produto ou servi\u00e7o em nossos podcasts<\/em>.<\/p>\n","protected":false},"excerpt":{"rendered":"<p>Monte Carlo e Barcelona, na ATP, e Stuttgart, na WTA, come\u00e7am a indicar quem sai na frente pelo t\u00edtulo de Roland-Garros 2019<\/p>\n","protected":false},"author":9,"featured_media":17003,"comment_status":"open","ping_status":"closed","sticky":false,"template":"","format":"standard","meta":{"footnotes":""},"categories":[1414,13],"tags":[1420,1647,1646,1573,1645,1419,1522,1626,1555,1541,1648,1422,1423],"class_list":["post-17001","post","type-post","status-publish","format-standard","has-post-thumbnail","hentry","category-bhnaparalela","category-podcast","tag-ariane-ferreira","tag-atp-500","tag-barcelona","tag-dominic-thiem","tag-fabio-fognini","tag-jeff-paiva","tag-masters-1000","tag-monte-carlo","tag-petra-kvitova","tag-rafael-nadal","tag-stuttgart","tag-tenis","tag-tennis"],"_links":{"self":[{"href":"https:\/\/radiofobia.com.br\/podcast\/wp-json\/wp\/v2\/posts\/17001","targetHints":{"allow":["GET"]}}],"collection":[{"href":"https:\/\/radiofobia.com.br\/podcast\/wp-json\/wp\/v2\/posts"}],"about":[{"href":"https:\/\/radiofobia.com.br\/podcast\/wp-json\/wp\/v2\/types\/post"}],"author":[{"embeddable":true,"href":"https:\/\/radiofobia.com.br\/podcast\/wp-json\/wp\/v2\/users\/9"}],"replies":[{"embeddable":true,"href":"https:\/\/radiofobia.com.br\/podcast\/wp-json\/wp\/v2\/comments?post=17001"}],"version-history":[{"count":4,"href":"https:\/\/radiofobia.com.br\/podcast\/wp-json\/wp\/v2\/posts\/17001\/revisions"}],"predecessor-version":[{"id":26882,"href":"https:\/\/radiofobia.com.br\/podcast\/wp-json\/wp\/v2\/posts\/17001\/revisions\/26882"}],"wp:featuredmedia":[{"embeddable":true,"href":"https:\/\/radiofobia.com.br\/podcast\/wp-json\/wp\/v2\/media\/17003"}],"wp:attachment":[{"href":"https:\/\/radiofobia.com.br\/podcast\/wp-json\/wp\/v2\/media?parent=17001"}],"wp:term":[{"taxonomy":"category","embeddable":true,"href":"https:\/\/radiofobia.com.br\/podcast\/wp-json\/wp\/v2\/categories?post=17001"},{"taxonomy":"post_tag","embeddable":true,"href":"https:\/\/radiofobia.com.br\/podcast\/wp-json\/wp\/v2\/tags?post=17001"}],"curies":[{"name":"wp","href":"https:\/\/api.w.org\/{rel}","templated":true}]}}