{"id":17008,"date":"2019-05-02T11:00:57","date_gmt":"2019-05-02T14:00:57","guid":{"rendered":"http:\/\/radiofobia.com.br\/podcast\/?p=17008"},"modified":"2022-05-01T17:55:52","modified_gmt":"2022-05-01T20:55:52","slug":"mim-falei-09-faustinho-silva","status":"publish","type":"post","link":"https:\/\/radiofobia.com.br\/podcast\/2019\/05\/mim-falei-09-faustinho-silva\/","title":{"rendered":"Mim Falei! #09 &#8211; Faustinho Silva"},"content":{"rendered":"<p><iframe src=\"https:\/\/omny.fm\/shows\/mim-falei\/mim-falei-09-faustinho-silva\/embed\" allow=\"autoplay; clipboard-write\" width=\"100%\" height=\"180\" frameborder=\"0\" title=\"Mim Falei! #09 \u2013 Faustinho Silva\"><\/iframe><\/p>\n<p><strong>\u00d4 lokinho, meu!<\/strong><\/p>\n<p>Do mais obscuro ao mais popular, os <strong>memes da internet<\/strong> que fazem parte da nossa vida chegam no <strong>Mim Falei!<\/strong> Ao lado de <strong>Faustinho Silva<\/strong>, <a href=\"https:\/\/twitter.com\/rudylanducci\" target=\"_blank\" rel=\"noopener noreferrer\"><strong>Rudy Landucci<\/strong><\/a>, \u00a0<a href=\"https:\/\/twitter.com\/ErlanDias7\" target=\"_blank\" rel=\"noopener noreferrer\"><strong>Erlan Dias<\/strong><\/a> e o <strong>Especialista Marco Dorna<\/strong> v\u00e3o nos mostrar a origem e o porqu\u00ea desses memes serem t\u00e3o importantes no nosso dia-a-dia!<\/p>\n<p>Al\u00e9m deles,<strong> Agnaldo<\/strong> sempre curto e grosso no <strong>Sinopses de Filmes Porn\u00f4s<\/strong> e <strong>Jair Bei\u00e7onaro no Bom dia Capit\u00e3o<\/strong>, nos ajudam a deixar esse epis\u00f3dio ainda mais \u00e9pico!<\/p>\n","protected":false},"excerpt":{"rendered":"<p>Memes da internet: do mais obscuro ao mais popular, de onde vem, o que s\u00e3o e por que o pai de todos \u00e9 o Faustinho Silva? Voc\u00ea descobre no Mim Falei!<\/p>\n","protected":false},"author":11,"featured_media":17009,"comment_status":"open","ping_status":"closed","sticky":false,"template":"","format":"standard","meta":{"footnotes":""},"categories":[1592,13],"tags":[775,1595,2,235,1598,1594,14,1593],"class_list":["post-17008","post","type-post","status-publish","format-standard","has-post-thumbnail","hentry","category-mimfalei","category-podcast","tag-comedia","tag-erlan-dias","tag-humor","tag-imitacao","tag-marcos-dorna","tag-mim-falei","tag-podcast","tag-rudy-landucci"],"_links":{"self":[{"href":"https:\/\/radiofobia.com.br\/podcast\/wp-json\/wp\/v2\/posts\/17008","targetHints":{"allow":["GET"]}}],"collection":[{"href":"https:\/\/radiofobia.com.br\/podcast\/wp-json\/wp\/v2\/posts"}],"about":[{"href":"https:\/\/radiofobia.com.br\/podcast\/wp-json\/wp\/v2\/types\/post"}],"author":[{"embeddable":true,"href":"https:\/\/radiofobia.com.br\/podcast\/wp-json\/wp\/v2\/users\/11"}],"replies":[{"embeddable":true,"href":"https:\/\/radiofobia.com.br\/podcast\/wp-json\/wp\/v2\/comments?post=17008"}],"version-history":[{"count":5,"href":"https:\/\/radiofobia.com.br\/podcast\/wp-json\/wp\/v2\/posts\/17008\/revisions"}],"predecessor-version":[{"id":27017,"href":"https:\/\/radiofobia.com.br\/podcast\/wp-json\/wp\/v2\/posts\/17008\/revisions\/27017"}],"wp:featuredmedia":[{"embeddable":true,"href":"https:\/\/radiofobia.com.br\/podcast\/wp-json\/wp\/v2\/media\/17009"}],"wp:attachment":[{"href":"https:\/\/radiofobia.com.br\/podcast\/wp-json\/wp\/v2\/media?parent=17008"}],"wp:term":[{"taxonomy":"category","embeddable":true,"href":"https:\/\/radiofobia.com.br\/podcast\/wp-json\/wp\/v2\/categories?post=17008"},{"taxonomy":"post_tag","embeddable":true,"href":"https:\/\/radiofobia.com.br\/podcast\/wp-json\/wp\/v2\/tags?post=17008"}],"curies":[{"name":"wp","href":"https:\/\/api.w.org\/{rel}","templated":true}]}}