{"id":17116,"date":"2019-05-27T19:56:59","date_gmt":"2019-05-27T22:56:59","guid":{"rendered":"http:\/\/radiofobia.com.br\/podcast\/?p=17116"},"modified":"2022-04-20T16:19:13","modified_gmt":"2022-04-20T19:19:13","slug":"backhand-na-paralela-dropshot-na-paralela-roland-garros-dia-02","status":"publish","type":"post","link":"https:\/\/radiofobia.com.br\/podcast\/2019\/05\/backhand-na-paralela-dropshot-na-paralela-roland-garros-dia-02\/","title":{"rendered":"Backhand na Paralela &#8211; Dropshot na Paralela Roland-Garros dia 02"},"content":{"rendered":"<p><iframe src=\"https:\/\/omny.fm\/shows\/backhand-na-paralela\/backhand-na-paralela-dropshot-na-paralela-roland-7\/embed\" allow=\"autoplay; clipboard-write\" width=\"100%\" height=\"180\" frameborder=\"0\" title=\"Backhand na Paralela \u2013 Dropshot na Paralela Roland-Garros dia 02\"><\/iframe><\/p>\n<p><em>Salve galera da bolinha amarela! <\/em><\/p>\n<p><strong>Come\u00e7ou Roland-Garros<\/strong>! O saibro do complexo ten\u00edstico localizado a sudoeste de Paris j\u00e1 recebe os maiores nomes do t\u00eanis mundial, muita gente elegante nas arquibancadas renovadas e jogos espetaculares logo no in\u00edcio. Neste primeiro epis\u00f3dio do #DropshotNaParalela\u00a0<a href=\"https:\/\/twitter.com\/euarianef\" target=\"_blank\" rel=\"noopener noreferrer\"><strong>Ariane Ferreira<\/strong>\u00a0<\/a>e <a href=\"http:\/\/twitter.com\/jeffpaiva\"><strong>Jeff Paiva<\/strong><\/a> analisam as vit\u00f3rias dos favoritos, quem deixou a desejar na estreia e quem ainda tem que mostrar que tem garrafa vazia para vender.<\/p>\n<p>Vem com a gente analisar os dois primeiros dias de disputa no Aberto da Fran\u00e7a!<\/p>\n<p><strong>PLAY!<\/strong><\/p>\n<p>Pra ir direto ao bloco que mais te interessa:<\/p>\n<p>01:05 &#8211; Federer vence na estreia<br \/>\n13:12 &#8211; Corneta da Moda: Cole\u00e7\u00f5es de Uniqlo e Nike para Roland-Garros<br \/>\n34:47 &#8211; Mais chave masculina de RG<br \/>\n38:30 &#8211; Transmiss\u00e3o europ\u00e9ia vs Brasileira. Treinos e comentaristas<br \/>\n48:15 &#8211; Serena Williams<br \/>\n58:12 &#8211; Chave Feminina &#8211; Jogos em destaque<br \/>\n01h17:15 &#8211; Jogos da Segunda Rodada<\/p>\n<p><strong style=\"color: #990000;\">Links citados no programa:<\/strong><br \/>\n&#8211; <a href=\"https:\/\/www.rolandgarros.com\/en-us\/results\/SM\/1\">Chave Masculina de Roland-Garros<\/a><br \/>\n&#8211; <a href=\"https:\/\/www.rolandgarros.com\/en-us\/results\/SD\/1\">Chave Feminina de Roland-Garros<\/a><br \/>\n&#8211; <a href=\"https:\/\/twitter.com\/doublefault28\/status\/1133023352048803842\">Backhand de Wawrinka, que sai andando pra cadeira na certeza do acerto<\/a><br \/>\n&#8211; <a href=\"http:\/\/aovivo.rolandgarros.com\">Roland-Garros ao vivo por 29,90<\/a><br \/>\n<strong style=\"color: #990000;\">Para seguir e comentar nas redes sociais:<\/strong><br \/>\n&#8211; <a href=\"https:\/\/www.facebook.com\/bhnaparalela\/\" target=\"_blank\" rel=\"noopener noreferrer\">Curta a p\u00e1gina do podcast <b>Backhand na Paralela\u00a0<\/b>no Facebook<\/a><br \/>\n&#8211; <a href=\"https:\/\/twitter.com\/bhnaparalela\" target=\"_blank\" rel=\"noopener noreferrer\">Siga o <strong>@bhnaparalela<\/strong>\u00a0no Twitter<\/a><br \/>\n&#8211; <a href=\"https:\/\/twitter.com\/jeffpaiva\" target=\"_blank\" rel=\"noopener noreferrer\">Siga o <strong>@jeffpaiva<\/strong> no Twitter<\/a><br \/>\n&#8211; <a href=\"https:\/\/twitter.com\/euarianef\" target=\"_blank\" rel=\"noopener noreferrer\">Siga a <strong>@euarianef<\/strong>\u00a0no Twitter<\/a><\/p>\n<p><strong style=\"color: #990000;\">Assine o FEED do Backhand na Paralela:<\/strong><br \/>\nPara ouvir o <strong>Backhand na Paralela<\/strong> no seu agregador de podcasts preferido, <a href=\"https:\/\/leolop.es\/bhnaparalela_feed\" target=\"_blank\" rel=\"noopener noreferrer\"><strong>clique aqui e assine o nosso FEED<\/strong><\/a>!<\/p>\n<p><strong style=\"color: #990000;\">Assine o FEED diretamente no Spotify:<br \/>\n<\/strong>Para receber o <strong>BHnP<\/strong> automaticamente no seu <strong style=\"color: #990000;\"><a href=\"http:\/\/bit.ly\/BHnPSpotify\">Spotify, clique aqui<\/a><\/strong><\/p>\n<p><strong style=\"color: #990000;\">Assine e avalie nosso podcast no iTunes:<\/strong><br \/>\nSe voc\u00ea usa o<strong> iTunes<\/strong> no seu computador, tablet ou smartphone, <a href=\"https:\/\/itunes.apple.com\/br\/podcast\/backhand-na-paralela\/id1437801203?mt=2\" target=\"_blank\" rel=\"noopener noreferrer\"><strong>assine e avalie nosso podcast clicando aqui<\/strong><\/a>!<\/p>\n<p><span style=\"color: #990000;\"><strong>E-mails:<\/strong><\/span><br \/>\nMande seu feedback pra gente atrav\u00e9s do e-mail <a href=\"mailto:redacao@bhnaparalela.com.br\"><strong>redacao@bhnaparalela.com.br<\/strong><\/a>!<\/p>\n<p><span style=\"color: #990000;\"><strong>Publicidade:<\/strong><\/span><br \/>\n<a href=\"mailto:bhnaparalela@brunch.ag\"><strong>Entre em contato<\/strong><\/a> e saiba como <em>anunciar sua marca, produto ou servi\u00e7o no <strong>Backhand na Paralela<\/strong><\/em>.<\/p>\n","protected":false},"excerpt":{"rendered":"<p>Come\u00e7ou Roland-Garros! Saiba o que aconteceu nos dois primeiros dias de jogos do Aberto da Fran\u00e7a e o que esperar da segunda rodada.<\/p>\n","protected":false},"author":9,"featured_media":17117,"comment_status":"closed","ping_status":"closed","sticky":false,"template":"","format":"standard","meta":{"footnotes":""},"categories":[1414,1523,13],"tags":[1677,1420,1461,1591,1516,1419,1678,1541,1542,1455,1472,1679,1534],"class_list":["post-17116","post","type-post","status-publish","format-standard","has-post-thumbnail","hentry","category-bhnaparalela","category-dropshot-na-paralela","category-podcast","tag-aberto-da-franca","tag-ariane-ferreira","tag-elina-svitolina","tag-gael-monfils","tag-grand-slam","tag-jeff-paiva","tag-kiki-bertens","tag-rafael-nadal","tag-roger-federer","tag-roland-garros","tag-serena-williams","tag-tsonga","tag-venus-williams"],"_links":{"self":[{"href":"https:\/\/radiofobia.com.br\/podcast\/wp-json\/wp\/v2\/posts\/17116","targetHints":{"allow":["GET"]}}],"collection":[{"href":"https:\/\/radiofobia.com.br\/podcast\/wp-json\/wp\/v2\/posts"}],"about":[{"href":"https:\/\/radiofobia.com.br\/podcast\/wp-json\/wp\/v2\/types\/post"}],"author":[{"embeddable":true,"href":"https:\/\/radiofobia.com.br\/podcast\/wp-json\/wp\/v2\/users\/9"}],"replies":[{"embeddable":true,"href":"https:\/\/radiofobia.com.br\/podcast\/wp-json\/wp\/v2\/comments?post=17116"}],"version-history":[{"count":5,"href":"https:\/\/radiofobia.com.br\/podcast\/wp-json\/wp\/v2\/posts\/17116\/revisions"}],"predecessor-version":[{"id":26887,"href":"https:\/\/radiofobia.com.br\/podcast\/wp-json\/wp\/v2\/posts\/17116\/revisions\/26887"}],"wp:featuredmedia":[{"embeddable":true,"href":"https:\/\/radiofobia.com.br\/podcast\/wp-json\/wp\/v2\/media\/17117"}],"wp:attachment":[{"href":"https:\/\/radiofobia.com.br\/podcast\/wp-json\/wp\/v2\/media?parent=17116"}],"wp:term":[{"taxonomy":"category","embeddable":true,"href":"https:\/\/radiofobia.com.br\/podcast\/wp-json\/wp\/v2\/categories?post=17116"},{"taxonomy":"post_tag","embeddable":true,"href":"https:\/\/radiofobia.com.br\/podcast\/wp-json\/wp\/v2\/tags?post=17116"}],"curies":[{"name":"wp","href":"https:\/\/api.w.org\/{rel}","templated":true}]}}