{"id":17329,"date":"2019-07-09T12:30:22","date_gmt":"2019-07-09T15:30:22","guid":{"rendered":"http:\/\/radiofobia.com.br\/podcast\/?p=17329"},"modified":"2022-05-01T20:11:26","modified_gmt":"2022-05-01T23:11:26","slug":"tirando-o-po-012-jornal-da-tarde","status":"publish","type":"post","link":"https:\/\/radiofobia.com.br\/podcast\/2019\/07\/tirando-o-po-012-jornal-da-tarde\/","title":{"rendered":"Tirando o P\u00f3 012 &#8211; Jornal da Tarde"},"content":{"rendered":"<p><iframe src=\"https:\/\/omny.fm\/shows\/tirando-o-po\/tirando-o-p-012-jornal-da-tarde\/embed\" allow=\"autoplay; clipboard-write\" width=\"100%\" height=\"180\" frameborder=\"0\" title=\"Tirando o P\u00f3 012 \u2013 Jornal da Tarde\"><\/iframe><\/p>\n<p><em><strong>Sauda\u00e7\u00f5es, ouvintes! Est\u00e1 NO AR o 12\u00ba <\/strong><\/em><em><strong>epis\u00f3dio do podcast Tirando o P\u00f3!<\/strong><\/em><\/p>\n<p>Neste podcast, <a href=\"https:\/\/www.facebook.com\/edu.mirabelli\" target=\"_blank\" rel=\"noopener noreferrer\"><strong>Edu Mirabelli<\/strong><\/a> conta semanalmente a hist\u00f3ria de um personagem que de alguma forma mexeu com a sociedade na d\u00e9cada de 1960, ou mesmo casos interessantes, que valem a pena, pra quem n\u00e3o viveu aquela \u00e9poca saber &#8211; e pra que viveu, relembrar!<\/p>\n<p>Esta semana voltamos a falar sober o mercado da <strong>m\u00eddia impressa em S\u00e3o Paulo na metade da d\u00e9cada de 60<\/strong>! Outros tempos, quando ainda se via pelas ruas a figura do jornaleiro apregoando as not\u00edcias do dia. Em meio \u00e0 padroniza\u00e7\u00e3o dos jornais, em janeiro de 1966 surgiu uma novidade que virou no avesso tudo o que se fazia at\u00e9 ent\u00e3o: o <strong>Jornal da Tarde<\/strong>!<\/p>\n<p>Ent\u00e3o \u00e9 isso: <strong>aperte o play, relaxe e curta essa experi\u00eancia que s\u00f3 o \u00e1udio lhe proporciona<\/strong>, aqui no <strong>Tirando o P\u00f3<\/strong>!<\/p>\n<p><span style=\"color: #666666;\"><strong>Locu\u00e7\u00e3o e apresenta\u00e7\u00e3o:<\/strong> Edu Mirabelli<br \/>\n<\/span><strong>Textos:<\/strong> Nelson Porto<br \/>\n<strong>Edi\u00e7\u00e3o e sound design:<\/strong> David Mazzuca<br \/>\n<strong>Publica\u00e7\u00e3o e distribui\u00e7\u00e3o:<\/strong> R\u00e1diofobia Podcast Network<\/p>\n<p><strong style=\"color: #990000;\">Para seguir nas redes sociais:<\/strong><br \/>\n&#8211; <a href=\"https:\/\/www.facebook.com\/tirandoopo\/\" target=\"_blank\" rel=\"noopener noreferrer\">curta a p\u00e1gina do <strong>Tirando o P\u00f3<\/strong> no Facebook<\/a><br \/>\n&#8211; <a href=\"https:\/\/www.facebook.com\/edu.mirabelli\" target=\"_blank\" rel=\"noopener noreferrer\">siga o <strong>Edu Mirabelli<\/strong> no Facebook<\/a><br \/>\n&#8211; <a href=\"https:\/\/www.instagram.com\/eduardomira\/\" target=\"_blank\" rel=\"noopener noreferrer\">siga o <strong>Edu Mirabelli<\/strong> no Instagram<\/a><br \/>\n&#8211; <a href=\"https:\/\/www.linkedin.com\/in\/edu-mirabelli-5865722a\/\" target=\"_blank\" rel=\"noopener noreferrer\">adicione o <strong>Edu Mirabelli<\/strong> em sua rede no Linkedin<\/a><\/p>\n<p><strong style=\"color: #990000;\">Assine o FEED do Tirando o P\u00f3:<\/strong><br \/>\nPara ouvir o Tirando o P\u00f3 no seu agregador de podcasts preferido, <a href=\"https:\/\/leolop.es\/tirandoopo_feed\" target=\"_blank\" rel=\"noopener noreferrer\"><strong>clique aqui e assine o nosso FEED<\/strong><\/a>!<\/p>\n<p><strong style=\"color: #990000;\">Assine e avalie nosso podcast no iTunes:<\/strong><br \/>\nSe voc\u00ea usa o<strong> iTunes<\/strong> no seu computador, tablet ou smartphone, <strong>assine e avalie nosso podcast clicando aqui<\/strong>!<\/p>\n<p><strong style=\"color: #990000;\">Tirando o P\u00f3 no Spotify:<\/strong><br \/>\nCaso prefira ouvir o <strong>Voz Off <\/strong>no<strong> Spotify<\/strong>, <a href=\"https:\/\/open.spotify.com\/show\/5gw36UE3voyBZhNNHHqoNi?si=sjUb1u5mRxap-KuXMVtPTA\" target=\"_blank\" rel=\"noopener noreferrer\"><strong>\u00e9 s\u00f3 clicar aqui e assinar o nosso podcast no servi\u00e7o de streaming<\/strong><\/a>!<\/p>\n<p><span style=\"color: #990000;\"><strong>E-mails:<\/strong><\/span><br \/>\nMande seu feedback pra gente atrav\u00e9s do e-mail <a href=\"mailto:tirandoopo@gmail.com\" target=\"_blank\" rel=\"noopener noreferrer\"><strong>tirandoopo@gmail.com<\/strong><\/a>!<\/p>\n<p><span style=\"color: #990000;\"><strong>Publicidade:<\/strong><\/span><br \/>\n<a href=\"http:\/\/leolop.es\/rfcontato\" target=\"_blank\" rel=\"noopener noreferrer\"><strong>Entre em contato<\/strong><\/a> e saiba como <em>anunciar sua marca, produto ou servi\u00e7o em nossos podcasts<\/em>.<\/p>\n","protected":false},"excerpt":{"rendered":"<p>Esta semana voltamos a falar sober o mercado da m\u00eddia impressa em S\u00e3o Paulo e o surgimento do ent\u00e3o inovador Jornal da Tarde em janeiro de 1966!<\/p>\n","protected":false},"author":2,"featured_media":17332,"comment_status":"open","ping_status":"closed","sticky":false,"template":"","format":"standard","meta":{"footnotes":""},"categories":[13,1635],"tags":[1639,1642,1730,607,22,363,14,90,1638],"class_list":["post-17329","post","type-post","status-publish","format-standard","has-post-thumbnail","hentry","category-podcast","category-tirando_o_po","tag-edu-mirabelli","tag-historia","tag-jornal-da-tarde","tag-locucao","tag-memoria","tag-musica","tag-podcast","tag-radio","tag-tirando-o-po"],"_links":{"self":[{"href":"https:\/\/radiofobia.com.br\/podcast\/wp-json\/wp\/v2\/posts\/17329","targetHints":{"allow":["GET"]}}],"collection":[{"href":"https:\/\/radiofobia.com.br\/podcast\/wp-json\/wp\/v2\/posts"}],"about":[{"href":"https:\/\/radiofobia.com.br\/podcast\/wp-json\/wp\/v2\/types\/post"}],"author":[{"embeddable":true,"href":"https:\/\/radiofobia.com.br\/podcast\/wp-json\/wp\/v2\/users\/2"}],"replies":[{"embeddable":true,"href":"https:\/\/radiofobia.com.br\/podcast\/wp-json\/wp\/v2\/comments?post=17329"}],"version-history":[{"count":3,"href":"https:\/\/radiofobia.com.br\/podcast\/wp-json\/wp\/v2\/posts\/17329\/revisions"}],"predecessor-version":[{"id":27185,"href":"https:\/\/radiofobia.com.br\/podcast\/wp-json\/wp\/v2\/posts\/17329\/revisions\/27185"}],"wp:featuredmedia":[{"embeddable":true,"href":"https:\/\/radiofobia.com.br\/podcast\/wp-json\/wp\/v2\/media\/17332"}],"wp:attachment":[{"href":"https:\/\/radiofobia.com.br\/podcast\/wp-json\/wp\/v2\/media?parent=17329"}],"wp:term":[{"taxonomy":"category","embeddable":true,"href":"https:\/\/radiofobia.com.br\/podcast\/wp-json\/wp\/v2\/categories?post=17329"},{"taxonomy":"post_tag","embeddable":true,"href":"https:\/\/radiofobia.com.br\/podcast\/wp-json\/wp\/v2\/tags?post=17329"}],"curies":[{"name":"wp","href":"https:\/\/api.w.org\/{rel}","templated":true}]}}