{"id":17568,"date":"2019-08-23T11:53:57","date_gmt":"2019-08-23T14:53:57","guid":{"rendered":"http:\/\/radiofobia.com.br\/podcast\/?p=17568"},"modified":"2022-05-01T19:27:43","modified_gmt":"2022-05-01T22:27:43","slug":"pod-isso-arnaldo-006-pal-x-fla-na-semi-da-liberta","status":"publish","type":"post","link":"https:\/\/radiofobia.com.br\/podcast\/2019\/08\/pod-isso-arnaldo-006-pal-x-fla-na-semi-da-liberta\/","title":{"rendered":"Pod Isso, Arnaldo? #006 &#8211; PAL x FLA na semi da Liberta?"},"content":{"rendered":"<p><iframe src=\"https:\/\/omny.fm\/shows\/pod-isso-arnaldo\/pod-isso-arnaldo-006-pal-x-fla-na-semi-da-liberta\/embed\" allow=\"autoplay; clipboard-write\" width=\"100%\" height=\"180\" frameborder=\"0\" title=\"Pod Isso, Arnaldo? #006 \u2013 PAL x FLA na semi da Liberta?\"><\/iframe><\/p>\n<p><em><strong>MAIS UM #PIA NO AR DEPOIS DE UMA SEMANA AGITADA NA LIBERTADORES E A POL\u00caMICA CONTRATA\u00c7\u00c3O DE OSWALDO DE OLIVEIRA COMO T\u00c9CNICO DO FLU!<\/strong><\/em><\/p>\n<p>No epis\u00f3dio #006 do Pod Isso, Arnaldo? <strong>Rudy Landucci<\/strong> e <strong>Felps<\/strong> convidaram o <strong>Rafa Souto<\/strong> <strong>do F4L<\/strong> para falar da semana no futebol brasileiro!<\/p>\n<p>Assuntos citados neste epis\u00f3dio:<\/p>\n<ul>\n<li><strong>Libertadores:<\/strong><br \/>\n&#8211; Quem levou a pior, Inter ou Gr\u00eamio? Fizemos uma enquete e debatemos sobre!<br \/>\n&#8211; Flamengo prova que \u00e9 o melhor time do Brasil?<br \/>\n&#8211; O gol do Palmeiras foi gola\u00e7o ou falha do Paulo Victor?<\/li>\n<li><strong>Oswaldo de Oliveira:<\/strong><br \/>\n&#8211; Gabriel, Gabriel!<br \/>\n&#8211; Caralho \u00e9 voc\u00ea, \u00f4 babaca! \ud83d\ude02<\/li>\n<\/ul>\n<p>Al\u00e9m disso nos provocamos e esbanjamos clubismo! Vem com a gente!<\/p>\n<p>Segue o jogo e o nosso novo podcast!<\/p>\n<p>N\u00e3o deixe de jogar junto com a gente nas redes sociais, dar seu feedback e sugerir convidados para as pr\u00f3ximas edi\u00e7\u00f5es, al\u00e9m de deixar seu coment\u00e1rio no post, ok?\u00a0 Voc\u00ea tamb\u00e9m pode agora mandar seu e-mail para <strong><a href=\"mailto:podissoarnaldo.podcast@gmail.com\" target=\"_blank\" rel=\"noopener noreferrer\">podissoarnaldo.podcast@gmail.com<\/a><\/strong>!<\/p>\n<p>Siga tamb\u00e9m no <strong>Instagram<\/strong>: <a href=\"https:\/\/www.instagram.com\/pod.issoarnaldo\/\" target=\"_blank\" rel=\"noopener noreferrer\"><strong>@pod.issoarnaldo<\/strong><\/a><\/p>\n","protected":false},"excerpt":{"rendered":"<p>Hoje falamos sobre a semana agitada na Libertadores e a pol\u00eamica contrata\u00e7\u00e3o de Oswaldo de Oliveira como t\u00e9cnico do Fluminense!<\/p>\n","protected":false},"author":11,"featured_media":17570,"comment_status":"open","ping_status":"closed","sticky":false,"template":"","format":"standard","meta":{"footnotes":""},"categories":[1741,13],"tags":[1742,1792,816,2,1751,1793,1745,14,1791,1593],"class_list":["post-17568","post","type-post","status-publish","format-standard","has-post-thumbnail","hentry","category-pod-isso-arnaldo","category-podcast","tag-felps","tag-fluminense","tag-futebol","tag-humor","tag-libertadores","tag-oswaldo-de-oliveira","tag-pod-isso-arnaldo","tag-podcast","tag-rafa-souto","tag-rudy-landucci"],"_links":{"self":[{"href":"https:\/\/radiofobia.com.br\/podcast\/wp-json\/wp\/v2\/posts\/17568","targetHints":{"allow":["GET"]}}],"collection":[{"href":"https:\/\/radiofobia.com.br\/podcast\/wp-json\/wp\/v2\/posts"}],"about":[{"href":"https:\/\/radiofobia.com.br\/podcast\/wp-json\/wp\/v2\/types\/post"}],"author":[{"embeddable":true,"href":"https:\/\/radiofobia.com.br\/podcast\/wp-json\/wp\/v2\/users\/11"}],"replies":[{"embeddable":true,"href":"https:\/\/radiofobia.com.br\/podcast\/wp-json\/wp\/v2\/comments?post=17568"}],"version-history":[{"count":3,"href":"https:\/\/radiofobia.com.br\/podcast\/wp-json\/wp\/v2\/posts\/17568\/revisions"}],"predecessor-version":[{"id":27133,"href":"https:\/\/radiofobia.com.br\/podcast\/wp-json\/wp\/v2\/posts\/17568\/revisions\/27133"}],"wp:featuredmedia":[{"embeddable":true,"href":"https:\/\/radiofobia.com.br\/podcast\/wp-json\/wp\/v2\/media\/17570"}],"wp:attachment":[{"href":"https:\/\/radiofobia.com.br\/podcast\/wp-json\/wp\/v2\/media?parent=17568"}],"wp:term":[{"taxonomy":"category","embeddable":true,"href":"https:\/\/radiofobia.com.br\/podcast\/wp-json\/wp\/v2\/categories?post=17568"},{"taxonomy":"post_tag","embeddable":true,"href":"https:\/\/radiofobia.com.br\/podcast\/wp-json\/wp\/v2\/tags?post=17568"}],"curies":[{"name":"wp","href":"https:\/\/api.w.org\/{rel}","templated":true}]}}