{"id":17593,"date":"2019-08-29T11:00:42","date_gmt":"2019-08-29T14:00:42","guid":{"rendered":"http:\/\/radiofobia.com.br\/podcast\/?p=17593"},"modified":"2022-05-01T18:08:51","modified_gmt":"2022-05-01T21:08:51","slug":"mim-falei-26-casado-x-solteiro","status":"publish","type":"post","link":"https:\/\/radiofobia.com.br\/podcast\/2019\/08\/mim-falei-26-casado-x-solteiro\/","title":{"rendered":"Mim Falei! #26 &#8211; Casado x Solteiro"},"content":{"rendered":"<p><iframe src=\"https:\/\/omny.fm\/shows\/mim-falei\/mim-falei-26-casado-x-solteiro\/embed\" allow=\"autoplay; clipboard-write\" width=\"100%\" height=\"180\" frameborder=\"0\" title=\"Mim Falei! #26 \u2013 Casado x Solteiro\"><\/iframe><\/p>\n<p>Vida de casado \u00e9 boa, mas ser\u00e1 que a de solteiro \u00e9 melhor?<\/p>\n<p>J\u00e1 que temos neste podcast um solteir\u00e3o, um no meio do caminho e um casado, <strong><a href=\"https:\/\/twitter.com\/rudylanducci\" target=\"_blank\" rel=\"noopener noreferrer\">Rudy Landucci<\/a><\/strong>, <a href=\"https:\/\/twitter.com\/ErlanDias7\" target=\"_blank\" rel=\"noopener noreferrer\"><strong>Erlan Dias<\/strong><\/a> e <a href=\"https:\/\/twitter.com\/MarquinhoDorna\/\" target=\"_blank\" rel=\"noopener noreferrer\"><strong>Marco Dorna<\/strong><\/a> resolveram falar sobre essa maravilhosa institui\u00e7\u00e3o chamada casamento, e \u00e9 claro, tudo o que est\u00e1 em torno dele!<\/p>\n<p>Como n\u00e3o podia faltar, <strong>Agnaldo<\/strong> chega com nenhum esp\u00edrito matrimonial com sua <strong>Sinopse de Filmes Porn\u00f4s<\/strong>, e o muito bem casado <strong>Jair Bei\u00e7onaro<\/strong> com o <strong>Bom Dia, Capit\u00e3o!<\/strong><\/p>\n","protected":false},"excerpt":{"rendered":"<p>No programa desta semana falamos sobre essa maravilhosa institui\u00e7\u00e3o chamada casamento, e \u00e9 claro, tudo o que est\u00e1 em torno dele!<\/p>\n","protected":false},"author":11,"featured_media":17595,"comment_status":"open","ping_status":"closed","sticky":false,"template":"","format":"standard","meta":{"footnotes":""},"categories":[1592,13],"tags":[775,1595,2,235,1598,1594,14,1593],"class_list":["post-17593","post","type-post","status-publish","format-standard","has-post-thumbnail","hentry","category-mimfalei","category-podcast","tag-comedia","tag-erlan-dias","tag-humor","tag-imitacao","tag-marcos-dorna","tag-mim-falei","tag-podcast","tag-rudy-landucci"],"_links":{"self":[{"href":"https:\/\/radiofobia.com.br\/podcast\/wp-json\/wp\/v2\/posts\/17593","targetHints":{"allow":["GET"]}}],"collection":[{"href":"https:\/\/radiofobia.com.br\/podcast\/wp-json\/wp\/v2\/posts"}],"about":[{"href":"https:\/\/radiofobia.com.br\/podcast\/wp-json\/wp\/v2\/types\/post"}],"author":[{"embeddable":true,"href":"https:\/\/radiofobia.com.br\/podcast\/wp-json\/wp\/v2\/users\/11"}],"replies":[{"embeddable":true,"href":"https:\/\/radiofobia.com.br\/podcast\/wp-json\/wp\/v2\/comments?post=17593"}],"version-history":[{"count":4,"href":"https:\/\/radiofobia.com.br\/podcast\/wp-json\/wp\/v2\/posts\/17593\/revisions"}],"predecessor-version":[{"id":27034,"href":"https:\/\/radiofobia.com.br\/podcast\/wp-json\/wp\/v2\/posts\/17593\/revisions\/27034"}],"wp:featuredmedia":[{"embeddable":true,"href":"https:\/\/radiofobia.com.br\/podcast\/wp-json\/wp\/v2\/media\/17595"}],"wp:attachment":[{"href":"https:\/\/radiofobia.com.br\/podcast\/wp-json\/wp\/v2\/media?parent=17593"}],"wp:term":[{"taxonomy":"category","embeddable":true,"href":"https:\/\/radiofobia.com.br\/podcast\/wp-json\/wp\/v2\/categories?post=17593"},{"taxonomy":"post_tag","embeddable":true,"href":"https:\/\/radiofobia.com.br\/podcast\/wp-json\/wp\/v2\/tags?post=17593"}],"curies":[{"name":"wp","href":"https:\/\/api.w.org\/{rel}","templated":true}]}}