{"id":17779,"date":"2019-10-04T17:10:31","date_gmt":"2019-10-04T20:10:31","guid":{"rendered":"http:\/\/radiofobia.com.br\/podcast\/?p=17779"},"modified":"2022-03-16T14:13:05","modified_gmt":"2022-03-16T17:13:05","slug":"radiofobeer-001-los-primeros-pasitos-de-juan-caloto","status":"publish","type":"post","link":"https:\/\/radiofobia.com.br\/podcast\/2019\/10\/radiofobeer-001-los-primeros-pasitos-de-juan-caloto\/","title":{"rendered":"R\u00e1diofoBeer #001 &#8211; Los primeros pasitos de Juan Caloto"},"content":{"rendered":"<p><iframe src=\"https:\/\/omny.fm\/shows\/radiofobeer\/r-diofobeer-001-los-primeros-pasitos-de-juan-calot\/embed\" allow=\"autoplay; clipboard-write\" width=\"100%\" height=\"180\" frameborder=\"0\" title=\"R\u00e1diofoBeer #001 \u2013 Los primeros pasitos de Juan Caloto\"><\/iframe><\/p>\n<p><em><strong>Sauda\u00e7\u00f5es ouvinte cervejista<\/strong><\/em><em><strong>!<\/strong><\/em><\/p>\n<p>Est\u00e1 no ar o epis\u00f3dio de estreia do <a href=\"https:\/\/twitter.com\/radiofobeer\" target=\"_blank\" rel=\"noopener noreferrer\"><strong>R\u00e1diofoBeer<\/strong><\/a>, o <strong>podcast pra quem gosta de cerveja<\/strong> produzido pela <a href=\"https:\/\/twitter.com\/rfobianetwork\" target=\"_blank\" rel=\"noopener noreferrer\"><strong>R\u00e1diofobia Podcast Network<\/strong><\/a> em parceria com a <a href=\"https:\/\/www.instagram.com\/juancaloto\/\" target=\"_blank\" rel=\"noopener noreferrer\"><strong>Cervejaria Juan Caloto<\/strong><\/a>! A partir de hoje, <strong>a cada duas semanas<\/strong> teremos um novo programa sobre <strong>assuntos relacionados ao mundo da cerveja e, \u00e9 claro, convidados especiais<\/strong>!<\/p>\n<p>Este novo podcast ser\u00e1 apresentado por <a href=\"https:\/\/twitter.com\/leoradiofobia\" target=\"_blank\" rel=\"noopener noreferrer\"><strong>Leo Lopes<\/strong><\/a> e por <strong>Los Cerveceros<\/strong> <a href=\"https:\/\/www.instagram.com\/fgumiero\/\" target=\"_blank\" rel=\"noopener noreferrer\"><strong>John<\/strong> (alcunha de Felipe Gumiero)<\/a> e <a href=\"https:\/\/www.instagram.com\/mgbellintani\/\" target=\"_blank\" rel=\"noopener noreferrer\"><strong>Calote<\/strong> (disfarce de Marcelo Bellintani)<\/a>, amigos, barbudos, s\u00f3cios e criadores da <a href=\"https:\/\/www.instagram.com\/juancaloto\/\" target=\"_blank\" rel=\"noopener noreferrer\"><strong>Cervejaria Juan Caloto<\/strong><\/a>!<\/p>\n<p>Em nosso epis\u00f3dio de apresenta\u00e7\u00e3o voc\u00ea vai saber <strong>quem s\u00e3o John e Calote<\/strong>, ouvir como foi <strong>a cria\u00e7\u00e3o da primeira cerveja<\/strong>, conhecer <strong>a origem de Juan Caloto,<\/strong> entender <strong>como <a href=\"https:\/\/twitter.com\/sitedomau\" target=\"_blank\" rel=\"noopener noreferrer\">Mau Faccio<\/a> e <a href=\"https:\/\/twitter.com\/CancerJack\" target=\"_blank\" rel=\"noopener noreferrer\">Fernando Russel (o Tucano)<\/a> ajudaram esse podcast a nascer,<\/strong> saber <strong>o que s\u00e3o cervejas UAIs<\/strong> e aprender que <strong>nunca &#8211; mas NUNCA mesmo &#8211; deve enxugar seus copos com o mesmo pano de prato que enxugou sua forma de bolo<\/strong>!<\/p>\n<p>N\u00e3o deixe de <strong>interagir com a gente nas redes sociais<\/strong>, <strong>dar seu feedback sobre o papo e sugerir temas e convidados<\/strong>\u00a0para as pr\u00f3ximas edi\u00e7\u00f5es do nosso podcast, al\u00e9m de\u00a0<strong>deixar seu coment\u00e1rio no post,<\/strong> ok? Voc\u00ea tamb\u00e9m pode mandar sua cartinha para a <strong>Caixa Postal 279 &#8211; CEP 13930-970 &#8211; Serra Negra &#8211; SP<\/strong>, e seu e-mail para <a href=\"mailto:radiofobeer@gmail.com\" target=\"_blank\" rel=\"noopener noreferrer\">radiofobeer@gmail.com<\/a>!<\/p>\n<p><strong><span style=\"color: #990000;\">Links citados no programa:<\/span><\/strong><br \/>\n&#8211; registros da grava\u00e7\u00e3o desse epis\u00f3dio piloto no Instagram: <a href=\"https:\/\/www.instagram.com\/p\/BxAzs15pgYu\/\" target=\"_blank\" rel=\"noopener noreferrer\">Foto 01<\/a> \/ <a href=\"https:\/\/www.instagram.com\/p\/BxBCjOMp_K1\/\" target=\"_blank\" rel=\"noopener noreferrer\">Foto 02<\/a><br \/>\n&#8211; <a href=\"https:\/\/www.instagram.com\/p\/Bt9mELSnVQ2\/\" target=\"_blank\" rel=\"noopener noreferrer\">foto tirada pelo Mau Faccio na visita do Leo ao Nerdbunker<\/a><br \/>\n&#8211; <a href=\"https:\/\/jovemnerd.com.br\/nerdcast\/nerdcast-434-nerds-cervejeiros-2\/\" target=\"_blank\" rel=\"noopener noreferrer\">Nerdcast #434 &#8211; Nerds cervejeiros<\/a><br \/>\n&#8211; <a href=\"https:\/\/www.facebook.com\/radiofobeer\/photos\/?tab=album&amp;album_id=1155260241529943\" target=\"_blank\" rel=\"noopener noreferrer\">\u00e1lbum de fotos com &#8220;Los primeros pasitos de Juan Caloto&#8221;<\/a><\/p>\n<p><strong><span style=\"color: #990000;\">Segue a gente e paga uma breja:<\/span><\/strong><br \/>\n&#8211; <a href=\"https:\/\/www.instagram.com\/radiofobeer\/\" target=\"_blank\" rel=\"noopener noreferrer\">Instagram do <strong>R\u00e1diofoBeer<\/strong><\/a><br \/>\n&#8211; <a href=\"https:\/\/twitter.com\/radiofobeer\" target=\"_blank\" rel=\"noopener noreferrer\">Twitter do <strong>R\u00e1diofoBeer<\/strong><\/a><br \/>\n&#8211; <a href=\"https:\/\/www.facebook.com\/radiofobeer\" target=\"_blank\" rel=\"noopener noreferrer\">P\u00e1gina do <strong>R\u00e1diofoBeer<\/strong> no Facebook<\/a><br \/>\n&#8211; <a href=\"https:\/\/www.instagram.com\/leoradiofobia\/\" target=\"_blank\" rel=\"noopener noreferrer\">Instagram do <strong>Leo Lopes<\/strong><\/a><br \/>\n&#8211; <a href=\"https:\/\/twitter.com\/leoradiofobia\" target=\"_blank\" rel=\"noopener noreferrer\">Twitter do <strong>Leo Lopes<\/strong><\/a><br \/>\n&#8211; <a href=\"https:\/\/www.instagram.com\/juancaloto\/\" target=\"_blank\" rel=\"noopener noreferrer\">Instagram da <strong>Juan Caloto<\/strong><\/a><br \/>\n&#8211; <a href=\"https:\/\/www.instagram.com\/fgumiero\/\" target=\"_blank\" rel=\"noopener noreferrer\">Instagram do <strong>John<\/strong><\/a><br \/>\n&#8211; <a href=\"https:\/\/www.instagram.com\/mgbellintani\/\" target=\"_blank\" rel=\"noopener noreferrer\">Instagram do <strong>Calote<\/strong><\/a><\/p>\n<p><span style=\"color: #990000;\"><strong>Publicidade:<\/strong><\/span><br \/>\n<a href=\"http:\/\/leolop.es\/rfcontato\" target=\"_blank\" rel=\"noopener noreferrer\"><strong>Entre em contato<\/strong><\/a> e saiba como <em>anunciar sua marca, produto ou servi\u00e7o em nossos podcasts<\/em>.<\/p>\n","protected":false},"excerpt":{"rendered":"<p>No episodio de estreia do R\u00e1diofoBeer Leo Lopes, John e Calote apresentam o projeto do novo podcast e contam a hist\u00f3ria da Cervejaria Juan Caloto!<\/p>\n","protected":false},"author":2,"featured_media":17780,"comment_status":"open","ping_status":"closed","sticky":false,"template":"","format":"standard","meta":{"footnotes":""},"categories":[13,1832],"tags":[1851,1854,796,1850,1847,1852,1844,1853,1843,1849,1848,1846,1845,14,1840],"class_list":["post-17779","post","type-post","status-publish","format-standard","has-post-thumbnail","hentry","category-podcast","category-radiofobeer","tag-artesanal","tag-calote","tag-cerveja","tag-cervejaria","tag-cevada","tag-cigana","tag-ipa","tag-john","tag-juan-caloto","tag-levedura","tag-lupulo","tag-malte","tag-neipa","tag-podcast","tag-radiofobeer"],"_links":{"self":[{"href":"https:\/\/radiofobia.com.br\/podcast\/wp-json\/wp\/v2\/posts\/17779","targetHints":{"allow":["GET"]}}],"collection":[{"href":"https:\/\/radiofobia.com.br\/podcast\/wp-json\/wp\/v2\/posts"}],"about":[{"href":"https:\/\/radiofobia.com.br\/podcast\/wp-json\/wp\/v2\/types\/post"}],"author":[{"embeddable":true,"href":"https:\/\/radiofobia.com.br\/podcast\/wp-json\/wp\/v2\/users\/2"}],"replies":[{"embeddable":true,"href":"https:\/\/radiofobia.com.br\/podcast\/wp-json\/wp\/v2\/comments?post=17779"}],"version-history":[{"count":13,"href":"https:\/\/radiofobia.com.br\/podcast\/wp-json\/wp\/v2\/posts\/17779\/revisions"}],"predecessor-version":[{"id":26476,"href":"https:\/\/radiofobia.com.br\/podcast\/wp-json\/wp\/v2\/posts\/17779\/revisions\/26476"}],"wp:featuredmedia":[{"embeddable":true,"href":"https:\/\/radiofobia.com.br\/podcast\/wp-json\/wp\/v2\/media\/17780"}],"wp:attachment":[{"href":"https:\/\/radiofobia.com.br\/podcast\/wp-json\/wp\/v2\/media?parent=17779"}],"wp:term":[{"taxonomy":"category","embeddable":true,"href":"https:\/\/radiofobia.com.br\/podcast\/wp-json\/wp\/v2\/categories?post=17779"},{"taxonomy":"post_tag","embeddable":true,"href":"https:\/\/radiofobia.com.br\/podcast\/wp-json\/wp\/v2\/tags?post=17779"}],"curies":[{"name":"wp","href":"https:\/\/api.w.org\/{rel}","templated":true}]}}