{"id":17889,"date":"2019-10-22T15:55:33","date_gmt":"2019-10-22T18:55:33","guid":{"rendered":"http:\/\/radiofobia.com.br\/podcast\/?p=17889"},"modified":"2022-04-27T16:35:16","modified_gmt":"2022-04-27T19:35:16","slug":"backhand-na-paralela-028-beach-tennis-brasileiro-domina-as-areias-de-doha","status":"publish","type":"post","link":"https:\/\/radiofobia.com.br\/podcast\/2019\/10\/backhand-na-paralela-028-beach-tennis-brasileiro-domina-as-areias-de-doha\/","title":{"rendered":"Backhand na Paralela 028 &#8211; #BeachTennis brasileiro domina as areias de Doha"},"content":{"rendered":"<p><iframe src=\"https:\/\/omny.fm\/shows\/backhand-na-paralela\/backhand-na-paralela-028-beachtennis-brasileiro-do\/embed\" allow=\"autoplay; clipboard-write\" width=\"100%\" height=\"180\" frameborder=\"0\" title=\"Backhand na Paralela 028 \u2013 #BeachTennis brasileiro domina as areias de Doha\"><\/iframe><\/p>\n<p><strong><em>Salve galera da bolinha amarela!\u00a0<\/em><\/strong><\/p>\n<p>Semana cheia de assuntos interessantes no BHnP &#8211; comemorando, inclusive, o dia do Podcast no Brasil, 21 de Outubro.<br \/>\nCome\u00e7amos com o <strong>Mundial de Jogos de Praia<\/strong>, em que o TIME BRASIL conquistou medalhas de Ouro, Prata e Bronze no #BeachTennis, com direito a numero 1 do mundo no ranking da ITF! Conversamos com Diogo Pedroso, da Decathlon, que nos trouxe detalhes as conquistas de Rafaella Miller, Andre Baran, Joana Cortez e Vini Font nas areias de Doha.<\/p>\n<p>Estivemos no Clube Paineiras do Morumbi, em S\u00e3o Paulo, para acompanhar o ITF Future promovido pelo Instituto T\u00eanis, o <strong>#ISOpenSP<\/strong>, que teve dois brasileiros na semifinal e acabou conquistado pelo chileno Bastian Malla. Nas duplas, o t\u00edtulo ficou com os brasileiros Jos\u00e9 Pereira e Igor Marcondes &#8211; e conversamos com Marcondes e com o vice-campe\u00e3o de simples, Rafael Matos.<\/p>\n<p>Tamb\u00e9m tem uma an\u00e1lise de <strong><a href=\"http:\/\/twitter.com\/euarianef\">Ariane Ferreira<\/a><\/strong>\u00a0e <a href=\"http:\/\/twitter.com\/jeffpaiva\"><strong>Jeff Paiva<\/strong><\/a> sobre o t\u00edtulo emocionante de <strong>Andy Murray<\/strong> na Antu\u00e9rpia &#8211; pouco mais de 10 meses depois de ter praticamente admitido estar encerrando sua carreira devido \u00e0s dores no quadril. O brit\u00e2nico se submeteu a uma cirurgia, voltou a se sentir bem, a jogar duplas e agora levanta o trof\u00e9u de um ATP250 novamente &#8211; derrotando exatamente Stan Wawrinka, amigo e que tamb\u00e9m sofreu com contus\u00f5es no \u00faltimo ano.<\/p>\n<p><strong>Ready? PLAY!<\/strong><\/p>\n<p><strong>Assuntos do Epis\u00f3dio<\/strong><br \/>\n00:01:36 &#8211; Beach Tennis &#8211; Brasil domina os Jogos Mundiais de Praia (Diogo Pedroso &#8211; convidado)<br \/>\n00:21:12 &#8211; IS Open de S\u00e3o Paulo &#8211; (entrevistas com Rafael Matos e Igor Marcondes)<br \/>\n00:50:27 &#8211; #BrasilNasDuplas &#8211; Demoliner campe\u00e3o em Moscou, Bruno Soares vice em Estocolmo<br \/>\n00:59:03 &#8211; A reden\u00e7\u00e3o de Andy Murray<br \/>\n01:10:09 &#8211; WTA &#8211; A nova Ostapenko<br \/>\n01:17:40 &#8211; Proje\u00e7\u00e3o #NextGen Finals<\/p>\n<p><strong style=\"color: #990000;\">inks citados no pro<\/strong><strong style=\"color: #990000;\">g<\/strong><strong style=\"color: #990000;\">rama:<\/strong><br \/>\n&#8211; <a href=\"http:\/\/www.instagram.com\/brasilbeachtenniscbt\">Perfil Instagram Beach Tennis CBT<\/a><br \/>\n&#8211; <a href=\"http:\/\/www.instagram.com\/joanacortez\">Joana Cortez &#8211; Jogadora de Beach Tennis<\/a><br \/>\n&#8211; <a href=\"http:\/\/www.instagram.com\/rafamiller\">Rafaella Miller &#8211; Jogadora de Beach Tennis<\/a><br \/>\n&#8211; <a href=\"http:\/\/www.instagram.com\/vinifont\">Vini Font &#8211; Jogador de Beach Tennis<\/a><br \/>\n&#8211; <a href=\"http:\/\/www.instagram.com\/andre_baran\">Andre Baran &#8211; Jogador de Beach Tennis<\/a><br \/>\n&#8211; <a href=\"http:\/\/www.institutosports.com.br\/eventos\/is-open-sao-paulo-ano-vii\/\">Site Oficial IS Open S\u00e3o Paulo<\/a><\/p>\n<p><strong style=\"color: #990000;\">Para seguir e comentar nas redes sociais:<\/strong><\/p>\n<p>&#8211; <a href=\"https:\/\/www.facebook.com\/bhnaparalela\/\" target=\"_blank\" rel=\"noopener noreferrer\">Curta a p\u00e1gina do podcast <b>Backhand na Paralela\u00a0<\/b>no Facebook<\/a><br \/>\n&#8211; <a href=\"https:\/\/twitter.com\/bhnaparalela\" target=\"_blank\" rel=\"noopener noreferrer\">Siga o <strong>@bhnaparalela<\/strong>\u00a0no Twitter<\/a><br \/>\n&#8211; <a href=\"https:\/\/twitter.com\/jeffpaiva\" target=\"_blank\" rel=\"noopener noreferrer\">Siga o <strong>@jeffpaiva<\/strong> no Twitter<\/a><br \/>\n&#8211; <a href=\"https:\/\/twitter.com\/euarianef\" target=\"_blank\" rel=\"noopener noreferrer\">Siga a <strong>@euarianef<\/strong>\u00a0no Twitter<\/a><\/p>\n<p><strong style=\"color: #990000;\">Assine o FEED do Backhand na Paralela:<\/strong><br \/>\nPara ouvir o <strong>Backhand na Paralela<\/strong> no seu agregador de podcasts preferido, <a href=\"https:\/\/leolop.es\/bhnaparalela_feed\" target=\"_blank\" rel=\"noopener noreferrer\"><strong>clique aqui e assine o nosso FEED<\/strong><\/a>!<\/p>\n<p><strong style=\"color: #990000;\">Assine o FEED diretamente no Spotify:<br \/>\n<\/strong>Para receber o <strong>BHnP<\/strong> automaticamente no seu <strong style=\"color: #990000;\"><a href=\"http:\/\/bit.ly\/bhnpspotify\">Spotify, clique aqui<\/a><\/strong><\/p>\n<p><strong style=\"color: #990000;\">Assine e avalie nosso podcast no iTunes:<\/strong><br \/>\nSe voc\u00ea usa o<strong> iTunes<\/strong> no seu computador, tablet ou smartphone, <a href=\"https:\/\/itunes.apple.com\/br\/podcast\/backhand-na-paralela\/id1437801203?mt=2\" target=\"_blank\" rel=\"noopener noreferrer\"><strong>assine e avalie nosso podcast clicando aqui<\/strong><\/a>!<\/p>\n<p><span style=\"color: #990000;\"><strong>E-mails:<\/strong><\/span><br \/>\nMande seu feedback pra gente atrav\u00e9s do e-mail <a href=\"mailto:redacao@bhnaparalela.com.br\"><strong>redacao@bhnaparalela.com.br<\/strong><\/a>!<\/p>\n<p><span style=\"color: #990000;\"><strong>Publicidade:<\/strong><\/span><br \/>\n<a href=\"mailto:bhnaparalela@brunch.ag\"><strong>Entre em contato<\/strong><\/a> e saiba como <em>anunciar sua marca, produto ou servi\u00e7o no <strong>Backhand na Paralela<\/strong><\/em>.<\/p>\n","protected":false},"excerpt":{"rendered":"<p>Salve galera da bolinha amarela!\u00a0 Semana cheia de assuntos interessantes no BHnP &#8211; comemorando, inclusive, o dia do Podcast no Brasil, 21 de Outubro. Come\u00e7amos com o Mundial de Jogos de Praia, em que o TIME BRASIL conquistou medalhas de Ouro, Prata e Bronze no #BeachTennis, com direito a numero 1 do mundo no ranking&#8230;<\/p>\n","protected":false},"author":9,"featured_media":17896,"comment_status":"closed","ping_status":"closed","sticky":false,"template":"","format":"standard","meta":{"footnotes":""},"categories":[1414,13],"tags":[1889,1524,1420,1445,1890,1831,1458,1882,1884,1885,1886,1419,1888,1887,1883,1490,1684,1446],"class_list":["post-17889","post","type-post","status-publish","format-standard","has-post-thumbnail","hentry","category-bhnaparalela","category-podcast","tag-aljona","tag-andy-murray","tag-ariane-ferreira","tag-atp","tag-bartoli","tag-beach-tennis","tag-cbt","tag-doha","tag-igor-marcondes","tag-instituto-tenis","tag-isopensp","tag-jeff-paiva","tag-jelena-ostapenko","tag-paineiras","tag-qatar","tag-rafael-matos","tag-stan-wawrinka","tag-wta"],"_links":{"self":[{"href":"https:\/\/radiofobia.com.br\/podcast\/wp-json\/wp\/v2\/posts\/17889","targetHints":{"allow":["GET"]}}],"collection":[{"href":"https:\/\/radiofobia.com.br\/podcast\/wp-json\/wp\/v2\/posts"}],"about":[{"href":"https:\/\/radiofobia.com.br\/podcast\/wp-json\/wp\/v2\/types\/post"}],"author":[{"embeddable":true,"href":"https:\/\/radiofobia.com.br\/podcast\/wp-json\/wp\/v2\/users\/9"}],"replies":[{"embeddable":true,"href":"https:\/\/radiofobia.com.br\/podcast\/wp-json\/wp\/v2\/comments?post=17889"}],"version-history":[{"count":7,"href":"https:\/\/radiofobia.com.br\/podcast\/wp-json\/wp\/v2\/posts\/17889\/revisions"}],"predecessor-version":[{"id":26942,"href":"https:\/\/radiofobia.com.br\/podcast\/wp-json\/wp\/v2\/posts\/17889\/revisions\/26942"}],"wp:featuredmedia":[{"embeddable":true,"href":"https:\/\/radiofobia.com.br\/podcast\/wp-json\/wp\/v2\/media\/17896"}],"wp:attachment":[{"href":"https:\/\/radiofobia.com.br\/podcast\/wp-json\/wp\/v2\/media?parent=17889"}],"wp:term":[{"taxonomy":"category","embeddable":true,"href":"https:\/\/radiofobia.com.br\/podcast\/wp-json\/wp\/v2\/categories?post=17889"},{"taxonomy":"post_tag","embeddable":true,"href":"https:\/\/radiofobia.com.br\/podcast\/wp-json\/wp\/v2\/tags?post=17889"}],"curies":[{"name":"wp","href":"https:\/\/api.w.org\/{rel}","templated":true}]}}