{"id":18001,"date":"2019-11-11T15:26:38","date_gmt":"2019-11-11T18:26:38","guid":{"rendered":"http:\/\/radiofobia.com.br\/podcast\/?p=18001"},"modified":"2022-04-27T16:39:27","modified_gmt":"2022-04-27T19:39:27","slug":"backhand-na-paralela-031-fedcup-vive-la-france","status":"publish","type":"post","link":"https:\/\/radiofobia.com.br\/podcast\/2019\/11\/backhand-na-paralela-031-fedcup-vive-la-france\/","title":{"rendered":"Backhand na Paralela 031 &#8211; FedCup &#8211; Vive la France!"},"content":{"rendered":"<p><iframe src=\"https:\/\/omny.fm\/shows\/backhand-na-paralela\/backhand-na-paralela-031-fedcup-vive-la-france\/embed\" allow=\"autoplay; clipboard-write\" width=\"100%\" height=\"180\" frameborder=\"0\" title=\"Backhand na Paralela 031 \u2013 FedCup \u2013 Vive la France!\"><\/iframe><\/p>\n<p><strong><em>Salve galera da bolinha amarela!\u00a0<\/em><\/strong><\/p>\n<p>A FedCup tem um novo pa\u00eds campe\u00e3o &#8211; e uma hist\u00f3ria rica em detalhes e intrigas para acompanhar. Depois do amplo dom\u00ednio da Rep\u00fablica Tcheca, chegou a vez da Fran\u00e7a levantar o caneco &#8211; e o t\u00edtulo veio na casa das advers\u00e1rias australianas, com direito a vit\u00f3ria de virada sobre a n\u00famero 1 do mundo e a reden\u00e7\u00e3o da duplas Kiki Mladenovic e Carol Garcia. Tudo com o dedo do novo capit\u00e3o franc\u00eas, Julien Bennetau.<\/p>\n<p>Um conto de fadas franc\u00eas que deixou um gosto amargo no final de um ano praticamente perfeito de Ash Barty, n\u00famero 1 inconteste, campe\u00e3 do WTA FInals e jogadora mais admirada no circuito. <strong><a href=\"http:\/\/twitter.com\/euarianef\">Ariane Ferreira<\/a><\/strong>\u00a0e <a href=\"http:\/\/twitter.com\/jeffpaiva\"><strong>Jeff Paiva<\/strong><\/a> contam tudo sobre a \u00e9pica decis\u00e3o da \u00faltima edi\u00e7\u00e3o da FedCup no formato tradicional.<\/p>\n<p>Tem ainda a conquista do t\u00edtulo do #NextGenFinals pelo italiano Jannik Sinner, o in\u00edcio do #NittoATPFinals em Londres e o Interclubes de SP de #BeachTennis.<\/p>\n<p>Segue aberta a #PodPesquisa2019, a pesquisa promovida pela ABPod que, anualmente, identifica e atualiza os n\u00fameros sobre consumo de podcasts no Brasil. \u00c9 muito importante para quem produz conte\u00fado e para quem quer anunciar em podcasts. Acesse a pesquisa em <a href=\"http:\/\/abpod.com.br\/podpesquisa-2019\/\">abpod.com.br<\/a><\/p>\n<p><strong>Bora falar de t\u00eanis!<\/strong><\/p>\n<p><strong>Ready? PLAY!<\/strong><\/p>\n<p><strong>Assuntos do Epis\u00f3dio<\/strong><br \/>\n00:01:02 &#8211; Fran\u00e7a campe\u00e3 da FedCup<br \/>\n00:16:20 &#8211; Mladenovic e Caro Garcia falam sobre o t\u00edtulo da FedCup<br \/>\n00:18:46 &#8211; Fim de semana perfeito para o casal Mladenovic\/Thiem (que ganhou de Federer no Finals)<br \/>\n00:27:05 &#8211; NextGen &#8211; Sinner campe\u00e3o em Mil\u00e3o<br \/>\n00:42:03 &#8211; Challenger de Montevideo, Brasileiros em a\u00e7\u00e3o.<br \/>\n00:45:03 &#8211; Interclubes de BeachTennis SP &#8211; Entrevista com Oswaldo Neto)<br \/>\n00:51:48 &#8211; Djokovic, Federer e Nadal &#8211; Quem para primeiro?<br \/>\n00:55:36 &#8211; Marcelo Melo e Lukasz Kubot vencem na estreia no #NittoATPFinals<\/p>\n<p><strong style=\"color: #990000;\">Links citados no pro<\/strong><strong style=\"color: #990000;\">g<\/strong><strong style=\"color: #990000;\">rama:<\/strong><br \/>\n&#8211; <a href=\"https:\/\/www.fedcup.com\/\">FedCup<\/a><br \/>\n&#8211; <a href=\"http:\/\/abpod.com.br\/podpesquisa-2019\/\">Link para a PodPesquisa 2019<\/a><br \/>\n&#8211; <a href=\"https:\/\/www.nittoatpfinals.com\/en\">Nitto<\/a> <a href=\"https:\/\/www.nittoatpfinals.com\/en\">ATP Finals &#8211; London<\/a><br \/>\n&#8211; <a href=\"http:\/\/www.tenisnews.com.br\/97269\/conheca-o-caminho-de-cada-tenista-que-disputara-o-atp-finals\">Perfil dos 8 classificados para o ATP Finals &#8211; Ariane Ferreira<\/a><br \/>\n&#8211; <a href=\"https:\/\/www.nextgenatpfinals.com\/\">NextGen ATP Finals &#8211; Mil\u00e3o<\/a><br \/>\n&#8211; <a href=\"https:\/\/tvefamosos.uol.com.br\/colunas\/flavio-ricco\/2019\/10\/10\/tenis-torneios-atps-e-roland-garros-vao-a-leilao.htm\">Coluna Flavio Ricco &#8211; Direitos de transmiss\u00e3o ATP e Roland-Garros em leil\u00e3o para 2021<\/a><\/p>\n<p><strong style=\"color: #990000;\">Para seguir e comentar nas redes sociais:<\/strong><\/p>\n<p>&#8211; <a href=\"https:\/\/www.facebook.com\/bhnaparalela\/\" target=\"_blank\" rel=\"noopener noreferrer\">Curta a p\u00e1gina do podcast <b>Backhand na Paralela\u00a0<\/b>no Facebook<\/a><br \/>\n&#8211; <a href=\"https:\/\/twitter.com\/bhnaparalela\" target=\"_blank\" rel=\"noopener noreferrer\">Siga o <strong>@bhnaparalela<\/strong>\u00a0no Twitter<\/a><br \/>\n&#8211; <a href=\"https:\/\/twitter.com\/jeffpaiva\" target=\"_blank\" rel=\"noopener noreferrer\">Siga o <strong>@jeffpaiva<\/strong> no Twitter<\/a><br \/>\n&#8211; <a href=\"https:\/\/twitter.com\/euarianef\" target=\"_blank\" rel=\"noopener noreferrer\">Siga a <strong>@euarianef<\/strong>\u00a0no Twitter<\/a><\/p>\n<p><strong style=\"color: #990000;\">Assine o FEED do Backhand na Paralela:<\/strong><br \/>\nPara ouvir o <strong>Backhand na Paralela<\/strong> no seu agregador de podcasts preferido, <a href=\"https:\/\/leolop.es\/bhnaparalela_feed\" target=\"_blank\" rel=\"noopener noreferrer\"><strong>clique aqui e assine o nosso FEED<\/strong><\/a>!<\/p>\n<p><strong style=\"color: #990000;\">Assine o FEED diretamente no Spotify:<br \/>\n<\/strong>Para receber o <strong>BHnP<\/strong> automaticamente no seu <strong style=\"color: #990000;\"><a href=\"http:\/\/bit.ly\/bhnpspotify\">Spotify, clique aqui<\/a><\/strong><\/p>\n<p><strong style=\"color: #990000;\">Assine e avalie nosso podcast no iTunes:<\/strong><br \/>\nSe voc\u00ea usa o<strong> iTunes<\/strong> no seu computador, tablet ou smartphone, <a href=\"https:\/\/itunes.apple.com\/br\/podcast\/backhand-na-paralela\/id1437801203?mt=2\" target=\"_blank\" rel=\"noopener noreferrer\"><strong>assine e avalie nosso podcast clicando aqui<\/strong><\/a>!<\/p>\n<p><span style=\"color: #990000;\"><strong>E-mails:<\/strong><\/span><br \/>\nMande seu feedback pra gente atrav\u00e9s do e-mail <a href=\"mailto:redacao@bhnaparalela.com.br\"><strong>redacao@bhnaparalela.com.br<\/strong><\/a>!<\/p>\n<p><span style=\"color: #990000;\"><strong>Publicidade:<\/strong><\/span><br \/>\n<a href=\"mailto:bhnaparalela@brunch.ag\"><strong>Entre em contato<\/strong><\/a> e saiba como <em>anunciar sua marca, produto ou servi\u00e7o no <strong>Backhand na Paralela<\/strong><\/em>.<\/p>\n","protected":false},"excerpt":{"rendered":"<p>Em uma hist\u00f3ria cl\u00e1ssica de supera\u00e7\u00e3o e esp\u00edrito de equipe, as francesas vencem a FedCup sobre a Austr\u00e1lia e a n\u00famero 1 do mundo! Ainda tem #NextGen Finals, o Interclubes de Beach Tennis e muito mais. <\/p>\n","protected":false},"author":9,"featured_media":18003,"comment_status":"closed","ping_status":"closed","sticky":false,"template":"","format":"standard","meta":{"footnotes":""},"categories":[1414,13],"tags":[1420,1697,1831,1921,1914,1923,1920,1928,1419,1922,1927,1565,1926,1925,1924,1541,1542],"class_list":["post-18001","post","type-post","status-publish","format-standard","has-post-thumbnail","hentry","category-bhnaparalela","category-podcast","tag-ariane-ferreira","tag-ash-barty","tag-beach-tennis","tag-carol-garcia","tag-djokovic","tag-fed-cup","tag-fftennis","tag-interclubesbt","tag-jeff-paiva","tag-kiki-mladenovic","tag-london2019","tag-marcelo-melo","tag-milano2019","tag-nextgenfinals","tag-nittoatpfinals","tag-rafael-nadal","tag-roger-federer"],"_links":{"self":[{"href":"https:\/\/radiofobia.com.br\/podcast\/wp-json\/wp\/v2\/posts\/18001","targetHints":{"allow":["GET"]}}],"collection":[{"href":"https:\/\/radiofobia.com.br\/podcast\/wp-json\/wp\/v2\/posts"}],"about":[{"href":"https:\/\/radiofobia.com.br\/podcast\/wp-json\/wp\/v2\/types\/post"}],"author":[{"embeddable":true,"href":"https:\/\/radiofobia.com.br\/podcast\/wp-json\/wp\/v2\/users\/9"}],"replies":[{"embeddable":true,"href":"https:\/\/radiofobia.com.br\/podcast\/wp-json\/wp\/v2\/comments?post=18001"}],"version-history":[{"count":3,"href":"https:\/\/radiofobia.com.br\/podcast\/wp-json\/wp\/v2\/posts\/18001\/revisions"}],"predecessor-version":[{"id":26945,"href":"https:\/\/radiofobia.com.br\/podcast\/wp-json\/wp\/v2\/posts\/18001\/revisions\/26945"}],"wp:featuredmedia":[{"embeddable":true,"href":"https:\/\/radiofobia.com.br\/podcast\/wp-json\/wp\/v2\/media\/18003"}],"wp:attachment":[{"href":"https:\/\/radiofobia.com.br\/podcast\/wp-json\/wp\/v2\/media?parent=18001"}],"wp:term":[{"taxonomy":"category","embeddable":true,"href":"https:\/\/radiofobia.com.br\/podcast\/wp-json\/wp\/v2\/categories?post=18001"},{"taxonomy":"post_tag","embeddable":true,"href":"https:\/\/radiofobia.com.br\/podcast\/wp-json\/wp\/v2\/tags?post=18001"}],"curies":[{"name":"wp","href":"https:\/\/api.w.org\/{rel}","templated":true}]}}