{"id":18033,"date":"2019-11-20T12:30:20","date_gmt":"2019-11-20T15:30:20","guid":{"rendered":"http:\/\/radiofobia.com.br\/podcast\/?p=18033"},"modified":"2022-05-01T18:17:45","modified_gmt":"2022-05-01T21:17:45","slug":"mim-falei-38-o-que-e-felicidade","status":"publish","type":"post","link":"https:\/\/radiofobia.com.br\/podcast\/2019\/11\/mim-falei-38-o-que-e-felicidade\/","title":{"rendered":"Mim Falei! #38 &#8211; O que \u00e9 Felicidade?"},"content":{"rendered":"<p><iframe src=\"https:\/\/omny.fm\/shows\/mim-falei\/mim-falei-38-o-que-felicidade\/embed\" allow=\"autoplay; clipboard-write\" width=\"100%\" height=\"180\" frameborder=\"0\" title=\"Mim Falei! #38 \u2013 O que \u00e9 Felicidade?\"><\/iframe><\/p>\n<p>O que \u00e9 Felicidade? Talvez uma pergunta sem resposta, mas no <strong>Mim Falei!<\/strong> tudo \u00e9 conversado, nem sempre resolvido&#8230;<\/p>\n<p><strong><a href=\"https:\/\/twitter.com\/rudylanducci\" target=\"_blank\" rel=\"noopener noreferrer\">Rudy Landucci<\/a><\/strong>, <a href=\"https:\/\/twitter.com\/ErlanDias7\" target=\"_blank\" rel=\"noopener noreferrer\"><strong>Erlan Dias<\/strong><\/a> e\u00a0<strong><a href=\"https:\/\/twitter.com\/MarquinhoDorna\/\" target=\"_blank\" rel=\"noopener noreferrer\">Marco Dorna<\/a> <\/strong>s\u00e3o felizes? Parece que sim, mas o que faz isso acontecer? Isso \u00e9 em todo o tempo? Descobrimos isso nesse epis\u00f3dio.<\/p>\n<p>Ou\u00e7a esse epis\u00f3dio, talvez ele te fa\u00e7a feliz.<\/p>\n<p>&nbsp;<\/p>\n","protected":false},"excerpt":{"rendered":"<p>O que \u00e9 Felicidade? Talvez uma pergunta sem resposta, mas no Mim Falei! tudo \u00e9 conversado, nem sempre resolvido&#8230; Rudy Landucci, Erlan Dias e\u00a0Marco Dorna s\u00e3o felizes? Parece que sim, mas o que faz isso acontecer? Isso \u00e9 em todo o tempo? Descobrimos isso nesse epis\u00f3dio. Ou\u00e7a esse epis\u00f3dio, talvez ele te fa\u00e7a feliz. &nbsp;<\/p>\n","protected":false},"author":11,"featured_media":18035,"comment_status":"open","ping_status":"closed","sticky":false,"template":"","format":"standard","meta":{"footnotes":""},"categories":[1592,13],"tags":[775,1595,1937,2,1878,14,1593],"class_list":["post-18033","post","type-post","status-publish","format-standard","has-post-thumbnail","hentry","category-mimfalei","category-podcast","tag-comedia","tag-erlan-dias","tag-felicidade","tag-humor","tag-marco-dorna","tag-podcast","tag-rudy-landucci"],"_links":{"self":[{"href":"https:\/\/radiofobia.com.br\/podcast\/wp-json\/wp\/v2\/posts\/18033","targetHints":{"allow":["GET"]}}],"collection":[{"href":"https:\/\/radiofobia.com.br\/podcast\/wp-json\/wp\/v2\/posts"}],"about":[{"href":"https:\/\/radiofobia.com.br\/podcast\/wp-json\/wp\/v2\/types\/post"}],"author":[{"embeddable":true,"href":"https:\/\/radiofobia.com.br\/podcast\/wp-json\/wp\/v2\/users\/11"}],"replies":[{"embeddable":true,"href":"https:\/\/radiofobia.com.br\/podcast\/wp-json\/wp\/v2\/comments?post=18033"}],"version-history":[{"count":2,"href":"https:\/\/radiofobia.com.br\/podcast\/wp-json\/wp\/v2\/posts\/18033\/revisions"}],"predecessor-version":[{"id":27048,"href":"https:\/\/radiofobia.com.br\/podcast\/wp-json\/wp\/v2\/posts\/18033\/revisions\/27048"}],"wp:featuredmedia":[{"embeddable":true,"href":"https:\/\/radiofobia.com.br\/podcast\/wp-json\/wp\/v2\/media\/18035"}],"wp:attachment":[{"href":"https:\/\/radiofobia.com.br\/podcast\/wp-json\/wp\/v2\/media?parent=18033"}],"wp:term":[{"taxonomy":"category","embeddable":true,"href":"https:\/\/radiofobia.com.br\/podcast\/wp-json\/wp\/v2\/categories?post=18033"},{"taxonomy":"post_tag","embeddable":true,"href":"https:\/\/radiofobia.com.br\/podcast\/wp-json\/wp\/v2\/tags?post=18033"}],"curies":[{"name":"wp","href":"https:\/\/api.w.org\/{rel}","templated":true}]}}