{"id":18335,"date":"2020-01-23T11:30:09","date_gmt":"2020-01-23T14:30:09","guid":{"rendered":"http:\/\/radiofobia.com.br\/podcast\/?p=18335"},"modified":"2022-05-01T18:24:22","modified_gmt":"2022-05-01T21:24:22","slug":"mim-falei-47-melhores-e-piores-viagens","status":"publish","type":"post","link":"https:\/\/radiofobia.com.br\/podcast\/2020\/01\/mim-falei-47-melhores-e-piores-viagens\/","title":{"rendered":"Mim Falei! #47 &#8211; Melhores e Piores Viagens"},"content":{"rendered":"<p><iframe src=\"https:\/\/omny.fm\/shows\/mim-falei\/mim-falei-47-melhores-e-piores-viagens\/embed\" allow=\"autoplay; clipboard-write\" width=\"100%\" height=\"180\" frameborder=\"0\" title=\"Mim Falei! #47 \u2013 Melhores e Piores Viagens\"><\/iframe><\/p>\n<p>Melhores e Piores Viagens<\/p>\n<p><strong><a href=\"https:\/\/twitter.com\/rudylanducci\" target=\"_blank\" rel=\"noopener noreferrer\">Rudy Landucci,<\/a><a href=\"https:\/\/twitter.com\/MarquinhoDorna\">\u00a0<\/a><a href=\"https:\/\/twitter.com\/ErlanDias7\" target=\"_blank\" rel=\"noopener noreferrer\">Erlan Dias<\/a><a href=\"https:\/\/twitter.com\/MarquinhoDorna\"> e\u00a0<\/a><a href=\"https:\/\/twitter.com\/MarquinhoDorna\">Marquinho Dorna<\/a> <\/strong>contam suas experi\u00eancias com viagens e aproveitam para saber da audi\u00eancia as hist\u00f3rias mais bizarras que j\u00e1 aconteceram.<\/p>\n<p>E claro, o muito viajado Agnaldo Tim\u00f3teo nos abrilhanta com sua Sinopse de Filmes Porn\u00f4s.<\/p>\n<p>&nbsp;<\/p>\n","protected":false},"excerpt":{"rendered":"<p>Rudy Landucci,\u00a0Erlan Dias e\u00a0Marquinho Dorna contam suas experi\u00eancias com viagens e aproveitam para saber da audi\u00eancia as hist\u00f3rias mais bizarras que j\u00e1 aconteceram.<\/p>\n","protected":false},"author":11,"featured_media":18337,"comment_status":"open","ping_status":"closed","sticky":false,"template":"","format":"standard","meta":{"footnotes":""},"categories":[1592,13],"tags":[775,1595,1878,14,1593,2010,2011],"class_list":["post-18335","post","type-post","status-publish","format-standard","has-post-thumbnail","hentry","category-mimfalei","category-podcast","tag-comedia","tag-erlan-dias","tag-marco-dorna","tag-podcast","tag-rudy-landucci","tag-viagem","tag-viajar"],"_links":{"self":[{"href":"https:\/\/radiofobia.com.br\/podcast\/wp-json\/wp\/v2\/posts\/18335","targetHints":{"allow":["GET"]}}],"collection":[{"href":"https:\/\/radiofobia.com.br\/podcast\/wp-json\/wp\/v2\/posts"}],"about":[{"href":"https:\/\/radiofobia.com.br\/podcast\/wp-json\/wp\/v2\/types\/post"}],"author":[{"embeddable":true,"href":"https:\/\/radiofobia.com.br\/podcast\/wp-json\/wp\/v2\/users\/11"}],"replies":[{"embeddable":true,"href":"https:\/\/radiofobia.com.br\/podcast\/wp-json\/wp\/v2\/comments?post=18335"}],"version-history":[{"count":4,"href":"https:\/\/radiofobia.com.br\/podcast\/wp-json\/wp\/v2\/posts\/18335\/revisions"}],"predecessor-version":[{"id":27059,"href":"https:\/\/radiofobia.com.br\/podcast\/wp-json\/wp\/v2\/posts\/18335\/revisions\/27059"}],"wp:featuredmedia":[{"embeddable":true,"href":"https:\/\/radiofobia.com.br\/podcast\/wp-json\/wp\/v2\/media\/18337"}],"wp:attachment":[{"href":"https:\/\/radiofobia.com.br\/podcast\/wp-json\/wp\/v2\/media?parent=18335"}],"wp:term":[{"taxonomy":"category","embeddable":true,"href":"https:\/\/radiofobia.com.br\/podcast\/wp-json\/wp\/v2\/categories?post=18335"},{"taxonomy":"post_tag","embeddable":true,"href":"https:\/\/radiofobia.com.br\/podcast\/wp-json\/wp\/v2\/tags?post=18335"}],"curies":[{"name":"wp","href":"https:\/\/api.w.org\/{rel}","templated":true}]}}