{"id":22652,"date":"2020-01-31T14:30:43","date_gmt":"2020-01-31T17:30:43","guid":{"rendered":"http:\/\/radiofobia.com.br\/podcast\/?p=22652"},"modified":"2022-05-01T18:25:46","modified_gmt":"2022-05-01T21:25:46","slug":"mim-falei-49-explicando-filmes-de-forma-tosca","status":"publish","type":"post","link":"https:\/\/radiofobia.com.br\/podcast\/2020\/01\/mim-falei-49-explicando-filmes-de-forma-tosca\/","title":{"rendered":"Mim Falei! #49 &#8211; Explicando Filmes de forma Tosca!"},"content":{"rendered":"<p><iframe src=\"https:\/\/omny.fm\/shows\/mim-falei\/mim-falei-49-explicando-filmes-de-forma-tosca\/embed\" allow=\"autoplay; clipboard-write\" width=\"100%\" height=\"180\" frameborder=\"0\" title=\"Mim Falei! #49 \u2013 Explicando Filmes de forma Tosca!\"><\/iframe><\/p>\n<p>Explicando Filmes de forma Tosca!<\/p>\n<p><a style=\"font-weight: bold;\" href=\"https:\/\/twitter.com\/rudylanducci\" target=\"_blank\" rel=\"noopener noreferrer\">Rudy Landucci, e<\/a><a style=\"font-weight: bold;\" href=\"https:\/\/twitter.com\/MarquinhoDorna\">\u00a0<\/a><a style=\"font-weight: bold;\" href=\"https:\/\/twitter.com\/ErlanDias7\" target=\"_blank\" rel=\"noopener noreferrer\">Erlan Dias<\/a> e o convidado Bruno Enrike explicam seus filmes favoritos de maneira tosca e leem os coment\u00e1rios da audi\u00eancia.<\/p>\n<p>J\u00e1 que o assunto \u00e9 filme, ningu\u00e9m melhor do que ele, Agnaldo Tim\u00f3teo com Sinopses de Filmes Porn\u00f4s.<\/p>\n","protected":false},"excerpt":{"rendered":"<p>Rudy Landucci, e\u00a0Erlan Dias e o convidado Bruno Enrike explicam seus filmes favoritos de maneira tosca e leem os coment\u00e1rios da audi\u00eancia.<\/p>\n","protected":false},"author":11,"featured_media":22682,"comment_status":"open","ping_status":"closed","sticky":false,"template":"","format":"standard","meta":{"footnotes":""},"categories":[1592,13],"tags":[775,1595,2024,2025,1878,14,1593],"class_list":["post-22652","post","type-post","status-publish","format-standard","has-post-thumbnail","hentry","category-mimfalei","category-podcast","tag-comedia","tag-erlan-dias","tag-filmes","tag-maneira-tosca","tag-marco-dorna","tag-podcast","tag-rudy-landucci"],"_links":{"self":[{"href":"https:\/\/radiofobia.com.br\/podcast\/wp-json\/wp\/v2\/posts\/22652","targetHints":{"allow":["GET"]}}],"collection":[{"href":"https:\/\/radiofobia.com.br\/podcast\/wp-json\/wp\/v2\/posts"}],"about":[{"href":"https:\/\/radiofobia.com.br\/podcast\/wp-json\/wp\/v2\/types\/post"}],"author":[{"embeddable":true,"href":"https:\/\/radiofobia.com.br\/podcast\/wp-json\/wp\/v2\/users\/11"}],"replies":[{"embeddable":true,"href":"https:\/\/radiofobia.com.br\/podcast\/wp-json\/wp\/v2\/comments?post=22652"}],"version-history":[{"count":3,"href":"https:\/\/radiofobia.com.br\/podcast\/wp-json\/wp\/v2\/posts\/22652\/revisions"}],"predecessor-version":[{"id":27061,"href":"https:\/\/radiofobia.com.br\/podcast\/wp-json\/wp\/v2\/posts\/22652\/revisions\/27061"}],"wp:featuredmedia":[{"embeddable":true,"href":"https:\/\/radiofobia.com.br\/podcast\/wp-json\/wp\/v2\/media\/22682"}],"wp:attachment":[{"href":"https:\/\/radiofobia.com.br\/podcast\/wp-json\/wp\/v2\/media?parent=22652"}],"wp:term":[{"taxonomy":"category","embeddable":true,"href":"https:\/\/radiofobia.com.br\/podcast\/wp-json\/wp\/v2\/categories?post=22652"},{"taxonomy":"post_tag","embeddable":true,"href":"https:\/\/radiofobia.com.br\/podcast\/wp-json\/wp\/v2\/tags?post=22652"}],"curies":[{"name":"wp","href":"https:\/\/api.w.org\/{rel}","templated":true}]}}