{"id":22802,"date":"2020-02-18T10:01:34","date_gmt":"2020-02-18T13:01:34","guid":{"rendered":"http:\/\/radiofobia.com.br\/podcast\/?p=22802"},"modified":"2022-05-01T22:40:15","modified_gmt":"2022-05-02T01:40:15","slug":"texto-sentido-008-amigos-por-nada","status":"publish","type":"post","link":"https:\/\/radiofobia.com.br\/podcast\/2020\/02\/texto-sentido-008-amigos-por-nada\/","title":{"rendered":"TEXTO SENTIDO 008 &#8211; Amigos por nada"},"content":{"rendered":"<p><iframe src=\"https:\/\/omny.fm\/shows\/texto-sentido\/texto-sentido-008-amigos-por-nada\/embed\" allow=\"autoplay; clipboard-write\" width=\"100%\" height=\"180\" frameborder=\"0\" title=\"TEXTO SENTIDO 008 \u2013 Amigos por nada\"><\/iframe><\/p>\n<p>Neste epis\u00f3dio, a amizade \u00e9 o destaque. Para isso <strong><a href=\"https:\/\/twitter.com\/antonioviviani\" target=\"_blank\" rel=\"noopener noreferrer\">Ant\u00f4nio Viviani<\/a><\/strong> reuniu grandes amigos para realiz\u00e1-lo. Come\u00e7ando pelo autor do texto <strong>&#8220;Amigos por nada&#8221;<\/strong>, <strong>William Oliveira<\/strong>, amigo de inf\u00e2ncia da querida Po\u00e7os de Caldas.<\/p>\n<p>Os outros amigos s\u00e3o citados pelo grande amigo <strong>C\u00e9lio Guimar\u00e3es<\/strong> (Idemur de Matos) na ficha t\u00e9cnica e para interpretar mais tr\u00eas amigos queridos: <strong>Edinho Moreno, Ronam Junqueira e Irineu Toledo<\/strong>.<\/p>\n<p>Pra voc\u00ea ouvir e sentir&#8230;<\/p>\n<p>Se voc\u00ea tem algo escrito de sua autoria ou de algu\u00e9m que concorde que seja publicado aqui, envie para o e-mail: <a href=\"mailto:podcasttextosentido@gmail.com\" target=\"_blank\" rel=\"noopener noreferrer\"><strong>podcasttextosentido@gmail.com<\/strong><\/a>.<\/p>\n<p>&nbsp;<\/p>\n<p><em><span style=\"text-decoration: underline;\"><strong>Amigos por nada<\/strong><\/span><\/em><\/p>\n<p><em><strong>Sou como milh\u00f5es: conhe\u00e7o centenas de pessoas, converso habitualmente com dezenas delas e tenho poucos muito amigos. Sim, porque amizade n\u00e3o \u00e9 uma quest\u00e3o quantitativa, nem pode ser. Ningu\u00e9m tem centena de amigos. A maioria conta seus amigos pelos dedos das m\u00e3os. S\u00f3 Roberto Carlos \u00e9 que, em uma antiga can\u00e7\u00e3o, afirmava querer ter um milh\u00e3o de amigos&#8230; que comprassem seus discos e acabou conseguindo. Amigo de verdade n\u00e3o tem a ver com querer. Se algu\u00e9m disser \u201cquero ser seu amigo\u201d, pronto, acabou a amizade, at\u00e9 porque cheira falsidade.<\/strong><\/em><\/p>\n<p><em><strong>Amizade n\u00e3o \u00e9 algo que se escolhe, n\u00e3o tem a ver com desejo, n\u00e3o exige esfor\u00e7o, nem experi\u00eancia. N\u00e3o exige curr\u00edculo, carta de apresenta\u00e7\u00e3o, nem bons antecedentes. Os amigos que tenho foram frutos de encontros fortuitos e que, sabe-se l\u00e1 porque, continuaram fazendo parte da minha exist\u00eancia ao longo do tempo. Tornamo-nos amigos realmente sem querer. N\u00e3o conhe\u00e7o ningu\u00e9m que possua uma \u201ccaderneta de amigos\u201d e, por favor, n\u00e3o me venham com esta hist\u00f3ria de amigos virtuais. N\u00e3o desqualifiquem a palavra. Amigo \u00e9 quem compartilhou com a gente, em corpo presente, alegrias e tristezas. Aquele que sabe da nossa hist\u00f3ria, que conhece o espelho de nossa alma e frequenta nosso cora\u00e7\u00e3o. Derramou l\u00e1grimas ao nosso lado sem dizer uma \u00fanica palavra e gargalhou junto por uma piada infame at\u00e9 ficar com dor no pesco\u00e7o. Amigo mesmo at\u00e9 se esquece da data do nosso anivers\u00e1rio, mas lembra sempre de torcer diariamente para que a gente seja feliz. N\u00e3o precisa estar geograficamente pr\u00f3ximo, pois amigo de verdade reside permanentemente no quarto das nossas lembran\u00e7as, no s\u00f3t\u00e3o das nossas mem\u00f3rias. N\u00e3o precisa telefonar para gente a todo instante, pois sabe que a liga\u00e7\u00e3o \u00e9 permanente.<\/strong><\/em><\/p>\n<p><em><strong>Amigos nunca v\u00e3o embora, pois a proximidade n\u00e3o \u00e9 f\u00edsica, nem temporal. Amizade lembra algo gen\u00e9tico, sem ser familiar. Parece muito com transfus\u00e3o, mas n\u00e3o tem nada a ver com la\u00e7os sangu\u00edneos. Os amigos que tenho s\u00e3o pessoas fant\u00e1sticas e, por isto mesmo, possuem muitos defeitos. Um deles \u00e9 o mesmo meu: na maioria das vezes eles n\u00e3o dizem para mim os defeitos que tenho. N\u00e3o \u00e9 falta de sinceridade. Amigo n\u00e3o precisa ser sempre sincero, nem ser sempre mentiroso. N\u00e3o precisa declarar que gosta da gente. N\u00e3o necessita testemunhar, nem provar sua amizade. A amizade n\u00e3o precisa de justificativas. Ela existe por nada e apesar de tudo.<\/strong><\/em><\/p>\n<p><em><strong>William Oliveira<\/strong><\/em><\/p>\n","protected":false},"excerpt":{"rendered":"<p>No epis\u00f3dio de hoje Ant\u00f4nio Viviani reuniu grandes amigos interpretar o texto &#8220;Amigos por nada&#8221;, de autoria do seu conterr\u00e2neo William Oliveira.<\/p>\n","protected":false},"author":2,"featured_media":22804,"comment_status":"open","ping_status":"closed","sticky":false,"template":"","format":"standard","meta":{"footnotes":""},"categories":[13,1971],"tags":[675,607,14,1974,1975,1972,116],"class_list":["post-22802","post","type-post","status-publish","format-standard","has-post-thumbnail","hentry","category-podcast","category-texto_sentido","tag-antonio-viviani","tag-locucao","tag-podcast","tag-poema","tag-poesia","tag-texto-sentido","tag-textos"],"_links":{"self":[{"href":"https:\/\/radiofobia.com.br\/podcast\/wp-json\/wp\/v2\/posts\/22802","targetHints":{"allow":["GET"]}}],"collection":[{"href":"https:\/\/radiofobia.com.br\/podcast\/wp-json\/wp\/v2\/posts"}],"about":[{"href":"https:\/\/radiofobia.com.br\/podcast\/wp-json\/wp\/v2\/types\/post"}],"author":[{"embeddable":true,"href":"https:\/\/radiofobia.com.br\/podcast\/wp-json\/wp\/v2\/users\/2"}],"replies":[{"embeddable":true,"href":"https:\/\/radiofobia.com.br\/podcast\/wp-json\/wp\/v2\/comments?post=22802"}],"version-history":[{"count":5,"href":"https:\/\/radiofobia.com.br\/podcast\/wp-json\/wp\/v2\/posts\/22802\/revisions"}],"predecessor-version":[{"id":27223,"href":"https:\/\/radiofobia.com.br\/podcast\/wp-json\/wp\/v2\/posts\/22802\/revisions\/27223"}],"wp:featuredmedia":[{"embeddable":true,"href":"https:\/\/radiofobia.com.br\/podcast\/wp-json\/wp\/v2\/media\/22804"}],"wp:attachment":[{"href":"https:\/\/radiofobia.com.br\/podcast\/wp-json\/wp\/v2\/media?parent=22802"}],"wp:term":[{"taxonomy":"category","embeddable":true,"href":"https:\/\/radiofobia.com.br\/podcast\/wp-json\/wp\/v2\/categories?post=22802"},{"taxonomy":"post_tag","embeddable":true,"href":"https:\/\/radiofobia.com.br\/podcast\/wp-json\/wp\/v2\/tags?post=22802"}],"curies":[{"name":"wp","href":"https:\/\/api.w.org\/{rel}","templated":true}]}}