{"id":22837,"date":"2020-02-24T22:03:59","date_gmt":"2020-02-25T01:03:59","guid":{"rendered":"http:\/\/radiofobia.com.br\/podcast\/?p=22837"},"modified":"2022-04-27T16:51:22","modified_gmt":"2022-04-27T19:51:22","slug":"backhand-na-paralela-037-da-chuva-a-gloria-no-rio-open","status":"publish","type":"post","link":"https:\/\/radiofobia.com.br\/podcast\/2020\/02\/backhand-na-paralela-037-da-chuva-a-gloria-no-rio-open\/","title":{"rendered":"Backhand na Paralela &#8211; 037 &#8211; Da chuva \u00e0 gl\u00f3ria no Rio Open!"},"content":{"rendered":"<p><iframe src=\"https:\/\/omny.fm\/shows\/backhand-na-paralela\/backhand-na-paralela-037-chuva-e-gl-ria-no-rio-ope\/embed\" allow=\"autoplay; clipboard-write\" width=\"100%\" height=\"180\" frameborder=\"0\" title=\"Backhand na Paralela 037 - Chuva e Gl\u00f3ria no Rio Open\"><\/iframe><\/p>\n<p><strong><em>Salve galera da bolinha amarela! Skind\u00f4 skind\u00f4! Chegou o bloco da bolinha amarela no Carnaval<\/em><\/strong><\/p>\n<p>Estamos em pleno reinado de Momo e as festas, bloquinhos e trios el\u00e9tricos tomam o Brasil. Mas as quadras e a bolinha amarela n\u00e3o param e nem a gente. A semana teve t\u00edtulos de Tsitsipas, Opelka, a epop\u00e9ia contra a chuva no Rio, o 20\u00ba t\u00edtulo de Halep &#8211; conquistado em Dubai e muito mais. <strong><a href=\"http:\/\/twitter.com\/euarianef\">Ariane Ferreira<\/a><\/strong>\u00a0e <a href=\"http:\/\/twitter.com\/jeffpaiva\"><strong>Jeff Paiva<\/strong><\/a> esquentam os tamborins e mergulham nos resultados da semana.<\/p>\n<p>Voc\u00ea pode contribuir com o podcast e receber recompensas e conte\u00fados exclusivos! Acesse nosso PicPay Assinaturas e seja um apoiador! <a href=\"http:\/\/picpay.me\/bhnaparalela\">picpay.me\/bhnaparalela<\/a><\/p>\n<p>E compre<\/p>\n<p><strong>Bora falar de t\u00eanis!<\/strong><\/p>\n<p><strong>Assuntos do epis\u00f3dio:<\/strong><\/p>\n<p>(00:01:32) Rio Open &#8211; ATP 500 do Rio sofreu com chuvas, mas teve bons jogos<br \/>\n(00:19:05) Comportamento da torcida no #RioOpen<br \/>\n(00:25:55) Brasileiro Sub-18 &#8211; @CBTenis<br \/>\n(00:30:23) Brasileiros conquistando t\u00edtulos pelo mundo<br \/>\n(00:33:14) Ranking ATP e Campe\u00f5es em Delray Beach e Marseille<br \/>\n(00:45:58) A volta de Kim Cljisters<br \/>\n(00:51:20) Austr\u00e1lia convoca for\u00e7a m\u00e1xima contra o Brasil na Davis<br \/>\n(00:57:45) Reviews e o que vem por a\u00ed no #podcast<br \/>\n(00:59:53) Federer e Kevin Anderson param por cirurgia<\/p>\n<p><strong style=\"color: #990000;\">Links citados no epis\u00f3dio:<\/strong><\/p>\n<p>&#8211; <a href=\"http:\/\/rioopen.com.br\">Site Oficial Rio Open<\/a><br \/>\n&#8211; <a href=\"https:\/\/t.co\/xYOwbzbnkW\">Mat\u00e9ria sobre convite para Carlos Alcaraz &#8211; Ariane Ferreira<\/a><br \/>\n&#8211; <a href=\"https:\/\/amzn.to\/2w51SRD\">Nova Bola Wilson Triniti (link para compra na Amazon Brasil)<\/a><\/p>\n<p><strong style=\"color: #990000;\">Para seguir e comentar nas redes sociais:<\/strong><\/p>\n<p>&#8211; <a href=\"https:\/\/www.facebook.com\/bhnaparalela\/\" target=\"_blank\" rel=\"noopener noreferrer\">Curta a p\u00e1gina do podcast <b>Backhand na Paralela\u00a0<\/b>no Facebook<\/a><br \/>\n&#8211; <a href=\"https:\/\/twitter.com\/bhnaparalela\" target=\"_blank\" rel=\"noopener noreferrer\">Siga o <strong>@bhnaparalela<\/strong>\u00a0no Twitter<\/a><br \/>\n&#8211; <a href=\"https:\/\/twitter.com\/jeffpaiva\" target=\"_blank\" rel=\"noopener noreferrer\">Siga o <strong>@jeffpaiva<\/strong> no Twitter<\/a><br \/>\n&#8211; <a href=\"https:\/\/twitter.com\/euarianef\" target=\"_blank\" rel=\"noopener noreferrer\">Siga a <strong>@euarianef<\/strong>\u00a0no Twitter<\/a><\/p>\n<p><strong style=\"color: #990000;\">Assine o FEED do Backhand na Paralela:<\/strong><br \/>\nPara ouvir o <strong>Backhand na Paralela<\/strong> no seu agregador de podcasts preferido, <a href=\"https:\/\/leolop.es\/bhnaparalela_feed\" target=\"_blank\" rel=\"noopener noreferrer\"><strong>clique aqui e assine o nosso FEED<\/strong><\/a>!<\/p>\n<p><strong style=\"color: #990000;\">Assine o FEED diretamente no Spotify:<br \/>\n<\/strong>Para receber o <strong>BHnP<\/strong> automaticamente no seu <strong style=\"color: #990000;\"><a href=\"http:\/\/bit.ly\/bhnpspotify\">Spotify, clique aqui<\/a><\/strong><\/p>\n<p><strong style=\"color: #990000;\">Assine e avalie nosso podcast no iTunes:<\/strong><br \/>\nSe voc\u00ea usa o<strong> iTunes<\/strong> no seu computador, tablet ou smartphone, <a href=\"https:\/\/itunes.apple.com\/br\/podcast\/backhand-na-paralela\/id1437801203?mt=2\" target=\"_blank\" rel=\"noopener noreferrer\"><strong>assine e avalie nosso podcast clicando aqui<\/strong><\/a>!<\/p>\n<p><span style=\"color: #990000;\"><strong>E-mails:<\/strong><\/span><br \/>\nMande seu feedback pra gente atrav\u00e9s do e-mail <a href=\"mailto:redacao@bhnaparalela.com.br\"><strong>redacao@bhnaparalela.com.br<\/strong><\/a>!<\/p>\n<p><span style=\"color: #990000;\"><strong>Publicidade:<\/strong><\/span><br \/>\n<a href=\"mailto:bhnaparalela@brunch.ag\"><strong>Entre em contato<\/strong><\/a> e saiba como <em>anunciar sua marca, produto ou servi\u00e7o no <strong>Backhand na Paralela<\/strong><\/em>.<\/p>\n","protected":false},"excerpt":{"rendered":"<p>Semana de Rio Open, Brasileiro sub-18 e Carnaval com bolinha amarela.<br \/>\n(00:01:32) Rio Open &#8211; ATP 500 do Rio sofreu com chuvas, mas teve bons jogos<br \/>\n(00:19:05) Comportamento da torcida no #RioOpen<br \/>\n(00:25:55) Brasileiro Sub-18 &#8211; @CBTenis<br \/>\n(00:30:23) Brasileiros conquistando t\u00edtulos pelo mundo<br \/>\n(00:33:14) Ranking ATP e Campe\u00f5es em Delray Beach e Marseille<br \/>\n(00:45:58) A volta de Kim Cljisters<br \/>\n(00:51:20) Austr\u00e1lia convoca for\u00e7a m\u00e1xima contra o Brasil na Davis<br \/>\n(00:57:45) Reviews e o que vem por a\u00ed no #podcast<br \/>\n(00:59:53) Federer e Kevin Anderson param por cirurgia<\/p>\n","protected":false},"author":9,"featured_media":22839,"comment_status":"closed","ping_status":"closed","sticky":false,"template":"","format":"standard","meta":{"footnotes":""},"categories":[1414,13],"tags":[2057,1420,1913,467,2048,1443,1509,2058,1419,2056,2059,304,1571,2060,2055],"class_list":["post-22837","post","type-post","status-publish","format-standard","has-post-thumbnail","hentry","category-bhnaparalela","category-podcast","tag-acapulco","tag-ariane-ferreira","tag-australia","tag-brasil","tag-cbtenis","tag-christian-garin","tag-copa-davis","tag-delray-beach","tag-jeff-paiva","tag-kim-cljisters","tag-marselha","tag-review","tag-rio-open","tag-tsitsipas","tag-wilson-triniti"],"_links":{"self":[{"href":"https:\/\/radiofobia.com.br\/podcast\/wp-json\/wp\/v2\/posts\/22837","targetHints":{"allow":["GET"]}}],"collection":[{"href":"https:\/\/radiofobia.com.br\/podcast\/wp-json\/wp\/v2\/posts"}],"about":[{"href":"https:\/\/radiofobia.com.br\/podcast\/wp-json\/wp\/v2\/types\/post"}],"author":[{"embeddable":true,"href":"https:\/\/radiofobia.com.br\/podcast\/wp-json\/wp\/v2\/users\/9"}],"replies":[{"embeddable":true,"href":"https:\/\/radiofobia.com.br\/podcast\/wp-json\/wp\/v2\/comments?post=22837"}],"version-history":[{"count":4,"href":"https:\/\/radiofobia.com.br\/podcast\/wp-json\/wp\/v2\/posts\/22837\/revisions"}],"predecessor-version":[{"id":26961,"href":"https:\/\/radiofobia.com.br\/podcast\/wp-json\/wp\/v2\/posts\/22837\/revisions\/26961"}],"wp:featuredmedia":[{"embeddable":true,"href":"https:\/\/radiofobia.com.br\/podcast\/wp-json\/wp\/v2\/media\/22839"}],"wp:attachment":[{"href":"https:\/\/radiofobia.com.br\/podcast\/wp-json\/wp\/v2\/media?parent=22837"}],"wp:term":[{"taxonomy":"category","embeddable":true,"href":"https:\/\/radiofobia.com.br\/podcast\/wp-json\/wp\/v2\/categories?post=22837"},{"taxonomy":"post_tag","embeddable":true,"href":"https:\/\/radiofobia.com.br\/podcast\/wp-json\/wp\/v2\/tags?post=22837"}],"curies":[{"name":"wp","href":"https:\/\/api.w.org\/{rel}","templated":true}]}}