{"id":22895,"date":"2020-03-09T18:58:22","date_gmt":"2020-03-09T21:58:22","guid":{"rendered":"http:\/\/radiofobia.com.br\/podcast\/?p=22895"},"modified":"2022-03-15T11:39:49","modified_gmt":"2022-03-15T14:39:49","slug":"radiofobia-277-especial-de-11-anos-com-marcos-aguena-o-japa","status":"publish","type":"post","link":"https:\/\/radiofobia.com.br\/podcast\/2020\/03\/radiofobia-277-especial-de-11-anos-com-marcos-aguena-o-japa\/","title":{"rendered":"RADIOFOBIA 277 &#8211; ESPECIAL DE 11 ANOS com Marcos Aguena, o Japa"},"content":{"rendered":"<p><iframe title=\"RADIOFOBIA 277 \u2013 ESPECIAL DE 11 ANOS com Marcos Aguena, o Japa\" src=\"https:\/\/omny.fm\/shows\/radiofobia-podcast\/radiofobia-277-especial-de-11-anos-com-marcos-ague\/embed\" width=\"100%\" height=\"180\" frameborder=\"0\"><\/iframe><\/p>\n<p><em><strong>Sauda\u00e7\u00f5es de anivers\u00e1rio, ouvinte desocupado<\/strong><\/em><em><strong>!<\/strong><\/em><\/p>\n<p><span style=\"line-height: 1.5em;\">No epis\u00f3dio de hoje <strong><a href=\"https:\/\/twitter.com\/leoradiofobia\" target=\"_blank\" rel=\"noopener noreferrer\">Leo Lopes<\/a><\/strong>, <a href=\"https:\/\/twitter.com\/johnveejones\" target=\"_blank\" rel=\"noopener noreferrer\"><strong>Vitor Rossi<\/strong><\/a>, <a href=\"https:\/\/twitter.com\/velhoechato\" target=\"_blank\" rel=\"noopener noreferrer\"><strong>Thiago Fujiwara<\/strong><\/a>, <a href=\"https:\/\/twitter.com\/JeftherBarbosa\" target=\"_blank\" rel=\"noopener noreferrer\"><strong>Jef Barbosa<\/strong><\/a> e <a href=\"https:\/\/twitter.com\/jessicabertol\" target=\"_blank\" rel=\"noopener noreferrer\"><strong>J\u00e9ssica Dalcin<\/strong><\/a> colocam o chapeuzinho, sopram as velinhas e cortam o bolo para celebrar os <strong>11 ANOS DO RADIOFOBIA<\/strong> batendo um papo com <strong>o Padim do nosso podcast<\/strong>, que foi a <em>cobai<\/em>&#8230;, digo, <strong>O CONVIDADO do epis\u00f3dio n\u00famero 01<\/strong> em mar\u00e7o de 2009 e agora volta pra contar tudo o que mudou de l\u00e1 pra c\u00e1: o radialista, humorista, apresentador, produtor, imitador e torneiro mec\u00e2nico <a href=\"https:\/\/www.instagram.com\/marcosaguena\/\"><strong>Marcos Aguena, o Japa<\/strong><\/a>!<\/span><\/p>\n<p>Entre tantas hist\u00f3rias, voc\u00ea vai saber por que o Japa \u00e9 um dos grandes <strong>culpados dessa mix\u00f3rdia podcastal ter sido criada<\/strong>; conhecer a origem da <strong>rela\u00e7\u00e3o do Japa com o humor, r\u00e1dio e stand-up<\/strong>; conhecer alguns <strong>projetos que ele participou que voc\u00ea nem fazia ideia<\/strong> e saber como est\u00e1 o retorno ao r\u00e1dio no <a href=\"https:\/\/www.97fm.com.br\/programas\/programa.php?p=20\" target=\"_blank\" rel=\"noopener noreferrer\"><strong>Morde e Assopra, diariamente na Energia 97<\/strong><\/a>!<\/p>\n<p>N\u00e3o deixe de <strong>interagir com a gente nas redes sociais<\/strong>, <strong>dar seu feedback sobre o papo e sugerir temas e convidados<\/strong>\u00a0para as pr\u00f3ximas edi\u00e7\u00f5es do nosso podcast, al\u00e9m de\u00a0<strong>deixar seu coment\u00e1rio no post,<\/strong> ok? Voc\u00ea tamb\u00e9m pode agora mandar sua cartinha para a <strong>Caixa Postal 279 &#8211; CEP 13930-970 &#8211; Serra Negra &#8211; SP<\/strong>, e seu e-mail para <strong><a title=\"[GMCP] Compose a new mail to podcast@radiofobia.com.br\" href=\"mailto:podcast@radiofobia.com.br\" target=\"blank\" rel=\"noopener noreferrer\">podcast@radiofobia.com.br<\/a><\/strong>!<\/p>\n<p><strong><span style=\"color: #990000;\">Links citados nas Cartinhas do Tot\u00f4:<\/span><\/strong><br \/>\n&#8211; <a href=\"https:\/\/t.me\/radiofobianetwork\" target=\"_blank\" rel=\"noopener noreferrer\">participe do <strong>grupo de produtores, apresentadores e ouvintes dos podcasts da R\u00e1diofobia Podcast Network no Telegram<\/strong><\/a><br \/>\n&#8211; <a href=\"https:\/\/www.twitch.tv\/radiofobialive\" target=\"_blank\" rel=\"noopener noreferrer\">assine o canal da <strong>R\u00e1diofobia Podcast Network no Twitch<\/strong> e assista \u00e0s grava\u00e7\u00f5es AO VIVO!<\/a><br \/>\n&#8211; <strong><a href=\"http:\/\/leolop.es\/rfpn_itunes\" target=\"_blank\" rel=\"noopener noreferrer\">R\u00e1diofobia Podcast Network no iTunes<\/a><\/strong><br \/>\n&#8211; <strong><a href=\"https:\/\/open.spotify.com\/show\/4MDAxOhUxwCCfIbevseMOU?si=PhrKhgZ_RDuf3KGHZIvkmQ\" target=\"_blank\" rel=\"noopener noreferrer\">R\u00e1diofobia Podcast Network no Spotify<\/a><\/strong><br \/>\n&#8211; <a href=\"https:\/\/twitter.com\/radiofobialhes\" target=\"_blank\" rel=\"noopener noreferrer\">Siga <strong>@radiofobialhes<\/strong> no tuV\u00edtter<\/a><br \/>\n&#8211; <a href=\"https:\/\/www.facebook.com\/radiofobiapodcast\" target=\"_blank\" rel=\"noopener noreferrer\">Curta a p\u00e1gina do <strong>Radiofobia Podcast<\/strong>\u00a0no Facebook<\/a><br \/>\n&#8211; <a href=\"https:\/\/open.spotify.com\/show\/0ShgXN72EkhhdBDqY0H5op?si=cGKN7qhpR5aRU46vt6-9JQ\" target=\"_blank\" rel=\"noopener noreferrer\">Ou\u00e7a o <strong>R\u00e1diofobia Podcast<\/strong> no Spotify<\/a><\/p>\n<p><strong><span style=\"color: #990000;\">Links citados no programa:<\/span><\/strong><br \/>\n&#8211; <a href=\"http:\/\/vidane.com.br\/\" target=\"_blank\" rel=\"noopener noreferrer\">Conhe\u00e7a a hist\u00f3ria do Pr\u00edncipe Vidane<\/a><br \/>\n&#8211; <a href=\"https:\/\/radiofobia.com.br\/podcast\/2011\/04\/radiofobia-54-a-selecao-dos-novos-integrantes\/\" target=\"_blank\" rel=\"noopener noreferrer\">RADIOFOBIA 54 &#8211; A sele\u00e7\u00e3o dos novos integrantes (o primeiro programa do Vidane)<\/a><br \/>\n&#8211; <a href=\"http:\/\/www.portalcafebrasil.com.br\/lidercast\/lidercast-078-leo-lopes\/\" target=\"_blank\" rel=\"noopener noreferrer\">L\u00edderCast 78 &#8211; Leo Lopes<\/a><br \/>\n&#8211; <a href=\"https:\/\/eutava.la\/eu-tava-la-25-os-felomenais-links-da-vida-com-leoradiofobia\/\" target=\"_blank\" rel=\"noopener noreferrer\">Eu Tava L\u00e1 #25 &#8211; Os FeLomenais Links da Vida, com Leo Lopes<\/a><br \/>\n&#8211; <a href=\"https:\/\/www.instagram.com\/p\/B9hWSobBLWY\/\" target=\"_blank\" rel=\"noopener noreferrer\">foto do show de anivers\u00e1rio do Japa em outubro de 2007<\/a><br \/>\n&#8211; <a href=\"https:\/\/www.youtube.com\/watch?v=FZ-WbAMEYDU\" target=\"_blank\" rel=\"noopener noreferrer\">v\u00eddeo do Japa no J\u00f4, Faust\u00e3o e Hebe<\/a><br \/>\n&#8211; <a href=\"https:\/\/www.instagram.com\/marcosaguena\/\" target=\"_blank\" rel=\"noopener noreferrer\">siga o Japa no Instagram<\/a><br \/>\n&#8211; <a href=\"https:\/\/www.facebook.com\/portaldojapa\" target=\"_blank\" rel=\"noopener noreferrer\">siga o Japa no Facebook<\/a><\/p>\n<p><span style=\"color: #990000;\"><strong>Ou\u00e7a o R\u00e1diofobia Podcast nos principais agregadores:<\/strong><\/span><br \/>\n&#8211; <strong><a href=\"https:\/\/leolop.es\/rfobia_spotify\" target=\"_blank\" rel=\"noopener noreferrer\">Spotify<\/a><\/strong><br \/>\n&#8211; <strong><a href=\"https:\/\/leolop.es\/rfobia_googlepod\" target=\"_blank\" rel=\"noopener noreferrer\">Google Podcasts<\/a><\/strong><br \/>\n&#8211; <strong><a href=\"https:\/\/http:\/\/leolop.es\/rfitunes\" target=\"_blank\" rel=\"noopener noreferrer\">Apple Podcasts<\/a><\/strong><br \/>\n&#8211; <strong><a href=\"http:\/\/leolop.es\/rfobia_amazon\" target=\"_blank\" rel=\"noopener\">Amazon Music<\/a><\/strong><br \/>\n&#8211; <strong><a href=\"https:\/\/pca.st\/V12f\" target=\"_blank\" rel=\"noopener noreferrer\">PocketCasts<\/a><\/strong><\/p>\n<p><span style=\"color: #990000;\"><strong>Publicidade:<\/strong><\/span><br \/>\n<a href=\"http:\/\/leolop.es\/rfcontato\" target=\"_blank\" rel=\"noopener noreferrer\"><strong>Entre em contato<\/strong><\/a> e saiba como <em>anunciar sua marca, produto ou servi\u00e7o em nossos podcasts<\/em>.<\/p>\n","protected":false},"excerpt":{"rendered":"<p>No epis\u00f3dio ESPECIAL DE 11 ANOS recebemos Marcos Aguena, o Japa, pra falar tudo o que aconteceu desde que foi o convidado do primeiro R\u00c1DIOFOBIA em 2009!<\/p>\n","protected":false},"author":2,"featured_media":22897,"comment_status":"open","ping_status":"closed","sticky":false,"template":"","format":"standard","meta":{"footnotes":""},"categories":[26,13,32,35],"tags":[2075,17,1090,1668,11,766,2074,14,15,102,592,217],"class_list":["post-22895","post","type-post","status-publish","format-standard","has-post-thumbnail","hentry","category-humoristas","category-podcast","category-profissionais-do-radio","category-radiofobia","tag-energia-97","tag-japa","tag-jef-barbosa","tag-jessica-dalcin","tag-leo-lopes","tag-marcos-aguena","tag-morde-e-assopra","tag-podcast","tag-radiofobia","tag-stand-up","tag-thiago-fujiwara","tag-vitor-rossi"],"_links":{"self":[{"href":"https:\/\/radiofobia.com.br\/podcast\/wp-json\/wp\/v2\/posts\/22895","targetHints":{"allow":["GET"]}}],"collection":[{"href":"https:\/\/radiofobia.com.br\/podcast\/wp-json\/wp\/v2\/posts"}],"about":[{"href":"https:\/\/radiofobia.com.br\/podcast\/wp-json\/wp\/v2\/types\/post"}],"author":[{"embeddable":true,"href":"https:\/\/radiofobia.com.br\/podcast\/wp-json\/wp\/v2\/users\/2"}],"replies":[{"embeddable":true,"href":"https:\/\/radiofobia.com.br\/podcast\/wp-json\/wp\/v2\/comments?post=22895"}],"version-history":[{"count":15,"href":"https:\/\/radiofobia.com.br\/podcast\/wp-json\/wp\/v2\/posts\/22895\/revisions"}],"predecessor-version":[{"id":26293,"href":"https:\/\/radiofobia.com.br\/podcast\/wp-json\/wp\/v2\/posts\/22895\/revisions\/26293"}],"wp:featuredmedia":[{"embeddable":true,"href":"https:\/\/radiofobia.com.br\/podcast\/wp-json\/wp\/v2\/media\/22897"}],"wp:attachment":[{"href":"https:\/\/radiofobia.com.br\/podcast\/wp-json\/wp\/v2\/media?parent=22895"}],"wp:term":[{"taxonomy":"category","embeddable":true,"href":"https:\/\/radiofobia.com.br\/podcast\/wp-json\/wp\/v2\/categories?post=22895"},{"taxonomy":"post_tag","embeddable":true,"href":"https:\/\/radiofobia.com.br\/podcast\/wp-json\/wp\/v2\/tags?post=22895"}],"curies":[{"name":"wp","href":"https:\/\/api.w.org\/{rel}","templated":true}]}}