{"id":22938,"date":"2020-03-17T10:45:07","date_gmt":"2020-03-17T13:45:07","guid":{"rendered":"http:\/\/radiofobia.com.br\/podcast\/?p=22938"},"modified":"2022-05-01T22:38:47","modified_gmt":"2022-05-02T01:38:47","slug":"texto-sentido-010-cancao-pra-menina-que-eu-amo","status":"publish","type":"post","link":"https:\/\/radiofobia.com.br\/podcast\/2020\/03\/texto-sentido-010-cancao-pra-menina-que-eu-amo\/","title":{"rendered":"TEXTO SENTIDO 010 &#8211; Can\u00e7\u00e3o pra menina que eu amo"},"content":{"rendered":"<p><iframe src=\"https:\/\/omny.fm\/shows\/texto-sentido\/texto-sentido-010-can-o-pra-menina-que-eu-amo\/embed\" allow=\"autoplay; clipboard-write\" width=\"100%\" height=\"180\" frameborder=\"0\" title=\"TEXTO SENTIDO 010 \u2013 Can\u00e7\u00e3o pra menina que eu amo\"><\/iframe><\/p>\n<p>Parte integrante do livro <strong>&#8220;Cr\u00f4nicas da Garoa&#8221;<\/strong> o epis\u00f3dio de hoje traz o texto <strong>&#8220;Can\u00e7\u00e3o pra menina que eu amo&#8221;<\/strong>.<\/p>\n<p>De uma grande delicadeza em suas palavras, o escritor e excelente pianista <strong>Marcos Romera<\/strong> nos presenteia com esta sua obra.<\/p>\n<p>Vamos ouvir? Vamos&#8230; sentir?<\/p>\n<p>Se voc\u00ea tem algo escrito de sua autoria ou de algu\u00e9m que concorde que seja publicado aqui, envie para o e-mail: <a href=\"mailto:podcasttextosentido@gmail.com\" target=\"_blank\" rel=\"noopener noreferrer\"><strong>podcasttextosentido@gmail.com<\/strong><\/a>.<\/p>\n<p>&nbsp;<\/p>\n<p><em><span style=\"text-decoration: underline;\"><strong>Can\u00e7\u00e3o pra menina que eu amo<\/strong><\/span><\/em><\/p>\n<p><strong><em>Esse teu riso<\/em><\/strong><br \/>\n<strong><em>Esse teu rio de Deus iluminado<\/em><\/strong><br \/>\n<strong><em>\u00c9 meu som, meu sonho bom de cada dia<\/em><\/strong><br \/>\n<strong><em>E a cada dia<\/em><\/strong><br \/>\n<strong><em>de abra\u00e7os<\/em><\/strong><br \/>\n<strong><em>de amigos<\/em><\/strong><br \/>\n<strong><em>de amor<\/em><\/strong><br \/>\n<strong><em>Asas te farei,<\/em><\/strong><br \/>\n<strong><em>sonhos te trarei<\/em><\/strong><br \/>\n<strong><em>Flores te darei<\/em><\/strong><br \/>\n<strong><em>As luzes de Paris serei<\/em><\/strong><br \/>\n<strong><em>O c\u00e9u do Hawai terei<\/em><\/strong><br \/>\n<strong><em>Por las calles de Madri te levarei<\/em><\/strong><br \/>\n<strong><em>Flutua a Lua tua<\/em><\/strong><br \/>\n<strong><em>E a cada noite enluarada<\/em><\/strong><br \/>\n<strong><em>Asas te darei,<\/em><\/strong><br \/>\n<strong><em>sonhos te farei<\/em><\/strong><br \/>\n<strong><em>Flores te trarei<\/em><\/strong><br \/>\n<strong><em>Serei eu<\/em><\/strong><br \/>\n<strong><em>Serei teu<\/em><\/strong><br \/>\n<strong><em>Serei.<\/em><\/strong><\/p>\n<p><em><strong>Marcos Romera<\/strong><\/em><\/p>\n","protected":false},"excerpt":{"rendered":"<p>O epis\u00f3dio de hoje traz o delicado texto do escritor e pianista Marcos Romera, parte integrante do livro &#8220;Cr\u00f4nicas da Garoa&#8221;.<\/p>\n","protected":false},"author":2,"featured_media":22940,"comment_status":"open","ping_status":"closed","sticky":false,"template":"","format":"standard","meta":{"footnotes":""},"categories":[13,1971],"tags":[675,607,14,1974,1975,1972,116,471],"class_list":["post-22938","post","type-post","status-publish","format-standard","has-post-thumbnail","hentry","category-podcast","category-texto_sentido","tag-antonio-viviani","tag-locucao","tag-podcast","tag-poema","tag-poesia","tag-texto-sentido","tag-textos","tag-voz"],"_links":{"self":[{"href":"https:\/\/radiofobia.com.br\/podcast\/wp-json\/wp\/v2\/posts\/22938","targetHints":{"allow":["GET"]}}],"collection":[{"href":"https:\/\/radiofobia.com.br\/podcast\/wp-json\/wp\/v2\/posts"}],"about":[{"href":"https:\/\/radiofobia.com.br\/podcast\/wp-json\/wp\/v2\/types\/post"}],"author":[{"embeddable":true,"href":"https:\/\/radiofobia.com.br\/podcast\/wp-json\/wp\/v2\/users\/2"}],"replies":[{"embeddable":true,"href":"https:\/\/radiofobia.com.br\/podcast\/wp-json\/wp\/v2\/comments?post=22938"}],"version-history":[{"count":3,"href":"https:\/\/radiofobia.com.br\/podcast\/wp-json\/wp\/v2\/posts\/22938\/revisions"}],"predecessor-version":[{"id":27221,"href":"https:\/\/radiofobia.com.br\/podcast\/wp-json\/wp\/v2\/posts\/22938\/revisions\/27221"}],"wp:featuredmedia":[{"embeddable":true,"href":"https:\/\/radiofobia.com.br\/podcast\/wp-json\/wp\/v2\/media\/22940"}],"wp:attachment":[{"href":"https:\/\/radiofobia.com.br\/podcast\/wp-json\/wp\/v2\/media?parent=22938"}],"wp:term":[{"taxonomy":"category","embeddable":true,"href":"https:\/\/radiofobia.com.br\/podcast\/wp-json\/wp\/v2\/categories?post=22938"},{"taxonomy":"post_tag","embeddable":true,"href":"https:\/\/radiofobia.com.br\/podcast\/wp-json\/wp\/v2\/tags?post=22938"}],"curies":[{"name":"wp","href":"https:\/\/api.w.org\/{rel}","templated":true}]}}