{"id":23093,"date":"2020-04-28T10:01:26","date_gmt":"2020-04-28T13:01:26","guid":{"rendered":"http:\/\/radiofobia.com.br\/podcast\/?p=23093"},"modified":"2022-05-01T22:33:05","modified_gmt":"2022-05-02T01:33:05","slug":"texto-sentido-016-bolhas","status":"publish","type":"post","link":"https:\/\/radiofobia.com.br\/podcast\/2020\/04\/texto-sentido-016-bolhas\/","title":{"rendered":"TEXTO SENTIDO 016 &#8211; Bolhas"},"content":{"rendered":"<p><iframe src=\"https:\/\/omny.fm\/shows\/texto-sentido\/texto-sentido-016-bolhas\/embed\" allow=\"autoplay; clipboard-write\" width=\"100%\" height=\"180\" frameborder=\"0\" title=\"TEXTO SENTIDO 016 \u2013 Bolhas\"><\/iframe><\/p>\n<p>Um texto l\u00fadico \u00e9 o que apresentamos neste epis\u00f3dio do nosso podcast: palavras sutis e de grande imagina\u00e7\u00e3o escritas a partir de um desenho do autor <strong>Rodrigo de Castro Scott<\/strong>.<\/p>\n<p>\u00c9 hora de deixarmos nossa imagina\u00e7\u00e3o tomar conta e nos deliciarmos com&#8230;<\/p>\n<p><strong>&#8220;Bolhas&#8221;<\/strong>.<\/p>\n<p>Se voc\u00ea tem algo escrito de sua autoria ou de algu\u00e9m que concorde que seja publicado aqui, envie para o e-mail: <a href=\"mailto:podcasttextosentido@gmail.com\" target=\"_blank\" rel=\"noopener noreferrer\"><strong>podcasttextosentido@gmail.com<\/strong><\/a>.<\/p>\n<p>&nbsp;<\/p>\n<p><em><span style=\"text-decoration: underline;\"><strong>Bolhas<\/strong><\/span><\/em><\/p>\n<p><em><strong>A luz que invadia o quarto naquela tarde outonal tinha uma ess\u00eancia, alguma coisa de t\u00e3o elemental,<\/strong><\/em><\/p>\n<p><em><strong>que todo o ambiente parecia ter sido agasalhado por uma colcha de v\u00f3.<\/strong><\/em><\/p>\n<p><em><strong>Pairavam junto \u00e0s part\u00edculas de poeira; aquelas vistas atrav\u00e9s dos raios de luz que trespassam as frestas das janelas<\/strong><\/em><\/p>\n<p><em><strong>e v\u00e3o aureoloar os criados mudos, pequenas bolhas, microsc\u00f3picas bolhas, granuladas bolhas de felicidade.<\/strong><\/em><\/p>\n<p><em><strong>Eram t\u00e3o sutis e delicadas que se assentavam em todos os cantos do c\u00f4modo, envernizando a laca dos m\u00f3veis.<\/strong><\/em><\/p>\n<p><em><strong>Enevoavam os olhos, entravam pelas narinas, enchiam os pulm\u00f5es e irrigavam todo o corpo pela corrente sangu\u00ednea.<\/strong><\/em><\/p>\n<p><em><strong>Nesse momento o ar se perfumava e tudo fazia sentido. O tempo adormecia.<\/strong><\/em><\/p>\n<p><em><strong>Eram impercept\u00edveis e atemporais. N\u00e3o se sabe de onde vinham e nem para onde iam.<\/strong><\/em><\/p>\n<p><em><strong>Mas de tempos em tempos sarapintavam a casa de n\u00famero 22 da Vila das Preces.<\/strong><\/em><\/p>\n<p><em><strong>Rodrigo de Castro Scott<\/strong><\/em><\/p>\n","protected":false},"excerpt":{"rendered":"<p>Neste epis\u00f3dio trazemos palavras sutis e de grande imagina\u00e7\u00e3o escritas a partir de um desenho do autor Rodrigo de Castro Scott: &#8220;Bolhas&#8221;.<\/p>\n","protected":false},"author":2,"featured_media":23095,"comment_status":"open","ping_status":"closed","sticky":false,"template":"","format":"standard","meta":{"footnotes":""},"categories":[13,1971],"tags":[675,607,14,1974,1975,1972,116],"class_list":["post-23093","post","type-post","status-publish","format-standard","has-post-thumbnail","hentry","category-podcast","category-texto_sentido","tag-antonio-viviani","tag-locucao","tag-podcast","tag-poema","tag-poesia","tag-texto-sentido","tag-textos"],"_links":{"self":[{"href":"https:\/\/radiofobia.com.br\/podcast\/wp-json\/wp\/v2\/posts\/23093","targetHints":{"allow":["GET"]}}],"collection":[{"href":"https:\/\/radiofobia.com.br\/podcast\/wp-json\/wp\/v2\/posts"}],"about":[{"href":"https:\/\/radiofobia.com.br\/podcast\/wp-json\/wp\/v2\/types\/post"}],"author":[{"embeddable":true,"href":"https:\/\/radiofobia.com.br\/podcast\/wp-json\/wp\/v2\/users\/2"}],"replies":[{"embeddable":true,"href":"https:\/\/radiofobia.com.br\/podcast\/wp-json\/wp\/v2\/comments?post=23093"}],"version-history":[{"count":4,"href":"https:\/\/radiofobia.com.br\/podcast\/wp-json\/wp\/v2\/posts\/23093\/revisions"}],"predecessor-version":[{"id":27214,"href":"https:\/\/radiofobia.com.br\/podcast\/wp-json\/wp\/v2\/posts\/23093\/revisions\/27214"}],"wp:featuredmedia":[{"embeddable":true,"href":"https:\/\/radiofobia.com.br\/podcast\/wp-json\/wp\/v2\/media\/23095"}],"wp:attachment":[{"href":"https:\/\/radiofobia.com.br\/podcast\/wp-json\/wp\/v2\/media?parent=23093"}],"wp:term":[{"taxonomy":"category","embeddable":true,"href":"https:\/\/radiofobia.com.br\/podcast\/wp-json\/wp\/v2\/categories?post=23093"},{"taxonomy":"post_tag","embeddable":true,"href":"https:\/\/radiofobia.com.br\/podcast\/wp-json\/wp\/v2\/tags?post=23093"}],"curies":[{"name":"wp","href":"https:\/\/api.w.org\/{rel}","templated":true}]}}