{"id":23119,"date":"2020-05-08T13:00:53","date_gmt":"2020-05-08T16:00:53","guid":{"rendered":"http:\/\/radiofobia.com.br\/podcast\/?p=23119"},"modified":"2022-05-01T18:50:23","modified_gmt":"2022-05-01T21:50:23","slug":"mim-falei-76-em-qual-epoca-voce-gostaria-de-ter-vivido","status":"publish","type":"post","link":"https:\/\/radiofobia.com.br\/podcast\/2020\/05\/mim-falei-76-em-qual-epoca-voce-gostaria-de-ter-vivido\/","title":{"rendered":"Mim Falei! #76 &#8211; Em qual \u00c9poca voc\u00ea gostaria de ter vivido?"},"content":{"rendered":"<p><iframe src=\"https:\/\/omny.fm\/shows\/mim-falei\/mim-falei-76-em-qual-poca-voc-gostaria-de-ter-vivi\/embed\" allow=\"autoplay; clipboard-write\" width=\"100%\" height=\"180\" frameborder=\"0\" title=\"Mim Falei! #76 \u2013 Em qual \u00c9poca voc\u00ea gostaria de ter vivido?\"><\/iframe><\/p>\n<p>Em qual \u00c9poca voc\u00ea gostaria de ter vivido?<\/p>\n<p><strong><a href=\"https:\/\/twitter.com\/rudylanducci\">Rudy Landucci<\/a>, <a href=\"https:\/\/twitter.com\/ErlanDias7\" target=\"_blank\" rel=\"noopener noreferrer\">Erlan Dias<\/a><a href=\"https:\/\/twitter.com\/MarquinhoDorna\"> e\u00a0<\/a><a href=\"https:\/\/twitter.com\/MarquinhoDorna\">Marquinho Dorna <\/a><\/strong>comentam em qual \u00e9poca da humanidade gostariam de ter vivido e leem os coment\u00e1rios da audi\u00eancia.<\/p>\n<p>E voc\u00ea, gostaria de ter vivido em qual per\u00edodo?<\/p>\n","protected":false},"excerpt":{"rendered":"<p>Rudy Landucci, Erlan Dias e\u00a0Marquinho Dorna comentam em qual \u00e9poca da humanidade gostariam de ter vivido e leem os coment\u00e1rios da audi\u00eancia.<\/p>\n","protected":false},"author":11,"featured_media":23121,"comment_status":"closed","ping_status":"closed","sticky":false,"template":"","format":"standard","meta":{"footnotes":""},"categories":[1592,13],"tags":[775,2127,1595,2126,2,1878,14,1593],"class_list":["post-23119","post","type-post","status-publish","format-standard","has-post-thumbnail","hentry","category-mimfalei","category-podcast","tag-comedia","tag-epoca","tag-erlan-dias","tag-humanidade","tag-humor","tag-marco-dorna","tag-podcast","tag-rudy-landucci"],"_links":{"self":[{"href":"https:\/\/radiofobia.com.br\/podcast\/wp-json\/wp\/v2\/posts\/23119","targetHints":{"allow":["GET"]}}],"collection":[{"href":"https:\/\/radiofobia.com.br\/podcast\/wp-json\/wp\/v2\/posts"}],"about":[{"href":"https:\/\/radiofobia.com.br\/podcast\/wp-json\/wp\/v2\/types\/post"}],"author":[{"embeddable":true,"href":"https:\/\/radiofobia.com.br\/podcast\/wp-json\/wp\/v2\/users\/11"}],"replies":[{"embeddable":true,"href":"https:\/\/radiofobia.com.br\/podcast\/wp-json\/wp\/v2\/comments?post=23119"}],"version-history":[{"count":2,"href":"https:\/\/radiofobia.com.br\/podcast\/wp-json\/wp\/v2\/posts\/23119\/revisions"}],"predecessor-version":[{"id":27092,"href":"https:\/\/radiofobia.com.br\/podcast\/wp-json\/wp\/v2\/posts\/23119\/revisions\/27092"}],"wp:featuredmedia":[{"embeddable":true,"href":"https:\/\/radiofobia.com.br\/podcast\/wp-json\/wp\/v2\/media\/23121"}],"wp:attachment":[{"href":"https:\/\/radiofobia.com.br\/podcast\/wp-json\/wp\/v2\/media?parent=23119"}],"wp:term":[{"taxonomy":"category","embeddable":true,"href":"https:\/\/radiofobia.com.br\/podcast\/wp-json\/wp\/v2\/categories?post=23119"},{"taxonomy":"post_tag","embeddable":true,"href":"https:\/\/radiofobia.com.br\/podcast\/wp-json\/wp\/v2\/tags?post=23119"}],"curies":[{"name":"wp","href":"https:\/\/api.w.org\/{rel}","templated":true}]}}