{"id":23214,"date":"2020-05-26T10:05:08","date_gmt":"2020-05-26T13:05:08","guid":{"rendered":"https:\/\/radiofobia.com.br\/podcast\/?p=23214"},"modified":"2022-05-01T22:30:23","modified_gmt":"2022-05-02T01:30:23","slug":"texto-sentido-020-silencio","status":"publish","type":"post","link":"https:\/\/radiofobia.com.br\/podcast\/2020\/05\/texto-sentido-020-silencio\/","title":{"rendered":"TEXTO SENTIDO 020 &#8211; Sil\u00eancio"},"content":{"rendered":"<p><iframe src=\"https:\/\/omny.fm\/shows\/texto-sentido\/texto-sentido-020-sil-ncio\/embed\" allow=\"autoplay; clipboard-write\" width=\"100%\" height=\"180\" frameborder=\"0\" title=\"TEXTO SENTIDO 020 \u2013 Sil\u00eancio\"><\/iframe><\/p>\n<p>Sabe aquela express\u00e3o &#8220;A palavra \u00e9 prata, o sil\u00eancio \u00e9 ouro&#8221;? Pois foi assim que recebemos este texto de <strong>L\u00edgia Sales<\/strong> com palavras que conseguem exprimir em todo o seu significado o quanto pode ser de ouro o sil\u00eancio em determinados momentos.<\/p>\n<p>E como a vida nos ensina com o tempo e assim passamos a agir de forma inversa a como ag\u00edamos antes.<\/p>\n<p>Olhos e ouvidos abertos para mergulharem e sentirem em <strong>&#8220;Sil\u00eancio&#8221;<\/strong> o epis\u00f3dio de hoje do Texto Sentido.<\/p>\n<p>Se voc\u00ea tem algo escrito de sua autoria ou de algu\u00e9m que concorde que seja publicado aqui, envie para o e-mail: <a href=\"mailto:podcasttextosentido@gmail.com\" target=\"_blank\" rel=\"noopener noreferrer\"><strong>podcasttextosentido@gmail.com<\/strong><\/a>.<\/p>\n<p>&nbsp;<\/p>\n<p><em><span style=\"text-decoration: underline;\"><strong>Sil\u00eancio<\/strong><\/span><\/em><\/p>\n<p><strong><em>O tempo faz com a gente, modifica\u00e7\u00f5es cru\u00e9is.<\/em><\/strong><\/p>\n<p><strong><em>Todos n\u00f3s mudamos para melhor e pior.<\/em><\/strong><\/p>\n<p><strong><em>H\u00e1 tempos, percebi que muitas das minhas convic\u00e7\u00f5es sobre mim mesma, foram totalmente transformadas.<\/em><\/strong><\/p>\n<p><strong><em>Eu me achava t\u00e3o dona da verdade. N\u00e3o sou. Nunca fui.<\/em><\/strong><\/p>\n<p><strong><em>Eu me achava t\u00e3o resoluta.<\/em><\/strong><\/p>\n<p><strong><em>Se fui, n\u00e3o sou mais.<\/em><\/strong><\/p>\n<p><strong><em>Admito a necessidade de outros sons que n\u00e3o sejam somente os meus.<\/em><\/strong><\/p>\n<p><strong><em>Eu me considerava t\u00e3o forte diante de tudo. Passou.<\/em><\/strong><\/p>\n<p><strong><em>Eu sempre quis dar a \u00faltima palavra, numa troca de farpas, numa decis\u00e3o, sempre achei que tivesse os &#8220;melhores&#8221; argumentos.<\/em><\/strong><\/p>\n<p><strong><em>Balela.<\/em><\/strong><\/p>\n<p><strong><em>Descobri o qu\u00e3o oportuno e confortante \u00e9, muitas vezes, me calar tamb\u00e9m.<\/em><\/strong><\/p>\n<p><strong><em>Como \u00e9 bom deixar pra l\u00e1!<\/em><\/strong><\/p>\n<p><strong><em>\u00c9 bom ouvir meus pensamentos e guardar minhas conclus\u00f5es somente para mim.<\/em><\/strong><\/p>\n<p><strong><em>Entendi a pluralidade das opini\u00f5es e antes de qualquer conclus\u00e3o e julgamento, tentar separar o cora\u00e7\u00e3o da raz\u00e3o de cada um.<\/em><\/strong><\/p>\n<p><strong><em>Eu acho&#8230;e somente acho, que cresci um pouco.<\/em><\/strong><\/p>\n<p><strong><em>Como dizem, crescer d\u00f3i, mas este crescimento interno \u00e9 reconfortante.<\/em><\/strong><\/p>\n<p><strong><em>Ainda que, muitas vezes, a vida pe\u00e7a que eu grite, o tempo me revelou que eu posso dizer n\u00e3o, e se isto ferir algu\u00e9m,<\/em><\/strong><\/p>\n<p><strong><em>mesmo sem nenhuma breve inten\u00e7\u00e3o, que seja pelo sil\u00eancio que agora, me dou de presente.<\/em><\/strong><\/p>\n<p><em><strong>L\u00edgia Sales<\/strong><\/em><\/p>\n","protected":false},"excerpt":{"rendered":"<p>Mantenha seus olhos e ouvidos abertos para mergulharem e sentirem em &#8220;Sil\u00eancio&#8221; o epis\u00f3dio de hoje do Texto Sentido.<\/p>\n","protected":false},"author":2,"featured_media":23216,"comment_status":"open","ping_status":"closed","sticky":false,"template":"","format":"standard","meta":{"footnotes":""},"categories":[13,1971],"tags":[675,607,14,1974,1975,1972,116],"class_list":["post-23214","post","type-post","status-publish","format-standard","has-post-thumbnail","hentry","category-podcast","category-texto_sentido","tag-antonio-viviani","tag-locucao","tag-podcast","tag-poema","tag-poesia","tag-texto-sentido","tag-textos"],"_links":{"self":[{"href":"https:\/\/radiofobia.com.br\/podcast\/wp-json\/wp\/v2\/posts\/23214","targetHints":{"allow":["GET"]}}],"collection":[{"href":"https:\/\/radiofobia.com.br\/podcast\/wp-json\/wp\/v2\/posts"}],"about":[{"href":"https:\/\/radiofobia.com.br\/podcast\/wp-json\/wp\/v2\/types\/post"}],"author":[{"embeddable":true,"href":"https:\/\/radiofobia.com.br\/podcast\/wp-json\/wp\/v2\/users\/2"}],"replies":[{"embeddable":true,"href":"https:\/\/radiofobia.com.br\/podcast\/wp-json\/wp\/v2\/comments?post=23214"}],"version-history":[{"count":3,"href":"https:\/\/radiofobia.com.br\/podcast\/wp-json\/wp\/v2\/posts\/23214\/revisions"}],"predecessor-version":[{"id":27210,"href":"https:\/\/radiofobia.com.br\/podcast\/wp-json\/wp\/v2\/posts\/23214\/revisions\/27210"}],"wp:featuredmedia":[{"embeddable":true,"href":"https:\/\/radiofobia.com.br\/podcast\/wp-json\/wp\/v2\/media\/23216"}],"wp:attachment":[{"href":"https:\/\/radiofobia.com.br\/podcast\/wp-json\/wp\/v2\/media?parent=23214"}],"wp:term":[{"taxonomy":"category","embeddable":true,"href":"https:\/\/radiofobia.com.br\/podcast\/wp-json\/wp\/v2\/categories?post=23214"},{"taxonomy":"post_tag","embeddable":true,"href":"https:\/\/radiofobia.com.br\/podcast\/wp-json\/wp\/v2\/tags?post=23214"}],"curies":[{"name":"wp","href":"https:\/\/api.w.org\/{rel}","templated":true}]}}