{"id":23322,"date":"2020-06-16T11:14:41","date_gmt":"2020-06-16T14:14:41","guid":{"rendered":"https:\/\/radiofobia.com.br\/podcast\/?p=23322"},"modified":"2022-05-01T22:26:10","modified_gmt":"2022-05-02T01:26:10","slug":"texto-sentido-023-o-extraordinario","status":"publish","type":"post","link":"https:\/\/radiofobia.com.br\/podcast\/2020\/06\/texto-sentido-023-o-extraordinario\/","title":{"rendered":"TEXTO SENTIDO 023 &#8211; O Extraordin\u00e1rio"},"content":{"rendered":"<p><iframe src=\"https:\/\/omny.fm\/shows\/texto-sentido\/texto-sentido-023-o-extraordin-rio\/embed\" allow=\"autoplay; clipboard-write\" width=\"100%\" height=\"180\" frameborder=\"0\" title=\"TEXTO SENTIDO 023 \u2013 O Extraordin\u00e1rio\"><\/iframe><\/p>\n<p>Neste epis\u00f3dio trazemos um texto reflexivo e inspirador do meu grande amigo e maestro <strong>Dyonisio Moreno<\/strong>\u00a0que tamb\u00e9m se mostra um grande escritor, inspirado nas sugest\u00f5es dos alunos do 5\u00ba semestre de Publicidade e Propaganda da Universidade Metodista de S\u00e3o Paulo, onde \u00e9 professor.<\/p>\n<p>Pra voc\u00ea ouvir, sentir e se inspirar&#8230;<\/p>\n<p>Se voc\u00ea tem algo escrito de sua autoria ou de algu\u00e9m que concorde que seja publicado aqui, envie para o e-mail: <a href=\"mailto:podcasttextosentido@gmail.com\" target=\"_blank\" rel=\"noopener noreferrer\"><strong>podcasttextosentido@gmail.com<\/strong><\/a>.<\/p>\n<p>&nbsp;<\/p>\n<p><em><span style=\"text-decoration: underline;\"><strong>O Extraordin\u00e1rio<\/strong><\/span><\/em><\/p>\n<p><strong><em>A gente nem de longe podia imaginar que em meio a tanta velocidade, numa rotina que nos atropela, nos oprime e n\u00e3o espera por ningu\u00e9m, ser\u00edamos condenados a parar.<\/em><\/strong><br \/>\n<strong><em>N\u00f3s est\u00e1vamos acostumados a correr contra o tempo, a passar por cima de tudo e de todos, simplesmente pra continuar na mesma situa\u00e7\u00e3o.<\/em><\/strong><br \/>\n<strong><em>Mas ele, dissimulado e silencioso nos alcan\u00e7ou, e de uma maneira covarde e s\u00e1dica nos feriu, bloqueou\u2026 e nos isolou.<\/em><\/strong><br \/>\n<strong><em>Diante do imprevis\u00edvel sofremos, choramos, nos deprimimos, por vezes procuramos em v\u00e3o a sa\u00edda, mas tivemos que nos submeter e nos resignar.<\/em><\/strong><br \/>\n<strong><em>Batalhas se vencem em conjunto, com coragem e equil\u00edbrio. Certamente n\u00f3s vamos reverter este cen\u00e1rio e retornar a nossa vida social. <\/em><\/strong><br \/>\n<strong><em>Pode ser que demore um pouquinho\u2026, <\/em><\/strong><br \/>\n<strong><em>ou um pouco mais do que a gente esperava\u2026, <\/em><\/strong><br \/>\n<strong><em>mas tenha certeza de que as coisas v\u00e3o se recompor. <\/em><\/strong><br \/>\n<strong><em>Vai ser preciso confian\u00e7a, persist\u00eancia, resili\u00eancia, desapego e mente aberta para o singular. <\/em><\/strong><br \/>\n<strong><em>Os v\u00ednculos, neg\u00f3cios, transa\u00e7\u00f5es n\u00e3o ser\u00e3o mais como antes. N\u00f3s vamos ter que conquistar um \u201cnovo normal\u201d.<\/em><\/strong><br \/>\n<strong><em>Mas, em meio a esse caos, talvez a gente possa descobrir caminhos que aliviem nossa ansiedade e apaziguem nossos cora\u00e7\u00f5es:<\/em><\/strong><br \/>\n<strong><em>Ligue para os que est\u00e3o distantes, bata um papo com aquela tia chata, exercite a toler\u00e2ncia.<\/em><\/strong><br \/>\n<strong><em>Divirta-se mais com seus pets, ou adote um cachorro.<\/em><\/strong><br \/>\n<strong><em>Arrume a gaveta de meias, fa\u00e7a um bolo, transforme seu desencanto num poema, e encante algu\u00e9m. <\/em><\/strong><br \/>\n<strong><em>Assista de novo aquele filme inesquec\u00edvel.<\/em><\/strong><br \/>\n<strong><em>Toque viol\u00e3o, piano, flauta ou escute uma m\u00fasica que inspire.<\/em><\/strong><br \/>\n<strong><em>Arrisque uma l\u00edngua nova. \u201cPerch\u00e9 non studiare un po&#8217; di italiano?\u201d<\/em><\/strong><br \/>\n<strong><em>Descanse mais. Leia mais, procure um novo foco de interesse: que tal astrologia, ou balonismo, ou orqu\u00eddeas? <\/em><\/strong><br \/>\n<strong><em>Voc\u00ea pode descobrir seu talento como mestre-cuca\u2026 ou escritor. J\u00e1 pensou alguma vez em tricotar?<\/em><\/strong><br \/>\n<strong><em>Pinte um quadro, ou a parede do seu quarto.<\/em><\/strong><br \/>\n<strong><em>Componha uma m\u00fasica ou cante na janela do apartamento.<\/em><\/strong><br \/>\n<strong><em>Proponha um jantar tem\u00e1tico, ou fa\u00e7a um caprichado sandu\u00edche de queijo.<\/em><\/strong><br \/>\n<strong><em>Espalhe o surto\u2026 de esperan\u00e7a.<\/em><\/strong><br \/>\n<strong><em>O importante \u00e9 ter cautela e n\u00e3o perder a f\u00e9, a certeza que tudo vai amenizar, mesmo que a melhora nos leve a um novo estilo de vida e conviv\u00eancia. <\/em><\/strong><br \/>\n<strong><em>E um dia vamos poder contar com orgulho, a nossos filhos ou netos, que n\u00f3s fomos a gera\u00e7\u00e3o que superou o que nem a fic\u00e7\u00e3o de Hollywood concebeu com tanta compet\u00eancia: <\/em><\/strong><br \/>\n<strong><em>o imponder\u00e1vel, o impensado\u2026, o extraordin\u00e1rio.<\/em><\/strong><\/p>\n<p><em><strong>Dyonisio Moreno<\/strong><\/em><\/p>\n","protected":false},"excerpt":{"rendered":"<p>Neste epis\u00f3dio trazemos um texto reflexivo e inspirador do maestro Dyonisio Moreno: ou\u00e7a e sinta &#8220;O Extraordin\u00e1rio&#8221;.<\/p>\n","protected":false},"author":2,"featured_media":23324,"comment_status":"open","ping_status":"closed","sticky":false,"template":"","format":"standard","meta":{"footnotes":""},"categories":[13,1971],"tags":[675,607,14,1974,1975,1972,116],"class_list":["post-23322","post","type-post","status-publish","format-standard","has-post-thumbnail","hentry","category-podcast","category-texto_sentido","tag-antonio-viviani","tag-locucao","tag-podcast","tag-poema","tag-poesia","tag-texto-sentido","tag-textos"],"_links":{"self":[{"href":"https:\/\/radiofobia.com.br\/podcast\/wp-json\/wp\/v2\/posts\/23322","targetHints":{"allow":["GET"]}}],"collection":[{"href":"https:\/\/radiofobia.com.br\/podcast\/wp-json\/wp\/v2\/posts"}],"about":[{"href":"https:\/\/radiofobia.com.br\/podcast\/wp-json\/wp\/v2\/types\/post"}],"author":[{"embeddable":true,"href":"https:\/\/radiofobia.com.br\/podcast\/wp-json\/wp\/v2\/users\/2"}],"replies":[{"embeddable":true,"href":"https:\/\/radiofobia.com.br\/podcast\/wp-json\/wp\/v2\/comments?post=23322"}],"version-history":[{"count":4,"href":"https:\/\/radiofobia.com.br\/podcast\/wp-json\/wp\/v2\/posts\/23322\/revisions"}],"predecessor-version":[{"id":27206,"href":"https:\/\/radiofobia.com.br\/podcast\/wp-json\/wp\/v2\/posts\/23322\/revisions\/27206"}],"wp:featuredmedia":[{"embeddable":true,"href":"https:\/\/radiofobia.com.br\/podcast\/wp-json\/wp\/v2\/media\/23324"}],"wp:attachment":[{"href":"https:\/\/radiofobia.com.br\/podcast\/wp-json\/wp\/v2\/media?parent=23322"}],"wp:term":[{"taxonomy":"category","embeddable":true,"href":"https:\/\/radiofobia.com.br\/podcast\/wp-json\/wp\/v2\/categories?post=23322"},{"taxonomy":"post_tag","embeddable":true,"href":"https:\/\/radiofobia.com.br\/podcast\/wp-json\/wp\/v2\/tags?post=23322"}],"curies":[{"name":"wp","href":"https:\/\/api.w.org\/{rel}","templated":true}]}}