{"id":23362,"date":"2020-06-22T20:42:44","date_gmt":"2020-06-22T23:42:44","guid":{"rendered":"https:\/\/radiofobia.com.br\/podcast\/?p=23362"},"modified":"2022-04-27T16:58:06","modified_gmt":"2022-04-27T19:58:06","slug":"backhand-na-paralela-045-e-vixe-atras-de-eita-quarentenis-fiqueemcasa","status":"publish","type":"post","link":"https:\/\/radiofobia.com.br\/podcast\/2020\/06\/backhand-na-paralela-045-e-vixe-atras-de-eita-quarentenis-fiqueemcasa\/","title":{"rendered":"Backhand na Paralela 045 &#8211; \u00c9 Vixe Atr\u00e1s de Eita &#8211; #Quarent\u00eanis &#8211; #FiqueEmCasa"},"content":{"rendered":"<p><iframe src=\"https:\/\/omny.fm\/shows\/backhand-na-paralela\/backhand-na-paralela-045-vixe-atr-s-de-eita-quaren\/embed\" allow=\"autoplay; clipboard-write\" width=\"100%\" height=\"180\" frameborder=\"0\" title=\"Backhand na Paralela 045 - \u00c9 Vixe Atr\u00e1s de Eita - #Quarent\u00eanis - #FiqueEmCasa\"><\/iframe><\/p>\n<p><strong><em>Salve galera da bolinha amarela!\u00a0<\/em><\/strong><\/p>\n<p>\u00ca, DjoCOVID&#8230; As duas primeiras etapas da #AdriaTour aconteceram na S\u00e9rvia e na Cro\u00e1cia, com p\u00fablico presente, in\u00fameras atividades promocionais fora de quadra&#8230; e v\u00e1rios jogadores e integrantes de comiss\u00e3o t\u00e9cnica contaminados pela COVID-19, <strong>incluindo o pr\u00f3prio Djokovic<\/strong>, Grigor Dimitrov, Victor Troicki e Borna Coric.<\/p>\n<p><strong><a href=\"http:\/\/twitter.com\/euarianef\">Ariane Ferreira<\/a><\/strong> (de casa, em Portugal) e <a href=\"http:\/\/twitter.com\/jeffpaiva\"><strong>Jeff Paiva<\/strong><\/a> (de casa, em S\u00e3o Paulo) comentam o desastre de RP e de Sa\u00fade P\u00fablica que aconteceu nos Balc\u00e3s, a repercuss\u00e3o pelo mundo do t\u00eanis e o dano ao que ainda havia de imagem positiva de Novak Djokovic, o organizador dos eventos.<\/p>\n<p><strong>Bora falar de t\u00eanis<\/strong>, lavando bem as m\u00e3os e evitando tocar o rosto!<\/p>\n<p><strong>Assuntos do epis\u00f3dio:<\/strong><\/p>\n<p>(00:00) &#8211; Abertura<br \/>\n(00:02:27) #AdriaTour &#8211; O que \u00e9, onde aconteceu, quem criou?<br \/>\n(00:10:15) Diferen\u00e7as entre as exibi\u00e7\u00f5es de Mouratoglou e da fam\u00edlia Murray<br \/>\n(00:14:23) Nick Kyrgios, a voz da raz\u00e3o!<br \/>\n(00:15:09) Cen\u00e1rio pol\u00edtico da S\u00e9rvia &#8211; est\u00edmulos ao turismo<br \/>\n(00:25:52) Mais bagun\u00e7as na organiza\u00e7\u00e3o da AdriaTour<br \/>\n(00:28:16) Como o futuro dos circuitos pode ser afetado?<br \/>\n(00:35:50) Atletas envolvidos tentam salvar suas imagens<br \/>\n(00:40:06) Medidas sanit\u00e1rias para o USOpen<br \/>\n(00:47:12) Os outros torneios exibi\u00e7\u00e3o da semana<br \/>\n(00:55:38) T\u00eanis Universit\u00e1rio &#8211; Winthrop cancela seu programa de t\u00eanis<\/p>\n<p>E voc\u00ea pode contribuir com o podcast e receber recompensas e conte\u00fados exclusivos! Acesse nosso PicPay Assinaturas e seja um apoiador! <a href=\"http:\/\/picpay.me\/bhnaparalela\">picpay.me\/bhnaparalela<\/a><\/p>\n<p><strong style=\"color: #990000;\">Links citados no epis\u00f3dio:<\/strong><\/p>\n<p>&#8211; <a href=\"https:\/\/tenisnews.com.br\/100011\/em-conversa-com-guru-djokovic-garante-que-a-agua-muda-de-acordo-com-emocoes\">Reportagem Ariane Ferreira sobre Djokovic e seu novo guru<\/a><br \/>\n&#8211; <a href=\"http:\/\/Instagram.com\/leticiasobraltennis\">Instagram Leticia Sobral &#8211; Dicas de exerc\u00edcios e treinamentos em casa<\/a><br \/>\n&#8211; <a href=\"http:\/\/picpay.me\/bhnaparalela\">Ap\u00f3ie o Backhand na Paralela &#8211; PicPay<\/a><\/p>\n<p><strong style=\"color: #990000;\">Para seguir e comentar nas redes sociais:<\/strong><\/p>\n<p>&#8211; <a href=\"https:\/\/www.facebook.com\/bhnaparalela\/\" target=\"_blank\" rel=\"noopener noreferrer\">Curta a p\u00e1gina do podcast <b>Backhand na Paralela\u00a0<\/b>no Facebook<\/a><br \/>\n&#8211; <a href=\"https:\/\/twitter.com\/bhnaparalela\" target=\"_blank\" rel=\"noopener noreferrer\">Siga o <strong>@bhnaparalela<\/strong>\u00a0no Twitter<\/a><br \/>\n&#8211; <a href=\"https:\/\/twitter.com\/jeffpaiva\" target=\"_blank\" rel=\"noopener noreferrer\">Siga o <strong>@jeffpaiva<\/strong> no Twitter<\/a><br \/>\n&#8211; <a href=\"https:\/\/twitter.com\/euarianef\" target=\"_blank\" rel=\"noopener noreferrer\">Siga a <strong>@euarianef<\/strong>\u00a0no Twitter<\/a><\/p>\n<p><strong style=\"color: #990000;\">Assine o FEED do Backhand na Paralela:<\/strong><br \/>\nPara ouvir o <strong>Backhand na Paralela<\/strong> no seu agregador de podcasts preferido, <a href=\"https:\/\/leolop.es\/bhnaparalela_feed\" target=\"_blank\" rel=\"noopener noreferrer\"><strong>clique aqui e assine o nosso FEED<\/strong><\/a>!<\/p>\n<p><strong style=\"color: #990000;\">Assine o FEED diretamente no Spotify:<br \/>\n<\/strong>Para receber o <strong>BHnP<\/strong> automaticamente no seu <strong style=\"color: #990000;\"><a href=\"http:\/\/bit.ly\/bhnpspotify\">Spotify, clique aqui<\/a><\/strong><\/p>\n<p><strong style=\"color: #990000;\">Assine e avalie nosso podcast no iTunes:<\/strong><br \/>\nSe voc\u00ea usa o<strong> iTunes<\/strong> no seu computador, tablet ou smartphone, <a href=\"https:\/\/itunes.apple.com\/br\/podcast\/backhand-na-paralela\/id1437801203?mt=2\" target=\"_blank\" rel=\"noopener noreferrer\"><strong>assine e avalie nosso podcast clicando aqui<\/strong><\/a>!<\/p>\n<p><span style=\"color: #990000;\"><strong>E-mails:<\/strong><\/span><br \/>\nMande seu feedback pra gente atrav\u00e9s do e-mail <a href=\"mailto:redacao@bhnaparalela.com.br\"><strong>redacao@bhnaparalela.com.br<\/strong><\/a>!<\/p>\n<p><span style=\"color: #990000;\"><strong>Publicidade:<\/strong><\/span><br \/>\n<a href=\"mailto:comercial@bhnaparalela.com.br\"><strong>Entre em contato<\/strong><\/a> e saiba como <em>anunciar sua marca, produto ou servi\u00e7o no <strong>Backhand na Paralela<\/strong><\/em>.<\/p>\n","protected":false},"excerpt":{"rendered":"<p>Deu ruim na #AdriaTour, o circuito exibi\u00e7\u00e3o de Djokovic: Aus\u00eancia de medidas de distanciamento social e controle sanit\u00e1rio no p\u00fablico e nos vesti\u00e1rios, com jogadores e treinadores contaminados pela COVID-19. @euarianef e @jeffpaiva dissecam o que deu errado, o que poderia ter sido evitado e as consequ\u00eancias para os circuitos e Grand Slams. <\/p>\n<p>(00:00) &#8211; Abertura<br \/>\n(00:02:27) #AdriaTour &#8211; O que \u00e9, onde aconteceu, quem criou?<br \/>\n(00:10:15) Diferen\u00e7as entre as exibi\u00e7\u00f5es de Mouratoglou e da fam\u00edlia Murray<br \/>\n(00:14:23) Nick Kyrgios, a voz da raz\u00e3o!<br \/>\n(00:15:09) Cen\u00e1rio pol\u00edtico da S\u00e9rvia &#8211; est\u00edmulos ao turismo<br \/>\n(00:25:52) Mais bagun\u00e7as na organiza\u00e7\u00e3o da AdriaTour<br \/>\n(00:28:16) Como o futuro dos circuitos pode ser afetado?<br \/>\n(00:35:50) Atletas envolvidos tentam salvar suas imagens<br \/>\n(00:40:06) Medidas sanit\u00e1rias para o USOpen<br \/>\n(00:47:12) Os outros torneios exibi\u00e7\u00e3o da semana\u00a0<br \/>\n(00:55:38) T\u00eanis Universit\u00e1rio &#8211; Winthrop cancela seu programa de t\u00eanis<\/p>\n","protected":false},"author":9,"featured_media":23364,"comment_status":"open","ping_status":"closed","sticky":false,"template":"","format":"standard","meta":{"footnotes":""},"categories":[1414,13],"tags":[2155,1445,2173,2172,2071,2171,1914,1507,1422,1423,2174,1446],"class_list":["post-23362","post","type-post","status-publish","format-standard","has-post-thumbnail","hentry","category-bhnaparalela","category-podcast","tag-adriatour","tag-atp","tag-belgrado","tag-coric","tag-covid-19","tag-dimitrov","tag-djokovic","tag-itf","tag-tenis","tag-tennis","tag-troicki","tag-wta"],"_links":{"self":[{"href":"https:\/\/radiofobia.com.br\/podcast\/wp-json\/wp\/v2\/posts\/23362","targetHints":{"allow":["GET"]}}],"collection":[{"href":"https:\/\/radiofobia.com.br\/podcast\/wp-json\/wp\/v2\/posts"}],"about":[{"href":"https:\/\/radiofobia.com.br\/podcast\/wp-json\/wp\/v2\/types\/post"}],"author":[{"embeddable":true,"href":"https:\/\/radiofobia.com.br\/podcast\/wp-json\/wp\/v2\/users\/9"}],"replies":[{"embeddable":true,"href":"https:\/\/radiofobia.com.br\/podcast\/wp-json\/wp\/v2\/comments?post=23362"}],"version-history":[{"count":9,"href":"https:\/\/radiofobia.com.br\/podcast\/wp-json\/wp\/v2\/posts\/23362\/revisions"}],"predecessor-version":[{"id":26970,"href":"https:\/\/radiofobia.com.br\/podcast\/wp-json\/wp\/v2\/posts\/23362\/revisions\/26970"}],"wp:featuredmedia":[{"embeddable":true,"href":"https:\/\/radiofobia.com.br\/podcast\/wp-json\/wp\/v2\/media\/23364"}],"wp:attachment":[{"href":"https:\/\/radiofobia.com.br\/podcast\/wp-json\/wp\/v2\/media?parent=23362"}],"wp:term":[{"taxonomy":"category","embeddable":true,"href":"https:\/\/radiofobia.com.br\/podcast\/wp-json\/wp\/v2\/categories?post=23362"},{"taxonomy":"post_tag","embeddable":true,"href":"https:\/\/radiofobia.com.br\/podcast\/wp-json\/wp\/v2\/tags?post=23362"}],"curies":[{"name":"wp","href":"https:\/\/api.w.org\/{rel}","templated":true}]}}