{"id":23409,"date":"2020-06-30T00:51:27","date_gmt":"2020-06-30T03:51:27","guid":{"rendered":"https:\/\/radiofobia.com.br\/podcast\/?p=23409"},"modified":"2022-04-27T16:58:52","modified_gmt":"2022-04-27T19:58:52","slug":"backhand-na-paralela-046-vai-ter-cadeira-de-rodas-no-usopen-quarentenis-fiqueemcasa","status":"publish","type":"post","link":"https:\/\/radiofobia.com.br\/podcast\/2020\/06\/backhand-na-paralela-046-vai-ter-cadeira-de-rodas-no-usopen-quarentenis-fiqueemcasa\/","title":{"rendered":"Backhand na Paralela 046 &#8211; Vai Ter Cadeira de Rodas no USOpen!  #Quarent\u00eanis &#8211; #FiqueEmCasa"},"content":{"rendered":"<p><iframe src=\"https:\/\/omny.fm\/shows\/backhand-na-paralela\/backhand-na-paralela-046-vai-ter-cadeira-de-rodas\/embed\" allow=\"autoplay; clipboard-write\" width=\"100%\" height=\"180\" frameborder=\"0\" title=\"Backhand na Paralela 046 - Vai Ter Cadeira de Rodas no USOpen!  #Quarent\u00eanis - #FiqueEmCasa\"><\/iframe><\/p>\n<p><strong><em>Salve galera da bolinha amarela!\u00a0<\/em><\/strong><\/p>\n<p>Quem disse que n\u00e3o ia ter #wheelchairtennis no <strong>#USOpen<\/strong>? A princ\u00edpio a USTA, mas o p\u00fablico mundial, liderado pelo australiano <strong>Dylan Alcott<\/strong> e com o apoio de Andy Murray, conseguiu reverter esta decis\u00e3o. Pra falar sobre em que implica uma estrutura de #TenisCR num #GrandSlam e ainda saber como est\u00e3o os treinamentos do time brasileiro, conversamos com o treinador da sele\u00e7\u00e3o <strong><a href=\"https:\/\/instagram.com\/leobutija\">L\u00e9o Butija<\/a>.<\/strong><\/p>\n<p>Al\u00e9m disto, <a style=\"font-weight: bold;\" href=\"http:\/\/twitter.com\/euarianef\">Ariane Ferreira<\/a> (de casa, em Portugal) e <a href=\"http:\/\/twitter.com\/jeffpaiva\"><strong>Jeff Paiva<\/strong><\/a> (de casa, em S\u00e3o Paulo) dissecam os \u00faltimos acontecimentos do p\u00f3s-desastre da #AdriaCup, o sucesso do desafio dos brit\u00e2nicos &#8211; que teve a volta em alto n\u00edvel de Andy Murray, e ainda sobra tempo pra falar de futebol, da linhagem de goleiros italianos e de marketing esportivo (Al\u00f4 Plihal!).<\/p>\n<p><strong>Lave as m\u00e3os, prepare seu fone e Bora falar de t\u00eanis<\/strong>!<\/p>\n<p><strong>Assuntos do epis\u00f3dio:<\/strong><br \/>\n(00:00) &#8211; Abertura<br \/>\n(00:03:05) Teaser @metaphoraspod<br \/>\n(00:03:54) Rescaldo #AdriaTour &#8211; Zverev faz caquinha de novo e Nick Kyrgios segue a voz da raz\u00e3o!<br \/>\n(00:11:33) At\u00e9 os governos da S\u00e9rvia e Cro\u00e1cia assumiram o BO da #AdriaTour<br \/>\n(00:21:46) Deu tudo certo no torneio de Charleston &#8211; #CreditOneInvitational<br \/>\n(00:26:09) O T\u00eanis pode aprender li\u00e7\u00f5es dos eEsportes, F\u00f3rmulaE e outras categorias que abra\u00e7aram o digital ?<br \/>\n(00:35:06) A Batalha dos Brit\u00e2nicos &#8211; Murray volta bem<br \/>\n(00:41:50) @LeoButija conta sobre a prepara\u00e7\u00e3o da equipe de T\u00eanis em Cadeira de Rodas em MG<br \/>\n(00:52:00) O #USOpen volta atr\u00e1s e vai, sim, realizar as chaves de T\u00eanis em Cadeira de Rodas.<br \/>\n(00:58:42) Como ficou o circuito mundial Uniqlo e brasileiro de torneios em #TenisCR<br \/>\n(01:06:30) O <a href=\"https:\/\/www.instagram.com\/ocpboficial\/\">Comit\u00ea Paral\u00edmpico Brasileiro<\/a> planeja reabrir o CTPB.<br \/>\n(01:22:57) @EuarianeF e @JeffPaiva resumem a semana dentro e fora das quadras &#8211; e quem \u00e9 o melhor goleiro italiano de todos os tempos?<\/p>\n<p>E voc\u00ea pode contribuir com o podcast e receber recompensas e conte\u00fados exclusivos! Acesse nosso PicPay Assinaturas e seja um apoiador! <a href=\"http:\/\/picpay.me\/bhnaparalela\">picpay.me\/bhnaparalela<\/a><\/p>\n<p><strong style=\"color: #990000;\">Links citados no epis\u00f3dio:<\/strong><br \/>\n&#8211; <a href=\"https:\/\/www.instagram.com\/butijatennis\/\">Instagram Butija T\u00eanis<\/a><br \/>\n&#8211; <a href=\"https:\/\/www.cpb.org.br\/\">Comit\u00ea Paral\u00edmpico Brasileiro<\/a><br \/>\n&#8211; <a href=\"https:\/\/www.discoverybrasil.com\/\">Discovery Brasil (Document\u00e1rio sobre gorilas citado pela Ariane)<\/a><br \/>\n&#8211; <a href=\"https:\/\/www.espn.com.br\/watch\/player\/_\/id\/69a81df8-043a-4b71-8e1b-6d29291d1b43\/bucketId\/35571\">ResenhaESPN &#8211; Gianluca Pagliuca<\/a><br \/>\n&#8211; <a href=\"http:\/\/Instagram.com\/leticiasobraltennis\">Instagram Leticia Sobral &#8211; Dicas de exerc\u00edcios e treinamentos em casa<\/a><br \/>\n&#8211; <a href=\"http:\/\/picpay.me\/bhnaparalela\">Ap\u00f3ie o Backhand na Paralela &#8211; PicPay<\/a><\/p>\n<p><strong style=\"color: #990000;\">Para seguir e comentar nas redes sociais:<\/strong><br \/>\n&#8211; <a href=\"https:\/\/www.facebook.com\/bhnaparalela\/\" target=\"_blank\" rel=\"noopener noreferrer\">Curta a p\u00e1gina do podcast <b>Backhand na Paralela\u00a0<\/b>no Facebook<\/a><br \/>\n&#8211; <a href=\"https:\/\/twitter.com\/bhnaparalela\" target=\"_blank\" rel=\"noopener noreferrer\">Siga o <strong>@bhnaparalela<\/strong>\u00a0no Twitter<\/a><br \/>\n&#8211; <a href=\"https:\/\/twitter.com\/jeffpaiva\" target=\"_blank\" rel=\"noopener noreferrer\">Siga o <strong>@jeffpaiva<\/strong> no Twitter<\/a><br \/>\n&#8211; <a href=\"https:\/\/twitter.com\/euarianef\" target=\"_blank\" rel=\"noopener noreferrer\">Siga a <strong>@euarianef<\/strong>\u00a0no Twitter<\/a><\/p>\n<p><strong style=\"color: #990000;\">Assine o FEED do Backhand na Paralela:<\/strong><br \/>\nPara ouvir o <strong>Backhand na Paralela<\/strong> no seu agregador de podcasts preferido, <a href=\"https:\/\/leolop.es\/bhnaparalela_feed\" target=\"_blank\" rel=\"noopener noreferrer\"><strong>clique aqui e assine o nosso FEED<\/strong><\/a>!<\/p>\n<p><strong style=\"color: #990000;\">Assine o FEED diretamente no Spotify:<br \/>\n<\/strong>Para receber o <strong>BHnP<\/strong> automaticamente no seu <strong style=\"color: #990000;\"><a href=\"http:\/\/bit.ly\/bhnpspotify\">Spotify, clique aqui<\/a><\/strong><\/p>\n<p><strong style=\"color: #990000;\">Assine e avalie nosso podcast no iTunes:<\/strong><br \/>\nSe voc\u00ea usa o<strong> iTunes<\/strong> no seu computador, tablet ou smartphone, <a href=\"https:\/\/itunes.apple.com\/br\/podcast\/backhand-na-paralela\/id1437801203?mt=2\" target=\"_blank\" rel=\"noopener noreferrer\"><strong>assine e avalie nosso podcast clicando aqui<\/strong><\/a>!<\/p>\n<p><span style=\"color: #990000;\"><strong>E-mails:<\/strong><\/span><br \/>\nMande seu feedback pra gente atrav\u00e9s do e-mail <a href=\"mailto:redacao@bhnaparalela.com.br\"><strong>redacao@bhnaparalela.com.br<\/strong><\/a>!<\/p>\n<p><span style=\"color: #990000;\"><strong>Publicidade:<\/strong><\/span><br \/>\n<a href=\"mailto:comercial@bhnaparalela.com.br\"><strong>Entre em contato<\/strong><\/a> e saiba como <em>anunciar sua marca, produto ou servi\u00e7o no <strong>Backhand na Paralela<\/strong><\/em>.<\/p>\n","protected":false},"excerpt":{"rendered":"<p>#SalveGaleraDaBolinhaAmarela, o #USOpen confirma que vai ter chave de #TenisCR #wheelchairtennis em 2020 e n\u00f3s conversamos com @leobutija para saber qual a estrutura por tr\u00e1s de uma chave de torneio para cadeirantes. Tamb\u00e9m tem o rescaldo final do #AdriaTour, o sucesso do torneio feminino de Charleston e a #BattleOfTheBritish, o torneio que viu a volta de Andy Murray. #BoraFalarDeT\u00eanis<\/p>\n<p>(00:00) &#8211; Abertura<br \/>\n(00:03:05) Teaser @metaphoraspod<br \/>\n(00:03:54) Rescaldo #AdriaTour &#8211; Zverev faz caquinha de novo e Nick Kyrgios segue a voz da raz\u00e3o!<br \/>\n(00:11:33) At\u00e9 os governos da S\u00e9rvia e Cro\u00e1cia assumiram o BO da #AdriaTour\u00a0<br \/>\n(00:21:46) Deu tudo certo no torneio de Charleston &#8211; #CreditOneInvitational<br \/>\n(00:26:09) O T\u00eanis pode aprender li\u00e7\u00f5es dos eEsportes, F\u00f3rmulaE e outras categorias que abra\u00e7aram o digital ?<br \/>\n(00:35:06) A Batalha dos Brit\u00e2nicos &#8211; Murray volta bem<br \/>\n(00:41:50) @LeoButija conta sobre a prepara\u00e7\u00e3o da equipe de T\u00eanis em Cadeira de Rodas em MG<br \/>\n(00:52:00) O #USOpen volta atr\u00e1s e vai, sim, realizar as chaves de T\u00eanis em Cadeira de Rodas.<br \/>\n(00:58:42) Como ficou o circuito mundial Uniqlo e brasileiro de torneios em #TenisCR<br \/>\n(01:06:30) O Comit\u00ea Paral\u00edmpico Brasileiro planeja reabrir o CTPB.\u00a0<br \/>\n(01:22:57) @EuarianeF e @JeffPaiva resumem a semana dentro e fora das quadras &#8211; e quem \u00e9 o melhor goleiro italiano de todos os tempos?<\/p>\n","protected":false},"author":9,"featured_media":23412,"comment_status":"open","ping_status":"closed","sticky":false,"template":"","format":"standard","meta":{"footnotes":""},"categories":[1414,13],"tags":[1524,2188,2189,1914,2186,2000,1421,1944,1422,2185,2187,1424,1947],"class_list":["post-23409","post","type-post","status-publish","format-standard","has-post-thumbnail","hentry","category-bhnaparalela","category-podcast","tag-andy-murray","tag-butija-tenis","tag-croacia","tag-djokovic","tag-dylan-alcott","tag-kyrgios","tag-leo-butija","tag-servia","tag-tenis","tag-teniscr","tag-usopen","tag-wheelchair-tennis","tag-zverev"],"_links":{"self":[{"href":"https:\/\/radiofobia.com.br\/podcast\/wp-json\/wp\/v2\/posts\/23409","targetHints":{"allow":["GET"]}}],"collection":[{"href":"https:\/\/radiofobia.com.br\/podcast\/wp-json\/wp\/v2\/posts"}],"about":[{"href":"https:\/\/radiofobia.com.br\/podcast\/wp-json\/wp\/v2\/types\/post"}],"author":[{"embeddable":true,"href":"https:\/\/radiofobia.com.br\/podcast\/wp-json\/wp\/v2\/users\/9"}],"replies":[{"embeddable":true,"href":"https:\/\/radiofobia.com.br\/podcast\/wp-json\/wp\/v2\/comments?post=23409"}],"version-history":[{"count":8,"href":"https:\/\/radiofobia.com.br\/podcast\/wp-json\/wp\/v2\/posts\/23409\/revisions"}],"predecessor-version":[{"id":26972,"href":"https:\/\/radiofobia.com.br\/podcast\/wp-json\/wp\/v2\/posts\/23409\/revisions\/26972"}],"wp:featuredmedia":[{"embeddable":true,"href":"https:\/\/radiofobia.com.br\/podcast\/wp-json\/wp\/v2\/media\/23412"}],"wp:attachment":[{"href":"https:\/\/radiofobia.com.br\/podcast\/wp-json\/wp\/v2\/media?parent=23409"}],"wp:term":[{"taxonomy":"category","embeddable":true,"href":"https:\/\/radiofobia.com.br\/podcast\/wp-json\/wp\/v2\/categories?post=23409"},{"taxonomy":"post_tag","embeddable":true,"href":"https:\/\/radiofobia.com.br\/podcast\/wp-json\/wp\/v2\/tags?post=23409"}],"curies":[{"name":"wp","href":"https:\/\/api.w.org\/{rel}","templated":true}]}}