{"id":23418,"date":"2020-06-30T10:49:03","date_gmt":"2020-06-30T13:49:03","guid":{"rendered":"https:\/\/radiofobia.com.br\/podcast\/?p=23418"},"modified":"2022-05-01T22:24:38","modified_gmt":"2022-05-02T01:24:38","slug":"texto-sentido-025-chove-la-fora","status":"publish","type":"post","link":"https:\/\/radiofobia.com.br\/podcast\/2020\/06\/texto-sentido-025-chove-la-fora\/","title":{"rendered":"TEXTO SENTIDO 025 &#8211; Chove l\u00e1 fora"},"content":{"rendered":"<p><iframe src=\"https:\/\/omny.fm\/shows\/texto-sentido\/texto-sentido-025-chove-l-fora\/embed\" allow=\"autoplay; clipboard-write\" width=\"100%\" height=\"180\" frameborder=\"0\" title=\"TEXTO SENTIDO 025 \u2013 Chove l\u00e1 fora\"><\/iframe><\/p>\n<p>Quando <strong>Fernando Bianchi<\/strong> postou uma fotografia em suas redes sociais, <strong>Ant\u00f4nio Viviani<\/strong> imediatamente se lembrou de um texto que escreveu h\u00e1 alguns anos.<\/p>\n<p>Quando falaram por telefone, surgiu a ideia de se juntar uma s\u00e9rie de fotografias do diretor e excelente fot\u00f3grafo <strong>Fernando Bianchi<\/strong> \u00e0quele texto que falava sobre gotas na janela.<\/p>\n<p>Acrescentou-se a trilha sonora de <strong>Marcelo Gagliotti<\/strong> e estava finalizado o epis\u00f3dio 025 do nosso podcast pra voc\u00ea ouvir, ver e sentir&#8230;<\/p>\n<p>Se voc\u00ea tem algo escrito de sua autoria ou de algu\u00e9m que concorde que seja publicado aqui, envie para o e-mail: <a href=\"mailto:podcasttextosentido@gmail.com\" target=\"_blank\" rel=\"noopener noreferrer\"><strong>podcasttextosentido@gmail.com<\/strong><\/a>.<\/p>\n<p>&nbsp;<\/p>\n<p><em><span style=\"text-decoration: underline;\"><strong>Chove l\u00e1 fora<\/strong><\/span><\/em><\/p>\n<p><strong><em>Chove l\u00e1 fora<\/em><\/strong><br \/>\n<strong><em>A chuva bate na janela<\/em><\/strong><br \/>\n<strong><em>E nela<\/em><\/strong><br \/>\n<strong><em>As gotas escorrem.<\/em><\/strong><\/p>\n<p><strong><em>C\u00e1, dentro da casa,<\/em><\/strong><br \/>\n<strong><em>Meus olhos s\u00e3o janelas<\/em><\/strong><br \/>\n<strong><em>E neles tamb\u00e9m escorrem<\/em><\/strong><br \/>\n<strong><em>Gotas de minh&#8217;alma.<\/em><\/strong><\/p>\n<p><strong><em>L\u00e1 fora s\u00e3o gotas doces<\/em><\/strong><br \/>\n<strong><em>Aqui, salgadas<\/em><\/strong><br \/>\n<strong><em>Fora s\u00e3o muitas<\/em><\/strong><br \/>\n<strong><em>Dentro, nem tantas.<\/em><\/strong><\/p>\n<p><strong><em>Olhos s\u00e3o janelas<\/em><\/strong><br \/>\n<strong><em>Abertos para o todo<\/em><\/strong><br \/>\n<strong><em>Mas se cheios de gotas<\/em><\/strong><br \/>\n<strong><em>N\u00e3o se pode ver atrav\u00e9s.<\/em><\/strong><\/p>\n<p><strong><em>Que a chuva passe<\/em><\/strong><br \/>\n<strong><em>Que as l\u00e1grimas sequem<\/em><\/strong><br \/>\n<strong><em>Que o sol volte<\/em><\/strong><br \/>\n<strong><em>Que eu te veja novamente.<\/em><\/strong><\/p>\n<p><em><strong>A\u2019Viv<\/strong><\/em><\/p>\n","protected":false},"excerpt":{"rendered":"<p>&#8220;Chove l\u00e1 fora&#8221; \u00e9 resultado da fotografia de Fernando Bianchi, m\u00fasica de Marcelo Gagliotti, texto e voz de Ant\u00f4nio Viviani.<\/p>\n","protected":false},"author":2,"featured_media":23420,"comment_status":"open","ping_status":"closed","sticky":false,"template":"","format":"standard","meta":{"footnotes":""},"categories":[13,1971],"tags":[675,607,14,1974,1975,1972,116],"class_list":["post-23418","post","type-post","status-publish","format-standard","has-post-thumbnail","hentry","category-podcast","category-texto_sentido","tag-antonio-viviani","tag-locucao","tag-podcast","tag-poema","tag-poesia","tag-texto-sentido","tag-textos"],"_links":{"self":[{"href":"https:\/\/radiofobia.com.br\/podcast\/wp-json\/wp\/v2\/posts\/23418","targetHints":{"allow":["GET"]}}],"collection":[{"href":"https:\/\/radiofobia.com.br\/podcast\/wp-json\/wp\/v2\/posts"}],"about":[{"href":"https:\/\/radiofobia.com.br\/podcast\/wp-json\/wp\/v2\/types\/post"}],"author":[{"embeddable":true,"href":"https:\/\/radiofobia.com.br\/podcast\/wp-json\/wp\/v2\/users\/2"}],"replies":[{"embeddable":true,"href":"https:\/\/radiofobia.com.br\/podcast\/wp-json\/wp\/v2\/comments?post=23418"}],"version-history":[{"count":2,"href":"https:\/\/radiofobia.com.br\/podcast\/wp-json\/wp\/v2\/posts\/23418\/revisions"}],"predecessor-version":[{"id":27204,"href":"https:\/\/radiofobia.com.br\/podcast\/wp-json\/wp\/v2\/posts\/23418\/revisions\/27204"}],"wp:featuredmedia":[{"embeddable":true,"href":"https:\/\/radiofobia.com.br\/podcast\/wp-json\/wp\/v2\/media\/23420"}],"wp:attachment":[{"href":"https:\/\/radiofobia.com.br\/podcast\/wp-json\/wp\/v2\/media?parent=23418"}],"wp:term":[{"taxonomy":"category","embeddable":true,"href":"https:\/\/radiofobia.com.br\/podcast\/wp-json\/wp\/v2\/categories?post=23418"},{"taxonomy":"post_tag","embeddable":true,"href":"https:\/\/radiofobia.com.br\/podcast\/wp-json\/wp\/v2\/tags?post=23418"}],"curies":[{"name":"wp","href":"https:\/\/api.w.org\/{rel}","templated":true}]}}